{"id":8320,"date":"2019-05-05T14:12:37","date_gmt":"2019-05-05T12:12:37","guid":{"rendered":"http:\/\/jan-jakobsen.dk\/?p=8320"},"modified":"2024-05-05T00:09:10","modified_gmt":"2024-05-04T22:09:10","slug":"uduelige-reformer","status":"publish","type":"post","link":"https:\/\/jan-jakobsen.dk\/?p=8320","title":{"rendered":"Uduelige reformer"},"content":{"rendered":"<div class=\"wp-block-image\">\n<figure class=\"alignleft is-resized\"><img loading=\"lazy\" decoding=\"async\" width=\"620\" height=\"499\" src=\"https:\/\/jan-jakobsen.dk\/https:\/\/jan-jakobsen.dk\/wp-content\/uploads\/2019\/05\/silhouette-3347559-620x499.png\" alt=\"Sort silhuetter af et menneske i frit fald...\" class=\"wp-image-8321\" style=\"width:300px\" srcset=\"https:\/\/jan-jakobsen.dk\/http:\/\/jan-jakobsen.dk\/wp-content\/uploads\/2019\/05\/silhouette-3347559-620x499.png 620w, https:\/\/jan-jakobsen.dk\/http:\/\/jan-jakobsen.dk\/wp-content\/uploads\/2019\/05\/silhouette-3347559-300x241.png 300w, https:\/\/jan-jakobsen.dk\/http:\/\/jan-jakobsen.dk\/wp-content\/uploads\/2019\/05\/silhouette-3347559.png 1920w\" sizes=\"auto, (max-width: 620px) 100vw, 620px\" \/><\/figure>\n<\/div>\n\n\n<p><strong><em>Torsdag 25. april startede forhandlingerne om &#8220;justeringer&#8221; af f\u00f8rtidspensionsreformen og fleksjobreformen. Denne gang h\u00e5ber jeg man kommer noget videre end sm\u00e5justeringer, der blot tjener som endnu et udueligt r\u00f8gsl\u00f8r og kun skal vise s\u00e5kaldt vilje &#8220;til at g\u00f8re noget&#8221; her lige f\u00f8r et valg.<\/em><\/strong><\/p>\n\n\n\n<!--more-->\n\n\n\n<p>Det kan ikke v\u00e6re ukendt for parterne bag aftalen, at unge med handicap efterlades i et h\u00e5bl\u00f8st vacuum af lave ydelser, fordi kommunerne sender dem i den ene praktik efter den anden&#8230; ofte med \u00e5r imellem. De unge fratages deres ungdom og bindes hjemme hos for\u00e6ldre, fordi ydelserne simpelthen er for sm\u00e5 til at de kan skabe sig et eget liv. Snak s\u00e5 meget I vil, politikere. Det er og bliver uv\u00e6rdigt.<\/p>\n\n\n\n<p>Man taler bl.a. fra Venstre om, at opsvinget skal bruges til at f\u00e5 flere med handicap ind p\u00e5 arbejdsmarkedet. En l\u00f8sning man skal passe p\u00e5 med, da sidst ind p\u00e5 arbejdsmarkedet alt for tit ogs\u00e5 betyder f\u00f8rst ud. En stor del af gruppen, der har brug for jobs p\u00e5 s\u00e6rlige vilk\u00e5r, er yderst s\u00e5rbare og kan ikke t\u00e5le at ryge ind og ud p\u00e5 et yderst vekslende marked.<\/p>\n\n\n\n<p>Der er brug for s\u00e6rlige og langt mere stabile vilk\u00e5r. Derfor b\u00f8r vi se langt mere p\u00e5 l\u00f8sninger som social\u00f8konomiske virksomheder, der b\u00e5de kan give udfordringer og stabilitet for mennesker med handicap i arbejdslivet. Alt andet er kynisme.<\/p>\n\n\n\n<p>Man taler ogs\u00e5 om at udvikle arbejdsevnen gennem fleksjob. En del af problematikken er dog, at en del af os med progredierende sygdomme ikke bliver mindre handicappede med tiden, men mere. Vi er ikke et flertal, men vi er alligevel mange &#8211; og problemet bliver overset af stort set alle.<\/p>\n\n\n\n<p>I forl\u00e6ngelse af det, er der desv\u00e6rre grupper, hvor man betvivler, at de er berettiget til pension. Det g\u00e6lder umiddelbart set is\u00e6r grupper, hvor et handicap er sv\u00e6rere at se end hos os med tydelige fysiske handicaps. Men det forekommer, at mennesker med latterlig lille arbejdsevne (ogs\u00e5 med alvorlige, varige fysiske handicaps) tvinges gennem hele m\u00f8llen med ressourceforl\u00f8b eller i fleksjob uden noget valg &#8211; uanset om et handicap er synligt eller ej. Det rammer godt ind i de nuv\u00e6rende diskussioner om tillid til borgerne contra udpr\u00e6get kommunal \u00f8konomit\u00e6nkning.<\/p>\n\n\n\n<p>Jeg kunne ikke dr\u00f8mme om at forbyde nogen at arbejde, n\u00e5r de gerne selv vil. Det kan give indhold i tilv\u00e6relsen, n\u00e5r man selv gerne vil og mener, at man har ressourcer at byde ind med. Omvendt er det ikke en situation, jeg mener, nogen skal tvinges ud i. Det er ogs\u00e5 derfor, vi i Muskelsvindfonden bakker op om&nbsp;<a href=\"https:\/\/www.facebook.com\/hashtag\/v%C3%A6rdigreform?source=feed_text&amp;epa=HASHTAG\" target=\"_blank\" rel=\"noreferrer noopener\">#V\u00e6rdigReform<\/a>. Her arbejder man med retskrav om selv at kunne v\u00e6lge ved arbejdsevne p\u00e5 7 timer og derunder. Det er et mere rimeligt udgangspunkt.<\/p>\n\n\n\n<p>Til sidst en personlig oplevelse med fleksjob. Jeg har selv v\u00e6ret i fleksjob siden 2002. F\u00f8r den tid fik jeg pension og var p\u00e5 den baggrund i stand til at f\u00e5 en uddannelse, som jeg, selv om det tog en del \u00e5r, var i stand til at bruge og samtidig opbygge et livsgrundlag for egen virksomhed.<\/p>\n\n\n\n<p>Da jeg kom i fleksjob, fik jeg ikke det overd\u00e5dige bel\u00f8b i nakken, som Mette Frederiksen, der fik lov til at gennemf\u00f8re Venstres planer om en reform, senere p\u00e5stod. Hun gav selv reformen et ekstra kreativt twist med p\u00e5standen om at fleksjob var alt for lukrativt.<\/p>\n\n\n\n<p>Da jeg i 2013 p\u00e5 grund af l\u00e6ngerevarende sygdom gik fra gammel fleksjobordning til ny, gik jeg mellem 30-40% ned i l\u00f8n med besked om, at der jo var en gulerod i, at hvis jeg arbejdede mere, ville jeg ogs\u00e5 tjene mere. Alt imens min arbejdsevne faldt mere og mere. Det var b\u00e5de en l\u00f8nnedgang og en meget bitter gulerod, som jeg ikke kan forestille mig, at andre p\u00e5 arbejdsmarkedet ville sluge. Det er mennesker med handicap n\u00f8dt til. <\/p>\n\n\n\n<p>Alene dette faktum &#8211; og at unge med handicap alt for tit lades i stikken i helt urimeligt fastl\u00e5ste situationer &#8211; er med til at skabe en helt s\u00e6rlig ulighed.<\/p>\n\n\n\n<p>Sp\u00f8rgsm\u00e5let er nu til forligspartierne: endnu en gang r\u00f8gsl\u00f8r eller klatten p\u00e5 bordet? Det ville gl\u00e6de mig, om man for en gangs skyld viste mod og evne til at tage problemerne op og finde stabile l\u00f8sninger, der ogs\u00e5 viser respekt for mennesker med handicap.<\/p>\n\n\n\n<p>L\u00e6s selv artiklen som 3F har skrevet  i forbindelse med forhandlingernes start. Udgangspunktet er forligspartiernes egne udtalelser. Det giver sin tvivl om l\u00f8digheden.<\/p>\n\n\n\n<p><a href=\"https:\/\/fagbladet3f.dk\/artikel\/det-vil-partierne-have-aendret?fbclid=IwAR10yN3Qpl3EDNyL6TeX-Nk40PPziZB3zJP31wG_oPN728QOSJoc6klVThU\" target=\"_blank\" rel=\"noreferrer noopener\" aria-label=\" (\u00e5bner i en ny fane)\">Link til artikel i 3F-bladet<\/a><\/p>\n","protected":false},"excerpt":{"rendered":"<p>Torsdag 25. april startede forhandlingerne om &#8220;justeringer&#8221; af f\u00f8rtidspensionsreformen og fleksjobreformen. Denne gang h\u00e5ber jeg man kommer noget videre end sm\u00e5justeringer, der blot tjener som endnu et udueligt r\u00f8gsl\u00f8r og kun skal vise s\u00e5kaldt vilje &#8220;til at g\u00f8re noget&#8221; her &hellip; <a href=\"https:\/\/jan-jakobsen.dk\/?p=8320\">L\u00e6s resten <span class=\"meta-nav\">&rarr;<\/span><\/a><\/p>\n","protected":false},"author":3,"featured_media":0,"comment_status":"open","ping_status":"open","sticky":false,"template":"","format":"standard","meta":{"footnotes":""},"categories":[4,1],"tags":[861,162,177,218,864,862,21,863],"class_list":["post-8320","post","type-post","status-publish","format-standard","hentry","category-blog","category-uncategorized","tag-vaerdigreform","tag-arbejdsevne","tag-fleksjob","tag-fortidspension","tag-gulerod","tag-jobs-saerlige-vilkaar","tag-mette-frederiksen","tag-progredierende-sygdom"],"_links":{"self":[{"href":"https:\/\/jan-jakobsen.dk\/index.php?rest_route=\/wp\/v2\/posts\/8320","targetHints":{"allow":["GET"]}}],"collection":[{"href":"https:\/\/jan-jakobsen.dk\/index.php?rest_route=\/wp\/v2\/posts"}],"about":[{"href":"https:\/\/jan-jakobsen.dk\/index.php?rest_route=\/wp\/v2\/types\/post"}],"author":[{"embeddable":true,"href":"https:\/\/jan-jakobsen.dk\/index.php?rest_route=\/wp\/v2\/users\/3"}],"replies":[{"embeddable":true,"href":"https:\/\/jan-jakobsen.dk\/index.php?rest_route=%2Fwp%2Fv2%2Fcomments&post=8320"}],"version-history":[{"count":3,"href":"https:\/\/jan-jakobsen.dk\/index.php?rest_route=\/wp\/v2\/posts\/8320\/revisions"}],"predecessor-version":[{"id":60285,"href":"https:\/\/jan-jakobsen.dk\/index.php?rest_route=\/wp\/v2\/posts\/8320\/revisions\/60285"}],"wp:attachment":[{"href":"https:\/\/jan-jakobsen.dk\/index.php?rest_route=%2Fwp%2Fv2%2Fmedia&parent=8320"}],"wp:term":[{"taxonomy":"category","embeddable":true,"href":"https:\/\/jan-jakobsen.dk\/index.php?rest_route=%2Fwp%2Fv2%2Fcategories&post=8320"},{"taxonomy":"post_tag","embeddable":true,"href":"https:\/\/jan-jakobsen.dk\/index.php?rest_route=%2Fwp%2Fv2%2Ftags&post=8320"}],"curies":[{"name":"wp","href":"https:\/\/api.w.org\/{rel}","templated":true}]}}