{"id":8232,"date":"2019-04-18T07:45:59","date_gmt":"2019-04-18T05:45:59","guid":{"rendered":"http:\/\/jan-jakobsen.dk\/?p=8232"},"modified":"2024-05-05T00:11:56","modified_gmt":"2024-05-04T22:11:56","slug":"selv-om-man-taber-et-slag-har-man-ikke-tabt-krigen","status":"publish","type":"post","link":"https:\/\/jan-jakobsen.dk\/?p=8232","title":{"rendered":"\u00bbSelv om man taber et slag, har man ikke tabt krigen\u00ab"},"content":{"rendered":"<div class=\"wp-block-image\">\n<figure class=\"alignleft is-resized\"><img loading=\"lazy\" decoding=\"async\" width=\"620\" height=\"413\" src=\"https:\/\/jan-jakobsen.dk\/https:\/\/jan-jakobsen.dk\/wp-content\/uploads\/2019\/04\/1846400_L-620x413.jpg\" alt=\"Et foto af to skakbrikker, hvor hvid konge er tumlet omkuld og sat ud af spillet.\" class=\"wp-image-8233\" style=\"width:300px\" srcset=\"https:\/\/jan-jakobsen.dk\/http:\/\/jan-jakobsen.dk\/wp-content\/uploads\/2019\/04\/1846400_L-620x413.jpg 620w, https:\/\/jan-jakobsen.dk\/http:\/\/jan-jakobsen.dk\/wp-content\/uploads\/2019\/04\/1846400_L-300x200.jpg 300w, https:\/\/jan-jakobsen.dk\/http:\/\/jan-jakobsen.dk\/wp-content\/uploads\/2019\/04\/1846400_L.jpg 1920w\" sizes=\"auto, (max-width: 620px) 100vw, 620px\" \/><\/figure>\n<\/div>\n\n\n<p>Vi m\u00e5 ikke lade os s\u00e6tte skakmat og uden for d\u00f8ren i handicapbev\u00e6gelsen. Derfor m\u00e5 vi udvikle egen rummelighed og v\u00e6re i stand til at indg\u00e5 i nye alliancer og former for aktivisme.<\/p>\n\n\n\n<p>Overskriften er et citat af den preussiske general og milit\u00e6rteoretiker Carl von Clausewitz.<\/p>\n\n\n\n<!--more-->\n\n\n\n<p>Det g\u00e6lder ikke kun i krig, men i s\u00e6rdeleshed ogs\u00e5 i handicappolitik. Og det er v\u00e6rd at holde sig for \u00f8je, hver gang vi i handicapbev\u00e6gelsen st\u00e5r over for noget, vi umiddelbart oplever som et nederlag eller mangel p\u00e5 resultater.<\/p>\n\n\n\n<p>Det sker ikke sj\u00e6ldent i \u00f8jeblikket. Ikke mindst med tanke p\u00e5 den atomisering og skyttegravskrig, der sker med sociale sager i kommunerne i \u00f8jeblikket. Det lader mange familier i stikken i fortvivlende situationer, der mere handler om \u00f8konomiske prioriteringer og mangel p\u00e5 retssikkerhed end om sagligt begrundede afslag p\u00e5 ydelser, der ikke ses som relevante i situationen.<\/p>\n\n\n\n<p>Nu er det ikke s\u00e5dan, at vi skal opleve eller fremstille alt som krig med fronter,&nbsp; skyttegrave og andre uhyggelige ting. Omvendt kan det heller ikke nytte, at vi er eftergivende og lader os patronisere, hver gang vi oplever nederlag og brud p\u00e5 retssikkerheden i kommunerne.<\/p>\n\n\n\n<p>Vil vi opn\u00e5 noget, er vi n\u00f8dt til at st\u00e5 fast p\u00e5, at vi som handicapbev\u00e6gelse repr\u00e6senterer v\u00e6sentlige interesser for mennesker med handicap.&nbsp; Det er en rolle vi hele tiden m\u00e5 v\u00e6re bevidst om &#8211; og heller aldrig lade vores omgivelser v\u00e6re i tvivl om, at vi st\u00e5r for.<\/p>\n\n\n\n<p>Nu kan det v\u00e6re temmeligt dumt at blive med med at hamre p\u00e5 en mur, som erfaringsm\u00e6ssigt er st\u00e6rkere end b\u00e5de vores kranier og vores kr\u00e6fter.<\/p>\n\n\n\n<p>Det er ikke klogt at vi graver os ned i de ber\u00f8mte skyttegrave og blive liggende d\u00e9r, til vi r\u00e5dner op uden at v\u00e6re kommet en smule n\u00e6rmere vores m\u00e5l. Men det er heller ikke klogt at give op, dukke hovedet, sige undskyld og derefter danse rundt efter magthavernes pibe.<\/p>\n\n\n\n<p>Der er heldigvis andre muligheder: at spejde rundt i landskabet efter andre og nye veje til sejre. Der er for handicapbev\u00e6gelsen i \u00f8jeblikket en lang r\u00e6kke nye muligheder, hvis vi blot kan se dem &#8211; og t\u00f8r bruge dem.<\/p>\n\n\n\n<p>Et par eksempler er de for\u00e6ldregrupper til b\u00f8rn med handicap, der begynder at skyde op. Eller de initiativer,&nbsp; som for\u00e6ldre til b\u00f8rn og unge med muskelsvind, der n\u00e6gtes adgang til medicinsk behandling, har taget. Ofte i fortvivlelse og afmagt med de oplevelser, de st\u00f8der p\u00e5.<\/p>\n\n\n\n<p>Vi er i handicapbev\u00e6gelsen ikke gode til at opfange, gribe og samarbejde med de bev\u00e6gelser, det resulterer i. Det vil f\u00f8re for vidt her at komme ind p\u00e5 \u00e5rsagerne, da de er mange, meget forskellige og kr\u00e6ver en selvst\u00e6ndig analyse.<\/p>\n\n\n\n<p>Her er det&nbsp; dog ogs\u00e5 nok at konstatere, at det er tilf\u00e6ldet, for pointen er i virkeligheden, at vi forpasser egne m\u00e5l, n\u00e5r vi ikke form\u00e5r at underst\u00f8tte grupper, der b\u00e5de faktuelt og potentielt har afs\u00e6t i den samme handicapbev\u00e6gelse, vi ser os selv som. Vi er ganske enkelt n\u00f8dt til att udvikle vores v\u00e6rkt\u00f8jskasse, hvis vi fortsat vil have indflydelse p\u00e5 fremtiden.<\/p>\n\n\n\n<p>Vi ikke blot svigter medlemmerne, men vi undergraver ogs\u00e5 vores egen rolle som handicapbev\u00e6gelse, hvis vi ikke er i stand til at opfange og forst\u00e5 nye organisationsformer, og m\u00e5der at agere p\u00e5, der ofte bygger p\u00e5 flygtige og mere aktivististiske indsatser.<\/p>\n\n\n\n<p>Jeg har selv bl.a. v\u00e6ret med til at starte gruppen &#8220;Ikke D\u00f8d Endnu&#8221;, der er en mindre gruppe af mennesker med handicap,&nbsp; der afviser eutanasi eller assisteret selvmord som en fast del af &nbsp;\u201dbehandlingsudbuddet\u201d i Danmark og vil g\u00f8re op med forestillingen om, at det v\u00e6rdige liv n\u00f8dvendigvis foruds\u00e6tter arbejdsevne og fysisk uafh\u00e6ngighed af hj\u00e6lp.<\/p>\n\n\n\n<p>&#8220;Ikke D\u00f8d Endnu&#8221; har aldrig v\u00e6ret t\u00e6nkt som en forening, man kan blive medlem af. Alligevel har gruppens nuv\u00e6rende aktivister stadig stor indflydelse p\u00e5 debatten og form\u00e5r at komme til orde, n\u00e5r diskussionen om aktiv d\u00f8dshj\u00e6lp med j\u00e6vne mellemrum blusser op.<\/p>\n\n\n\n<p>En af grundene ligger helt klart i s\u00e5danne gruppers mere spontane evne til at agere hurtigt, tr\u00e6fsikkert og med langt st\u00f8rre effektivitet end gumpetunge organisationer, der ofte er l\u00e6nge om at komme p\u00e5 banen og derfor st\u00e5r uden klare svar og handlinger, n\u00e5r situationer opst\u00e5r og debatter pludseligt ruller.<\/p>\n\n\n\n<p>Antallet af slag, der kan vindes, stiger ved denne form for aktivisme, der er effektiv, hvis man har et velfunderet og klart defineret grundlag at arbejde ud fra. Den ses ikke kun i &#8220;Ikke D\u00f8d Endnu&#8221;, men dukker op i mange&nbsp; forskellige sammenh\u00e6nge og former, der nogen gange er i stand til at skabe opm\u00e6rksomhed og genklang. Andre gange kanaliserer de en vrede, der ikke bliver omsat til aktiv handling.<\/p>\n\n\n\n<p>Den aktivisme, der konstruktivt er i stand til at v\u00e6re debatskabende og stille sp\u00f8rgsm\u00e5lstegn ved konkurrencestatens stadigt mere ensidige  fokus p\u00e5 grupper, der set i en produktionsfremmende sammenh\u00e6ng er interessante, vil i fremtiden f\u00e5 st\u00f8rre betydning.<\/p>\n\n\n\n<p>Aktivisme vil kunne s\u00e6tte et stadig mere n\u00f8dvendigt fokus p\u00e5 det pres, der bliver p\u00e5 os, der bliver stadig mindre interessante og f\u00e5r mindre opm\u00e6rksomhed i takt med at tanken&nbsp; om velf\u00e6rdsstaten og et solidarisk f\u00e6llesskab som konsekvens af konkurrencestaten g\u00e5r i opl\u00f8sning.<\/p>\n\n\n\n<p>Det b\u00f8r give stof til eftertanke og gerne vinde genklang i den handicapbev\u00e6gelse, der fortsat vil varetage vores intereser og stadig have indflydelse. Det g\u00e6lder ikke mindst i grundorganisationerne inden for handicapbev\u00e6gelsen som f.eks. Muskelsvindfonden, hvor jeg selv h\u00f8rer til.<\/p>\n\n\n\n<p>Her er vi, fordi vi er t\u00e6t p\u00e5 konkrete problemstillinger, som f.eks. medicinsk behandling, n\u00f8dt til ikke alene at underst\u00f8tte, men ogs\u00e5 at udvikle og afpr\u00f8ve nye former for handling til vores v\u00e6rkt\u00f8jskasse. Med humor, evne til at spidde og til at skabe bredere debat og forst\u00e5else, m\u00e5 vi p\u00e5vise de groteske situationer et stadigt mere tydeligt frav\u00e6r af social og solidarisk t\u00e6nkning p\u00e5f\u00f8rer ikke kun os, men samfundet som helhed.<\/p>\n\n\n\n<p>Det&nbsp; samme g\u00e6lder ogs\u00e5&nbsp;i nogen grad vores f\u00e6lles paraplyorganisation Danske Handicaporganisationer, der dog med en mere overordnet og bred tilgang kommer knapt s\u00e5 t\u00e6t p\u00e5 de problemstillinger, som vi til dagligt har fingrene nede i og k\u00e6mper med i de enkelte grundorganisationer.<\/p>\n\n\n\n<p>Det bliver stadig mere tydeligt, at vores overlevelse er betinget af evnen til at omfatte nye aktionsformer og m\u00e5der at visualisere og g\u00f8re problematikker forst\u00e5elige. Det er ikke&nbsp; en kamp mod \u00bbde andre\u00ab, men et sp\u00f8rgsm\u00e5l om udviklingen af vores egne evner til st\u00f8rre rummelighed. Det er ganske enkelt en n\u00f8dvendighed for at vinde flere slag og undg\u00e5 at blive sat skakmat.<\/p>\n","protected":false},"excerpt":{"rendered":"<p>Vi m\u00e5 ikke lade os s\u00e6tte skakmat og uden for d\u00f8ren i handicapbev\u00e6gelsen. Derfor m\u00e5 vi udvikle egen rummelighed og v\u00e6re i stand til at indg\u00e5 i nye alliancer og former for aktivisme. Overskriften er et citat af den preussiske &hellip; <a href=\"https:\/\/jan-jakobsen.dk\/?p=8232\">L\u00e6s resten <span class=\"meta-nav\">&rarr;<\/span><\/a><\/p>\n","protected":false},"author":3,"featured_media":0,"comment_status":"open","ping_status":"open","sticky":false,"template":"","format":"standard","meta":{"footnotes":""},"categories":[4,3,1],"tags":[607,456,855,690,853,412,854],"class_list":["post-8232","post","type-post","status-publish","format-standard","hentry","category-blog","category-handicapdebat","category-uncategorized","tag-aktiv-doedshjaelp","tag-aktivisme","tag-bevaegelser","tag-ikke-doed-endnu","tag-medicinsk-behandliing","tag-muskelsvindfonden","tag-samarbejde"],"_links":{"self":[{"href":"https:\/\/jan-jakobsen.dk\/index.php?rest_route=\/wp\/v2\/posts\/8232","targetHints":{"allow":["GET"]}}],"collection":[{"href":"https:\/\/jan-jakobsen.dk\/index.php?rest_route=\/wp\/v2\/posts"}],"about":[{"href":"https:\/\/jan-jakobsen.dk\/index.php?rest_route=\/wp\/v2\/types\/post"}],"author":[{"embeddable":true,"href":"https:\/\/jan-jakobsen.dk\/index.php?rest_route=\/wp\/v2\/users\/3"}],"replies":[{"embeddable":true,"href":"https:\/\/jan-jakobsen.dk\/index.php?rest_route=%2Fwp%2Fv2%2Fcomments&post=8232"}],"version-history":[{"count":7,"href":"https:\/\/jan-jakobsen.dk\/index.php?rest_route=\/wp\/v2\/posts\/8232\/revisions"}],"predecessor-version":[{"id":60288,"href":"https:\/\/jan-jakobsen.dk\/index.php?rest_route=\/wp\/v2\/posts\/8232\/revisions\/60288"}],"wp:attachment":[{"href":"https:\/\/jan-jakobsen.dk\/index.php?rest_route=%2Fwp%2Fv2%2Fmedia&parent=8232"}],"wp:term":[{"taxonomy":"category","embeddable":true,"href":"https:\/\/jan-jakobsen.dk\/index.php?rest_route=%2Fwp%2Fv2%2Fcategories&post=8232"},{"taxonomy":"post_tag","embeddable":true,"href":"https:\/\/jan-jakobsen.dk\/index.php?rest_route=%2Fwp%2Fv2%2Ftags&post=8232"}],"curies":[{"name":"wp","href":"https:\/\/api.w.org\/{rel}","templated":true}]}}