{"id":8169,"date":"2019-01-06T11:04:53","date_gmt":"2019-01-06T10:04:53","guid":{"rendered":"http:\/\/jan-jakobsen.dk\/?p=8169"},"modified":"2024-05-05T00:15:52","modified_gmt":"2024-05-04T22:15:52","slug":"loekkens-aar-eller-nytaarssniksnak","status":"publish","type":"post","link":"https:\/\/jan-jakobsen.dk\/?p=8169","title":{"rendered":"L\u00f8kkens \u00e5r&#8230;? eller nyt\u00e5rssniksnak?"},"content":{"rendered":"<div class=\"wp-block-image\">\n<figure class=\"alignleft is-resized\"><img loading=\"lazy\" decoding=\"async\" width=\"300\" height=\"225\" src=\"https:\/\/jan-jakobsen.dk\/https:\/\/jan-jakobsen.dk\/wp-content\/uploads\/2019\/01\/L\u00f8kkens-\u00e5r-300x225.jpg\" alt=\"\" class=\"wp-image-8222\" style=\"width:300px\" srcset=\"https:\/\/jan-jakobsen.dk\/http:\/\/jan-jakobsen.dk\/wp-content\/uploads\/2019\/01\/L\u00f8kkens-\u00e5r-300x225.jpg 300w, https:\/\/jan-jakobsen.dk\/http:\/\/jan-jakobsen.dk\/wp-content\/uploads\/2019\/01\/L\u00f8kkens-\u00e5r-620x466.jpg 620w\" sizes=\"auto, (max-width: 300px) 100vw, 300px\" \/><\/figure>\n<\/div>\n\n\n<p>Man skulle tro, at det er lykkedes heftige spindoktorer at f\u00e5 statsministeren til at tro, at 2019 er L\u00f8kkens \u00e5r. Engageret, overskudsagtig og velinstrueret med fingeren i bordet p\u00e5 sine steder &#8211; og uskyldens p\u00e5 sine &#8211; ledte eller forledte han os igennem hele 17 minutter uden at servere ret meget andet end at &#8220;det er de andres skyld&#8221;.<\/p>\n\n\n\n<!--more-->\n\n\n\n<p>Og t\u00e6t p\u00e5 at stikke hovedet i l\u00f8kken var han da ogs\u00e5 adskillige gange med skiftevis s\u00f8dmefulde barndomserindringer, velinstruerede bekymringer for enkeltpersoner (her var han n\u00e6rmest ved at folde h\u00e6nderne og havde da gjort det i begejstring over eget talent, hvis ikke han var stoppet af mere n\u00f8gterne r\u00e5dgivere under pr\u00f8verne) og s\u00e5 snak om alle dem uden om os, der mangler det nationale udsyn, den pli og den anst\u00e6ndighed, som statsministeren selv &#8211; naturligvis uden selvros &#8211; synes, at at han besidder.<\/p>\n\n\n\n<p>Og nogen valgtale var det jo ikke, som han med det st\u00f8rste teatersmil udt\u00e6nkt i en k\u00f8lig kultur som vores, bedyrede s\u00e5 mange gange undervejs i talen, at det virkede b\u00e5de p\u00e5faldende og som hentet fra et begynderkursus i hypnose eller massesuggestion. Et statement n\u00f8dvendiggjort af den helt uhyggelige kulde og mangel p\u00e5 empati, han ellers var i stand til at udstr\u00e5le.<\/p>\n\n\n\n<p>For L\u00f8kke-Lars var jo med hele sin tale p\u00e5 strandhugst i kampen om at vinde det valg, som kommer i f\u00f8rste halvdel af \u00e5ret &#8211; og som talen netop derfor slet ikke handlede om &#8211; if\u00f8lge statsministeren selv. I den situation nytter det ikke med forvirrende humanisme. Den st\u00e5lsattes finger m\u00e5 hellere en ekstra gang i bordet.<\/p>\n\n\n\n<p>Strandhugst hos Dansk Folkeparti. Strandhugst hos Socialdemokratiet &#8211; her mest som en konsekvens af, at de ogs\u00e5 pr\u00f8ver at overhale Dansk Folkeparti inden om p\u00e5 en stram dehumaniseringsdagsorden i et spil der indsn\u00e6vrer \u00f8vrige dagsordener. Det er i den situation n\u00f8dvendigt at kunne matche b\u00e5de Dansk Folkeparti og Mette Frederiksen og bevare k\u00f8ligt overblik og kunne appellere til sund fornuft.<\/p>\n\n\n\n<p>Dehumaniseringen f\u00e5r et helt centralt fokus, selv om de rigtige ord som \u00f8nsket om fred, h\u00e5bet om demokrati, menneskerettigheder og viljen til samarbejde naturligvis fik deres eget lille omr\u00e5de i talen. Hvem mist\u00e6nker dog nogen for ikke at ville overholde Menneskerettigheder, n\u00e5r man selv itales\u00e6tter dem?<\/p>\n\n\n\n<p>Klima og milj\u00f8 var hentet med ind i talen. Det bekymrer danskerne&#8230; s\u00e5 b\u00e5de med god grund og yderst relevant. Intet som helst galt i det. Men det var jo ikke hele vejen rundt, at det lykkedes at f\u00e5 relevante dagsordener ind i talen, selv om det betyder noget for mange af os. For i mere end 17 minutter med en manisk dagsorden (stadig&nbsp; &#8216;det er de andres skyld&#8217;), der skulle sikre, at penible emner som hvidvask og skatteunddragelse ikke blev italesat.<\/p>\n\n\n\n<p>I stedet blev dagsordenen Ibrahim (ham fra gymnasieklassen), Trump (ham med muren&#8230; alts\u00e5 den nye og uden refleksioner over \u00f8de \u00f8er i den sammenh\u00e6ng), Putin og alle de andre hevet frem og noteret som bagsiden af den medalje, statsministeren fra start bebudede, at han ville gribe om roden p\u00e5&#8230; man er vel moderne, st\u00e5lsat og handlingsorienteret. Eller som han ellers selv sagde det: &#8220;Jeg vil ikke kun pudse medaljens forside. Jeg vil ogs\u00e5 se bagsiden. S\u00e5dan er verden. Ikke kun blank og glat.&#8221;<\/p>\n\n\n\n<p>Det l\u00f8d jo b\u00e5de godt og sp\u00e6ndende, og gav en vis forh\u00e5bning om, at der kom bare lidt om de virkelige sp\u00e6ndinger i Danmark. Men nej, det holdt sig straight til syndebukketeorien i velkendte versioner og manede til kamp mod projektionen parallelsamfund. Vel at m\u00e6rke ikke parallelsamfundene p\u00e5 Strandvejen, hvor fordomsfulde personer som jeg selv gerne kaster en mistanke ind om, at skatteunddragelse og finansgr\u00e5dighed trives ganske glimrende.<\/p>\n\n\n\n<p>Og L\u00f8kke-Lars k\u00e6mpede faktisk bravt for at undg\u00e5 de to magiske ord \u201cskatteunddragelse og finansgr\u00e5dighed&#8221; som jo faktisk ogs\u00e5 optager os her til lands. Manien blev fors\u00f8gt&nbsp; gjort magisk og statsministeren h\u00e5bede naturligvis at den kunne tryllebinde, s\u00e5 ingen bem\u00e6rkede, hvordan han undgik de grimme ord, det var s\u00e5 magtp\u00e5liggende ikke at f\u00e5 med. Det er jo heller ikke s\u00e5dan at sp\u00f8ge med. Slet ikke hvis man har en mistanke om, hvor stemmer kan hentes, hvis man opf\u00f8rer sig \u00e5bent og sobert.<\/p>\n\n\n\n<p>Anledningen var ellers s\u00e5 rigeligt til stede med bem\u00e6rkninger som &#8220;vil vi bevare Danmark som et frit land, m\u00e5 vi klart sige fra over for dem, der vil begr\u00e6nse andres frihed. Vi m\u00e5 tage fat om problemernes rod&#8221; eller &#8220;Et \u00e6gte f\u00e6llesskab har ogs\u00e5 gr\u00e6nser&#8221;. Begge kun glimrende v\u00e6re brugt til at beskrive b\u00e5de skatteunddragelse og finansgr\u00e5dighed. Men det er alts\u00e5 ikke i forhold til det, at hverken friheden eller f\u00e6llesskabet skal afgr\u00e6nses.<\/p>\n\n\n\n<p>Tilbage st\u00e5r, at vi skal huske p\u00e5 L\u00f8kke-Lars&#8217; manende afslutning om, at fremtiden bliver endnu bedre. Ikke mindst, hvis vi f\u00f8lger hans gode r\u00e5d om, at s\u00e5 l\u00e6nge vi taler \u00e5bent om vores bekymringer og sobert om problemerne, er alt godt. D\u00e9r viste L\u00f8kke-Lars sit virkelige vid som statsmand. Og s\u00e5 tror jeg den kan parkeres der med bem\u00e6rkningen: gad vide om det g\u00f8r det til L\u00f8kkens \u00e5r eller vores \u00e5r?<br><\/p>\n\n\n\n<p><\/p>\n","protected":false},"excerpt":{"rendered":"<p>En let og partisk causeren over en statsministers nyt\u00e5rstale om en valgtale, som det slet ikke var &#8211; eller ihvertfald ikke skulle have v\u00e6ret.<br \/>\nDet kan ikke udelukkes at indl\u00e6gget indeholder en god portion ironi, hvilket naturligvis udg\u00f8r en risiko for at blive misforst\u00e5et. <a href=\"https:\/\/jan-jakobsen.dk\/?p=8169\">L\u00e6s resten <span class=\"meta-nav\">&rarr;<\/span><\/a><\/p>\n","protected":false},"author":3,"featured_media":0,"comment_status":"open","ping_status":"open","sticky":false,"template":"","format":"standard","meta":{"footnotes":""},"categories":[4,1],"tags":[161,847,843,812,848,844,842,846],"class_list":["post-8169","post","type-post","status-publish","format-standard","hentry","category-blog","category-uncategorized","tag-anstaendighed","tag-dehumanisering","tag-finansgraadighed","tag-lars-loekke-rasmussen","tag-menneskerettigheder","tag-nytaarstale","tag-skatteunddragelse","tag-udsyn"],"_links":{"self":[{"href":"https:\/\/jan-jakobsen.dk\/index.php?rest_route=\/wp\/v2\/posts\/8169","targetHints":{"allow":["GET"]}}],"collection":[{"href":"https:\/\/jan-jakobsen.dk\/index.php?rest_route=\/wp\/v2\/posts"}],"about":[{"href":"https:\/\/jan-jakobsen.dk\/index.php?rest_route=\/wp\/v2\/types\/post"}],"author":[{"embeddable":true,"href":"https:\/\/jan-jakobsen.dk\/index.php?rest_route=\/wp\/v2\/users\/3"}],"replies":[{"embeddable":true,"href":"https:\/\/jan-jakobsen.dk\/index.php?rest_route=%2Fwp%2Fv2%2Fcomments&post=8169"}],"version-history":[{"count":19,"href":"https:\/\/jan-jakobsen.dk\/index.php?rest_route=\/wp\/v2\/posts\/8169\/revisions"}],"predecessor-version":[{"id":60291,"href":"https:\/\/jan-jakobsen.dk\/index.php?rest_route=\/wp\/v2\/posts\/8169\/revisions\/60291"}],"wp:attachment":[{"href":"https:\/\/jan-jakobsen.dk\/index.php?rest_route=%2Fwp%2Fv2%2Fmedia&parent=8169"}],"wp:term":[{"taxonomy":"category","embeddable":true,"href":"https:\/\/jan-jakobsen.dk\/index.php?rest_route=%2Fwp%2Fv2%2Fcategories&post=8169"},{"taxonomy":"post_tag","embeddable":true,"href":"https:\/\/jan-jakobsen.dk\/index.php?rest_route=%2Fwp%2Fv2%2Ftags&post=8169"}],"curies":[{"name":"wp","href":"https:\/\/api.w.org\/{rel}","templated":true}]}}