{"id":7870,"date":"2018-12-02T08:00:28","date_gmt":"2018-12-02T07:00:28","guid":{"rendered":"http:\/\/jan-jakobsen.dk\/?p=7870"},"modified":"2024-05-05T00:22:13","modified_gmt":"2024-05-04T22:22:13","slug":"med-udsigt-til-storebaelt-og-sprogoe","status":"publish","type":"post","link":"https:\/\/jan-jakobsen.dk\/?p=7870","title":{"rendered":"Med udsigt til Storeb\u00e6lt &#8211; og Sprog\u00f8"},"content":{"rendered":"<div class=\"wp-block-image\">\n<figure class=\"alignleft is-resized\"><a href=\"https:\/\/jan-jakobsen.dk\/https:\/\/jan-jakobsen.dk\/wp-content\/uploads\/2018\/12\/P1020111.jpg\"><img loading=\"lazy\" decoding=\"async\" width=\"3456\" height=\"2592\" src=\"https:\/\/jan-jakobsen.dk\/https:\/\/jan-jakobsen.dk\/wp-content\/uploads\/2018\/12\/P1020111.jpg\" alt=\"\" class=\"wp-image-7869\" style=\"width:300px\" srcset=\"https:\/\/jan-jakobsen.dk\/http:\/\/jan-jakobsen.dk\/wp-content\/uploads\/2018\/12\/P1020111.jpg 3456w, https:\/\/jan-jakobsen.dk\/http:\/\/jan-jakobsen.dk\/wp-content\/uploads\/2018\/12\/P1020111-300x225.jpg 300w, https:\/\/jan-jakobsen.dk\/http:\/\/jan-jakobsen.dk\/wp-content\/uploads\/2018\/12\/P1020111-620x465.jpg 620w\" sizes=\"auto, (max-width: 3456px) 100vw, 3456px\" \/><\/a><\/figure>\n<\/div>\n\n\n<p>Jeg sidder her og kigger ud af vinduet og har gjort det flere gange i l\u00f8bet af dagen. Ikke kun fordi det her ved t\u00e6rsklen til julem\u00e5neden &#8211; og vinteren ikke at forglemme &#8211; er en smuk udsigt, der tegner sig i horisonten.<\/p>\n\n\n\n<p>Ogs\u00e5 fordi der er en lang og insisterende lysstribe, der i skumringen helt naturligt f\u00f8rer blikket mod broen, hvor den g\u00e5r fra h\u00f8j til lav og lader det tunge fundament hvile p\u00e5 den f\u00f8r s\u00e5 lille, undselige og isolerede \u00f8, Sprog\u00f8. Ikke at selve \u00f8en er synlig i m\u00f8rket&#8230; men den \u00e9r der.<\/p>\n\n\n\n<!--more-->\n\n\n\n<p>Sprog\u00f8 m\u00e5 umiddelbart dukke op i tanken, n\u00e5r jeg t\u00e6nder for fjernsynet og h\u00f8rer begejstrede m\u00e6nd med ildhu fort\u00e6lle om deres sidste infame korstog mod menneskeheden i almindelighed og indvandringen i s\u00e6rdeleshed: udvisningsafventende kriminelle skal nu isoleres p\u00e5 \u00f8en Lindholm.<\/p>\n\n\n\n<p>Ikke fordi de kriminelle p\u00e5 det sidste har stukket sig ud ved handlinger, der kr\u00e6ver en s\u00e5dan s\u00e6rlig indsats, men for at signalere handlekraft og initiativ over for den st\u00f8rste forbrydelse af alle. At man i en verden i skarp forandring og med stadig st\u00f8rre gab mellem rige og fattige har kastet blikket p\u00e5 Danmark og i fors\u00f8get p\u00e5 overlevelsen er n\u00e5et herop&#8230; uanset hvad man ellers har med sig i bagagen.<\/p>\n\n\n\n<p>Det h\u00f8rer med til den dramatiske fort\u00e6lling, at infamiteten Lindholm kun er det sidste og \u00f8verste lag af en r\u00e6kke indsatser, der skal afskr\u00e6kke krigsh\u00e6rgede, undertrykte og &#8211; i\u00f8vrigt ogs\u00e5 af os i de kapitalistiske lande &#8211; udnyttede mennesker mod det, der er helt naturligt &#8211; at s\u00f8ge mod fredeligere himmelstr\u00f8g. De af os, der ville have f\u00e5et chancen, ville have selv gjort det samme, hvis det omvendte var tilf\u00e6ldet. En tanke, der dog ikke eksisterer i disse, uanset hvor meget det vender sig i mig, &#8220;landsm\u00e6nds&#8221;, kringlede hjerner.<\/p>\n\n\n\n<p>Der er tale om ren symbolpolitik hvad ang\u00e5r Lindholmprojektet. Mange af de andre politiske vedtagelser har langt mere vidtr\u00e6kkende \u00f8konomiske og socialt nedg\u00f8rende konsekvenser, der rammer h\u00e5rdere, men ikke er s\u00e5 nemme at anskueligg\u00f8re og visualisere. Over for store grupper af indvandrere og s\u00e5gar ogs\u00e5 danske statsborgere sender det et klart nationalistisk signal: I er u\u00f8nskede i det danske samfund. Det er ikke l\u00e6ngere nok med gr\u00e6nsebomme. Nye stunts m\u00e5 til.<\/p>\n\n\n\n<p>Lindholm er p\u00e5 ingen m\u00e5de genial nyt\u00e6nkning. Det vidner blikket ud over Storeb\u00e6lt om. I et 100 \u00e5r gammelt perspektiv var Sprog\u00f8 et opsamlingssted for kvinder, der m\u00e5tte isoleres fra samfundet fordi de besmittede ikke kun samfundet i almindelighed men med deres seksuelle og moralske ford\u00e6rvethed fik stakkels b\u00f8nder i s\u00e6rdeleshed til at foretage sig skr\u00e6kkelige ting mod kvinderne. Det gjorde, at disse kvinder n\u00f8dvendigvis m\u00e5tte isoleres p\u00e5 en anstalt, s\u00e5 de ikke besmittede det \u00f8vrige samfund med det, man med et dav\u00e6rende udtryk ford\u00f8mte som &#8220;moralsk \u00e5ndsvage&#8221;. I sig selv et skr\u00e6mmende udtryk. Der var en lignende \u00f8 for m\u00e6nd &#8211; Liv\u00f8.<\/p>\n\n\n\n<p>Dette sorte kapitel af vores historie er velbeskrevet b\u00e5de i faglitteraturen af bl.a. Birgit Kirkeb\u00e6k og b\u00e5de sat ind i en sk\u00f8nlitter\u00e6r ramme af Vibeke Marx i &#8220;Skygger fra Sprog\u00f8&#8221; og Jussi Adler Olsen i den filmaktuelle udgave af &#8220;Journal 64&#8221;.<\/p>\n\n\n\n<p>Sporene skr\u00e6mmer. Dele af mine &#8220;landsm\u00e6nd&#8221; (i guder, det vender sig igen) tager gerne skruppell\u00f8st disse reminiscenser fra fortiden op, k\u00e6ler for dem, for nok en gang at tale til vores nationalistiske indre svinhund.<\/p>\n\n\n\n<p>Det er ikke det eneste sted, hvor de henter deres inspiration i historien. De iscenes\u00e6tter ogs\u00e5 sig selv gennem velkendte nationalistiske, heroisk positionerede st\u00e5lsatte tegninger, der p\u00e5 en og samme tid skal indgyde os hygge, national tryghed og forsvar mod indtr\u00e6ngende fremmede og onde kr\u00e6fter.<\/p>\n\n\n\n<p>Det er i sandhed blevet vinter. Selv om varmegraderne stadig ikke har n\u00e5et minus i n\u00e6vnev\u00e6rdig grad, sniger en anden form for kulde sig ind i hver en spr\u00e6kke og pr\u00f8ver med frygt og l\u00f8fter om mere mammon at gennemtvinge et opg\u00f8r med en postuleret ondskab udefra.<\/p>\n\n\n\n<p>I horisonten st\u00e5r Sprog\u00f8 som en m\u00f8rk kontur og spejler sp\u00f8rgsm\u00e5let: er vi &#8211; endnu engang &#8211; s\u00e5 dumme? Tror vi virkelig p\u00e5, at vi kan isolere os ud af problemerne &#8211; af den ondskab der ikke kun kommer udefra, men i s\u00e6rdeleshed lever iblandt os? Tror vi virkelig p\u00e5 det &#8211; s\u00e5dan rent moralsk?<\/p>\n","protected":false},"excerpt":{"rendered":"<p>Jeg sidder her og kigger ud af vinduet og har gjort det flere gange i l\u00f8bet af dagen. Ikke kun fordi det her ved t\u00e6rsklen til julem\u00e5neden &#8211; og vinteren ikke at forglemme &#8211; er en smuk udsigt, der tegner &hellip; <a href=\"https:\/\/jan-jakobsen.dk\/?p=7870\">L\u00e6s resten <span class=\"meta-nav\">&rarr;<\/span><\/a><\/p>\n","protected":false},"author":3,"featured_media":0,"comment_status":"open","ping_status":"open","sticky":false,"template":"","format":"standard","meta":{"footnotes":""},"categories":[4,1],"tags":[828,827,825,826],"class_list":["post-7870","post","type-post","status-publish","format-standard","hentry","category-blog","category-uncategorized","tag-lindholm","tag-moralsk-aandsvage","tag-nationalisme","tag-sprogoe"],"_links":{"self":[{"href":"https:\/\/jan-jakobsen.dk\/index.php?rest_route=\/wp\/v2\/posts\/7870","targetHints":{"allow":["GET"]}}],"collection":[{"href":"https:\/\/jan-jakobsen.dk\/index.php?rest_route=\/wp\/v2\/posts"}],"about":[{"href":"https:\/\/jan-jakobsen.dk\/index.php?rest_route=\/wp\/v2\/types\/post"}],"author":[{"embeddable":true,"href":"https:\/\/jan-jakobsen.dk\/index.php?rest_route=\/wp\/v2\/users\/3"}],"replies":[{"embeddable":true,"href":"https:\/\/jan-jakobsen.dk\/index.php?rest_route=%2Fwp%2Fv2%2Fcomments&post=7870"}],"version-history":[{"count":6,"href":"https:\/\/jan-jakobsen.dk\/index.php?rest_route=\/wp\/v2\/posts\/7870\/revisions"}],"predecessor-version":[{"id":60296,"href":"https:\/\/jan-jakobsen.dk\/index.php?rest_route=\/wp\/v2\/posts\/7870\/revisions\/60296"}],"wp:attachment":[{"href":"https:\/\/jan-jakobsen.dk\/index.php?rest_route=%2Fwp%2Fv2%2Fmedia&parent=7870"}],"wp:term":[{"taxonomy":"category","embeddable":true,"href":"https:\/\/jan-jakobsen.dk\/index.php?rest_route=%2Fwp%2Fv2%2Fcategories&post=7870"},{"taxonomy":"post_tag","embeddable":true,"href":"https:\/\/jan-jakobsen.dk\/index.php?rest_route=%2Fwp%2Fv2%2Ftags&post=7870"}],"curies":[{"name":"wp","href":"https:\/\/api.w.org\/{rel}","templated":true}]}}