{"id":778,"date":"2010-12-24T05:44:38","date_gmt":"2010-12-24T04:44:38","guid":{"rendered":"http:\/\/jan-jakobsen.dk\/?p=778"},"modified":"2013-07-25T21:10:36","modified_gmt":"2013-07-25T19:10:36","slug":"d%c3%b8de-pa-venteliste-2","status":"publish","type":"post","link":"https:\/\/jan-jakobsen.dk\/?p=778","title":{"rendered":"D\u00f8de p\u00e5 venteliste"},"content":{"rendered":"<p>19 d\u00f8de, mens de stod p\u00e5 venteliste til respiratorbehandling&#8230; og det alene i 2010.<\/p>\n<p>Det var den barske baggrund for, at Muskelsvindfonden foranlediget af nye, katastrofale tal fra Region Hovedstaden endnu engang bragte diskussionen om de urimelige og tragiske d\u00f8dsfald frem i pressen i begyndelsen af december 2010.<\/p>\n<p><!--more-->I den periode var jeg indlagt p\u00e5 RespirationsCenter \u00d8st (RC\u00d8) for at f\u00e5 lavet en trakeostomi, s\u00e5 jeg kunne f\u00e5 respirator om natten. Jeg er s\u00e5 at sige \u00e9n af dem, der overlevede ventelisten. Det var baggrunden for, at jeg medvirkede i et interview i Ekstrabladet og et indslag i TV-Lorry. Du finder links til s\u00e5vel de to indslag som til andre artikler. Links&#8217;ene bringes i kronologisk r\u00e6kkef\u00f8lge.<\/p>\n<p>LINKS<\/p>\n<p><a title=\"Henvendelse til Folketingets Sundhdsudvalg\" href=\"http:\/\/www.ft.dk\/samling\/20091\/almdel\/suu\/bilag\/27\/743458.pdf\" target=\"_blank\"><img loading=\"lazy\" decoding=\"async\" class=\"alignleft size-full wp-image-466\" title=\"link\" alt=\"\" src=\"https:\/\/jan-jakobsen.dk\/https:\/\/jan-jakobsen.dk\/wp-content\/uploads\/2009\/11\/link.png\" width=\"15\" height=\"15\" \/>\u00a0Muskelsvindfndens skrielse til Folketingets Sundhedsudvalg vedr. behandling af personer med respirationsinsufficiens.<\/a>\u00a0 Brev dateret 14.\u00a0 oktober 2009.<\/p>\n<p><a href=\"https:\/\/jan-jakobsen.dk\/https:\/\/jan-jakobsen.dk\/wp-content\/uploads\/2009\/11\/link.png\"><img loading=\"lazy\" decoding=\"async\" class=\"alignleft size-full wp-image-466\" title=\"link\" alt=\"\" src=\"https:\/\/jan-jakobsen.dk\/https:\/\/jan-jakobsen.dk\/wp-content\/uploads\/2009\/11\/link.png\" width=\"15\" height=\"15\" \/><\/a><\/p>\n<p><a title=\"Klager over respirationsbehandling\" href=\"http:\/\/muskelsvindfonden.dk\/Handicappolitik\/Sider\/Muskelsvindfondenklageroverrespirationsbehandlingen.aspx\" target=\"_blank\">Muskelsvindfonden klager over respirationsbehandligen.<\/a>\u00a0\u00a0(artikel p\u00e5 Muskelsvindfondens hjemmeside\u00a0oktober 2009)<\/p>\n<p><a title=\"Venteliste fordoblet\" href=\"http:\/\/muskelsvindfonden.dk\/Handicappolitik\/Sider\/Ventelisternep%C3%A5RC%C3%98erfordobletp%C3%A55%C3%A5r.aspx\" target=\"_blank\"><img loading=\"lazy\" decoding=\"async\" title=\"link\" alt=\"\" src=\"https:\/\/jan-jakobsen.dk\/https:\/\/jan-jakobsen.dk\/wp-content\/uploads\/2009\/11\/link.png\" width=\"15\" height=\"15\" \/>\u00a0 Ventelister fordoblet (artikel p\u00e5 Muskelsvindfondens hjemmeside 3. december 2010)<\/a><\/p>\n<p><a href=\"https:\/\/jan-jakobsen.dk\/https:\/\/jan-jakobsen.dk\/wp-content\/uploads\/2009\/11\/link.png\"><img loading=\"lazy\" decoding=\"async\" title=\"link\" alt=\"\" src=\"https:\/\/jan-jakobsen.dk\/https:\/\/jan-jakobsen.dk\/wp-content\/uploads\/2009\/11\/link.png\" width=\"15\" height=\"15\" \/><\/a>\u00a0 <a title=\"Stop un\u00f8dvendige d\u00f8dsfald\" href=\"http:\/\/muskelsvindfonden.dk\/Handicappolitik\/Sider\/MuskelsvindfondensformandEvaldKrogkr%C3%A6ver,atdeun%C3%B8dvendiged%C3%B8dsfaldstoppernu.aspx\" target=\"_blank\">Muskelsvindfondens formand Evald Krog kr\u00e6ver, at de un\u00f8dvendige d\u00f8dsfald stopper nu<\/a>\u00a0(artikel p\u00e5 Muskelsvindfondens hjemmeside\u00a06. decembe 2010)<\/p>\n<p><a href=\"https:\/\/jan-jakobsen.dk\/https:\/\/jan-jakobsen.dk\/wp-content\/uploads\/2009\/11\/link.png\"><img loading=\"lazy\" decoding=\"async\" title=\"link\" alt=\"\" src=\"https:\/\/jan-jakobsen.dk\/https:\/\/jan-jakobsen.dk\/wp-content\/uploads\/2009\/11\/link.png\" width=\"15\" height=\"15\" \/><\/a>\u00a0 <a title=\"Artikel i Ekstrabladet\" href=\"http:\/\/ekstrabladet.dk\/kup\/sundhed\/article1464408.ece\" target=\"_blank\">Artikel i Ekstrabladet 6. december 2010<\/a><\/p>\n<p><a title=\"Indslag i TV-Lorry\" href=\"http:\/\/www.tv2lorry.dk\/arkiv\/2010\/12\/6?video_id=44291\" target=\"_blank\"><img loading=\"lazy\" decoding=\"async\" title=\"link\" alt=\"\" src=\"https:\/\/jan-jakobsen.dk\/https:\/\/jan-jakobsen.dk\/wp-content\/uploads\/2009\/11\/link.png\" width=\"15\" height=\"15\" \/>\u00a0 Indslag i TV-Lorry 6. december 2010<\/a><\/p>\n<p><a href=\"https:\/\/jan-jakobsen.dk\/https:\/\/jan-jakobsen.dk\/wp-content\/uploads\/2009\/11\/link.png\"><img loading=\"lazy\" decoding=\"async\" title=\"link\" alt=\"\" src=\"https:\/\/jan-jakobsen.dk\/https:\/\/jan-jakobsen.dk\/wp-content\/uploads\/2009\/11\/link.png\" width=\"15\" height=\"15\" \/><\/a>\u00a0\u00a0<a title=\"SF: Nu er det nok!\" href=\"http:\/\/muskelsvindfonden.dk\/Handicappolitik\/Sider\/SocialistiskFolkepartiNuerdetnok!.aspx\" target=\"_blank\">Socialistisk Folkeparti om Respirationscenter \u00d8st: Nu er det nok!<\/a>\u00a0\u00a0(artikel p\u00e5 Muskelsvindfondens hjemmeside 6. decembe 2010)<\/p>\n<p><a href=\"https:\/\/jan-jakobsen.dk\/https:\/\/jan-jakobsen.dk\/wp-content\/uploads\/2009\/11\/link.png\"><img loading=\"lazy\" decoding=\"async\" title=\"link\" alt=\"\" src=\"https:\/\/jan-jakobsen.dk\/https:\/\/jan-jakobsen.dk\/wp-content\/uploads\/2009\/11\/link.png\" width=\"15\" height=\"15\" \/><\/a>\u00a0 <a title=\"Enhedslisten i r\u00f8de felt\" href=\"http:\/\/muskelsvindfonden.dk\/Handicappolitik\/Sider\/Enhedslistenoppeidetr%C3%B8defeltoverforholdenep%C3%A5Respirationscenter%C3%98st.aspx\" target=\"_blank\">Enhedslisten &#8220;oppe i det r\u00f8de felt&#8221; over forholdene p\u00e5 Respirationscenter \u00d8st<\/a>\u00a0(artikel p\u00e5 Muskelsvindfondens hjemmeside\u00a06. decembe 2010)<\/p>\n<p><a href=\"https:\/\/jan-jakobsen.dk\/https:\/\/jan-jakobsen.dk\/wp-content\/uploads\/2009\/11\/link.png\"><img loading=\"lazy\" decoding=\"async\" title=\"link\" alt=\"\" src=\"https:\/\/jan-jakobsen.dk\/https:\/\/jan-jakobsen.dk\/wp-content\/uploads\/2009\/11\/link.png\" width=\"15\" height=\"15\" \/><\/a>\u00a0 <a title=\"&quot;Kun&quot; 19 d\u00f8de\" href=\"http:\/\/muskelsvindfonden.dk\/Handicappolitik\/Sider\/RegionHovedstadenDererikke25d%C3%B8dep%C3%A5RC%C3%98sventeliste-kun19!.aspx\" target=\"_blank\">Region Hovedstaden: Der er ikke 25 d\u00f8de p\u00e5 RC\u00d8s venteliste &#8211; kun 19! <\/a>(artikel p\u00e5 Muskelsvindfondens hjemmeside\u00a06. decembe 2010)<\/p>\n<p><a href=\"https:\/\/jan-jakobsen.dk\/https:\/\/jan-jakobsen.dk\/wp-content\/uploads\/2009\/11\/link.png\"><img loading=\"lazy\" decoding=\"async\" title=\"link\" alt=\"\" src=\"https:\/\/jan-jakobsen.dk\/https:\/\/jan-jakobsen.dk\/wp-content\/uploads\/2009\/11\/link.png\" width=\"15\" height=\"15\" \/><\/a>\u00a0 <a title=\"Patienter d\u00f8r p\u00e5 venteliste\" href=\"http:\/\/www.kristeligt-dagblad.dk\/artikel\/398805:Danmark--Patienter-doer-paa-venteliste\" target=\"_blank\">Patienter d\u00f8r p\u00e5 venteliste <\/a>(artikel p\u00e5\u00a0Kristeligt Dagblads\u00a0hjemmeside 6. december 2010)<\/p>\n<p><a href=\"https:\/\/jan-jakobsen.dk\/https:\/\/jan-jakobsen.dk\/wp-content\/uploads\/2009\/11\/link.png\"><img loading=\"lazy\" decoding=\"async\" title=\"link\" alt=\"\" src=\"https:\/\/jan-jakobsen.dk\/https:\/\/jan-jakobsen.dk\/wp-content\/uploads\/2009\/11\/link.png\" width=\"15\" height=\"15\" \/><\/a>\u00a0<a title=\"Byge af sp\u00f8rgsm\u00e5l\" href=\"http:\/\/muskelsvindfonden.dk\/Handicappolitik\/Sider\/BygeafRC%C3%98-sp%C3%B8rgsm%C3%A5lfrafolketingsmedlemRen%C3%A9SkauBj%C3%B6rnssontilsundhedsministerBertelHaarder.aspx\" target=\"_blank\">Byge af RC\u00d8-sp\u00f8rgsm\u00e5l fra folketingsmedlem Ren\u00e9 Skau Bj\u00f6rnsson til sundhedsminister Bertel Haarder\u00a0<\/a>(artikel p\u00e5 Muskelsvindfondens hjemmeside\u00a07. decembe 2010)<\/p>\n<p><a href=\"https:\/\/jan-jakobsen.dk\/https:\/\/jan-jakobsen.dk\/wp-content\/uploads\/2009\/11\/link.png\"><img loading=\"lazy\" decoding=\"async\" title=\"link\" alt=\"\" src=\"https:\/\/jan-jakobsen.dk\/https:\/\/jan-jakobsen.dk\/wp-content\/uploads\/2009\/11\/link.png\" width=\"15\" height=\"15\" \/><\/a>\u00a0 <a title=\"Haarder vil nedbringe ventetider\" href=\"http:\/\/www.kristeligt-dagblad.dk\/artikel\/361730:Danmark--Haarder-vil-nedbringe-ventetider-paa-luft\" target=\"_blank\">Haarder vil nedbringe ventetider p\u00e5 luft <\/a>(artikel p\u00e5\u00a0Kristeligt Dagblads\u00a0hjemmeside 7. december 2010)<\/p>\n<p><a href=\"https:\/\/jan-jakobsen.dk\/https:\/\/jan-jakobsen.dk\/wp-content\/uploads\/2009\/11\/link.png\"><img loading=\"lazy\" decoding=\"async\" title=\"link\" alt=\"\" src=\"https:\/\/jan-jakobsen.dk\/https:\/\/jan-jakobsen.dk\/wp-content\/uploads\/2009\/11\/link.png\" width=\"15\" height=\"15\" \/><\/a>\u00a0 <a title=\"Ventetiden er for lang\" href=\"http:\/\/www.kristeligt-dagblad.dk\/artikel\/361651:Debat--Ventetiden-er-for-lang-for-respiratorpatienter?all=1\" target=\"_blank\">Ventetiden er for lang for respiratorpatienter<\/a> (indl\u00e6g af Per Clausen og Sarah Glerup p\u00e5\u00a0Kristeligt Dagblads\u00a0hjemmeside 7. december 2010)<\/p>\n<p><a href=\"https:\/\/jan-jakobsen.dk\/https:\/\/jan-jakobsen.dk\/wp-content\/uploads\/2009\/11\/link.png\"><img loading=\"lazy\" decoding=\"async\" title=\"link\" alt=\"\" src=\"https:\/\/jan-jakobsen.dk\/https:\/\/jan-jakobsen.dk\/wp-content\/uploads\/2009\/11\/link.png\" width=\"15\" height=\"15\" \/><\/a>\u00a0 <a title=\"Sundhedsminister var advaret\" href=\"http:\/\/www.kristeligt-dagblad.dk\/artikel\/399238:Danmark--Sundhedsminister-var-advaret-om-risiko-for-doedsfald\" target=\"_blank\">Sundhedsminister var advaret om risiko for d\u00f8dsfald<\/a>\u00a0(artikel p\u00e5\u00a0Kristeligt Dagblads\u00a0hjemmeside 9. december 2010)<\/p>\n<p><a href=\"https:\/\/jan-jakobsen.dk\/https:\/\/jan-jakobsen.dk\/wp-content\/uploads\/2009\/11\/link.png\"><img loading=\"lazy\" decoding=\"async\" title=\"link\" alt=\"\" src=\"https:\/\/jan-jakobsen.dk\/https:\/\/jan-jakobsen.dk\/wp-content\/uploads\/2009\/11\/link.png\" width=\"15\" height=\"15\" \/><\/a>\u00a0 <a title=\"Dansk behandlingssucces\" href=\"http:\/\/www.kristeligt-dagblad.dk\/artikel\/399229:Danmark--Dansk-behandlingssucces-endte-i-unoedvendige-doedsfald\" target=\"_blank\">Dansk behandlingssucces endte i un\u00f8dvendige d\u00f8dsfald<\/a> (artikel p\u00e5\u00a0Kristeligt Dagblads\u00a0hjemmeside 9. december 2010)<\/p>\n<p><a href=\"https:\/\/jan-jakobsen.dk\/https:\/\/jan-jakobsen.dk\/wp-content\/uploads\/2009\/11\/link.png\"><img loading=\"lazy\" decoding=\"async\" title=\"link\" alt=\"\" src=\"https:\/\/jan-jakobsen.dk\/https:\/\/jan-jakobsen.dk\/wp-content\/uploads\/2009\/11\/link.png\" width=\"15\" height=\"15\" \/><\/a>\u00a0 <a title=\"Ventetid t\u00e6t p\u00e5 at koste\" href=\"http:\/\/www.kristeligt-dagblad.dk\/artikel\/399514:Danmark--Ventetid-var-taet-paa-at-koste-Merete-Larsen-livet?all=1\" target=\"_blank\">Ventetid var t\u00e6t p\u00e5 at koste Merete Larsen livet<\/a> (artikel p\u00e5\u00a0Kristeligt Dagblads\u00a0hjemmeside 11. december 2010)<\/p>\n","protected":false},"excerpt":{"rendered":"<p>I begyndelsen af december 2010 startede en debat om d\u00f8dsfald p\u00e5 venteliste til respirator. Jeg har her pr\u00f8vet at samle indl\u00e6ggene&#8230; <a href=\"https:\/\/jan-jakobsen.dk\/?p=778\">L\u00e6s resten <span class=\"meta-nav\">&rarr;<\/span><\/a><\/p>\n","protected":false},"author":3,"featured_media":0,"comment_status":"open","ping_status":"open","sticky":false,"template":"","format":"standard","meta":{"footnotes":""},"categories":[4,3,1],"tags":[],"class_list":["post-778","post","type-post","status-publish","format-standard","hentry","category-blog","category-handicapdebat","category-uncategorized"],"_links":{"self":[{"href":"https:\/\/jan-jakobsen.dk\/index.php?rest_route=\/wp\/v2\/posts\/778","targetHints":{"allow":["GET"]}}],"collection":[{"href":"https:\/\/jan-jakobsen.dk\/index.php?rest_route=\/wp\/v2\/posts"}],"about":[{"href":"https:\/\/jan-jakobsen.dk\/index.php?rest_route=\/wp\/v2\/types\/post"}],"author":[{"embeddable":true,"href":"https:\/\/jan-jakobsen.dk\/index.php?rest_route=\/wp\/v2\/users\/3"}],"replies":[{"embeddable":true,"href":"https:\/\/jan-jakobsen.dk\/index.php?rest_route=%2Fwp%2Fv2%2Fcomments&post=778"}],"version-history":[{"count":14,"href":"https:\/\/jan-jakobsen.dk\/index.php?rest_route=\/wp\/v2\/posts\/778\/revisions"}],"predecessor-version":[{"id":2406,"href":"https:\/\/jan-jakobsen.dk\/index.php?rest_route=\/wp\/v2\/posts\/778\/revisions\/2406"}],"wp:attachment":[{"href":"https:\/\/jan-jakobsen.dk\/index.php?rest_route=%2Fwp%2Fv2%2Fmedia&parent=778"}],"wp:term":[{"taxonomy":"category","embeddable":true,"href":"https:\/\/jan-jakobsen.dk\/index.php?rest_route=%2Fwp%2Fv2%2Fcategories&post=778"},{"taxonomy":"post_tag","embeddable":true,"href":"https:\/\/jan-jakobsen.dk\/index.php?rest_route=%2Fwp%2Fv2%2Ftags&post=778"}],"curies":[{"name":"wp","href":"https:\/\/api.w.org\/{rel}","templated":true}]}}