{"id":7763,"date":"2018-09-09T11:35:36","date_gmt":"2018-09-09T09:35:36","guid":{"rendered":"http:\/\/jan-jakobsen.dk\/?p=7763"},"modified":"2024-05-05T00:31:43","modified_gmt":"2024-05-04T22:31:43","slug":"brugerinddragelse-i-arbejdet-med-siddestillinger-naar-vi-lever-med-et-handicap","status":"publish","type":"post","link":"https:\/\/jan-jakobsen.dk\/?p=7763","title":{"rendered":"Brugerinddragelse i arbejdet med siddestillinger, n\u00e5r vi lever med et handicap"},"content":{"rendered":"<p><a href=\"https:\/\/jan-jakobsen.dk\/https:\/\/jan-jakobsen.dk\/wp-content\/uploads\/2018\/09\/Userinvolvement-Wednesday-final.001.jpeg\"><img loading=\"lazy\" decoding=\"async\" class=\"alignleft wp-image-7765 size-medium\" src=\"https:\/\/jan-jakobsen.dk\/https:\/\/jan-jakobsen.dk\/wp-content\/uploads\/2018\/09\/Userinvolvement-Wednesday-final.001-300x169.jpeg\" alt=\"\" width=\"300\" height=\"169\" srcset=\"https:\/\/jan-jakobsen.dk\/http:\/\/jan-jakobsen.dk\/wp-content\/uploads\/2018\/09\/Userinvolvement-Wednesday-final.001-300x169.jpeg 300w, https:\/\/jan-jakobsen.dk\/http:\/\/jan-jakobsen.dk\/wp-content\/uploads\/2018\/09\/Userinvolvement-Wednesday-final.001-620x349.jpeg 620w, https:\/\/jan-jakobsen.dk\/http:\/\/jan-jakobsen.dk\/wp-content\/uploads\/2018\/09\/Userinvolvement-Wednesday-final.001.jpeg 720w\" sizes=\"auto, (max-width: 300px) 100vw, 300px\" \/><\/a>Dette er en omskrivning af det opl\u00e6g, jeg holdt p\u00e5 \u201cNordisk Siddesymposium 2018\u201c onsdag den 5. september. Symposiet g\u00e5r p\u00e5 skift mellem de nordiske lande, og blev denne gang afholdt i K\u00f8benhavn i dagene 4.-6. september med Socialstyrelsen som tovholder. Jeg holdt ogs\u00e5 et opl\u00e6g 6. september, der ligeledes kommer p\u00e5 min hjemmeside i en omskrivning, s\u00e5 snart den er f\u00e6rdigbearbejdet.<\/p>\n<p>Den engelste PowerPoint som l\u00e6sbar pdf finder du nederst i artiklen.<\/p>\n<p><!--more--><\/p>\n<p>Mit tema er brugerinvolvering. Mit udgangspunkt er at fastholde, at vi som brugere er de allervigtigste samarbejdspartnere for enhver terapeut, n\u00e5r det g\u00e6lder siddestillinger.<\/p>\n<p>Uden at vi er direkte involveret i processen giver det slet ingen mening at fors\u00f8ge at \u00e6ndre p\u00e5 vores siddestillinger. Og det er der god grund til at g\u00f8re, n\u00e5r vi skal have et godt, langt liv med et handicap. Et handicap, der g\u00f8r, at mange af os, som jeg selv, enten er siddende eller liggende p\u00e5 skift gennem vores liv. Det stiller store krav til de l\u00f8sninger, vi sammen stiller op. De m\u00e5 ikke kun tilfredsstille faglige m\u00e5l, men skal tilfredsstille ogs\u00e5 vores helt egne m\u00e5l som brugere. De er ofte meget bredere end de faglige m\u00e5l og kan, derfor beskrives som fornemmelsen af frihed.<\/p>\n<p>At h\u00e6vde vores rolle som de vigtigste samarbejdspartnere er ogs\u00e5 min konklusion. S\u00e5 enkelt kan det siges, men der er brug for de mellemregninger, der underbygger konklusionen.<\/p>\n<p><a href=\"https:\/\/jan-jakobsen.dk\/https:\/\/jan-jakobsen.dk\/wp-content\/uploads\/2018\/09\/Userinvolvement-Wednesday-final.001.jpeg\"><img loading=\"lazy\" decoding=\"async\" class=\"wp-image-7765 size-large alignleft\" src=\"https:\/\/jan-jakobsen.dk\/https:\/\/jan-jakobsen.dk\/wp-content\/uploads\/2018\/09\/Userinvolvement-Wednesday-final.001-620x349.jpeg\" alt=\"\" width=\"620\" height=\"349\" srcset=\"https:\/\/jan-jakobsen.dk\/http:\/\/jan-jakobsen.dk\/wp-content\/uploads\/2018\/09\/Userinvolvement-Wednesday-final.001-620x349.jpeg 620w, https:\/\/jan-jakobsen.dk\/http:\/\/jan-jakobsen.dk\/wp-content\/uploads\/2018\/09\/Userinvolvement-Wednesday-final.001-300x169.jpeg 300w, https:\/\/jan-jakobsen.dk\/http:\/\/jan-jakobsen.dk\/wp-content\/uploads\/2018\/09\/Userinvolvement-Wednesday-final.001.jpeg 720w\" sizes=\"auto, (max-width: 620px) 100vw, 620px\" \/><\/a><\/p>\n<p>I dag er jeg 63-\u00e5r gammel og lever &#8220;et almindeligt liv&#8221; med den forskel, at jeg har \u00a0Spinal Muskelatrofi type II, som er en muskelsvind. Det g\u00f8r bl.a., at jeg har v\u00e6ret k\u00f8restolsbruger siden mit 10. \u00e5r. Jeg har desuden de sidste 8 \u00e5r v\u00e6ret afh\u00e6ngig af respirator for at kunne tr\u00e6kke vejret. Der er alts\u00e5 brug for nogle kompenseringer, der g\u00f8r, at jeg kan fungere i min hverdag.<\/p>\n<p>Jeg har absolut ingen faglige kompetencer inden for jeres fagomr\u00e5der. Jeg har viden og erfaring med at leve med mit eget og lignende handicap &#8211; og kan s\u00e6tte mig ind situationer der ligner min.<\/p>\n<p>Min mangel p\u00e5 faglig viden g\u00f8r naturligvis, at jeg kan komme til til at sige noget direkte forkert om jeres fagomr\u00e5de eller p\u00e5 nogen anden m\u00e5de forn\u00e6rme jer. Det er ikke min hensigt. S\u00e5 h\u00e6ng mig ikke, hvis jeg siger noget forkert.<\/p>\n<p>Jeg har besk\u00e6ftiget mig med rettigheder og muligheder i livet med et handicap. De bedste betingelser for et godt liv er en vigtig del af denne kamp. Det indbefatter ogs\u00e5 respekt for mennesker med handicap og vores ret til valg.<\/p>\n<p>Nogle af de valg vi g\u00f8r, er ganske enkelt m\u00e5der at kompensere p\u00e5, som g\u00f8r, at jeg f.eks. fungerer bedst. I en periode af mit liv sad jeg f.eks. b\u00f8jet ned over mit tastatur, n\u00e5r jeg skrev. Det er uhensigtsm\u00e6ssigt i l\u00e6ngden, fordi det \u00f8ger presset p\u00e5 lungerne. Det var en \u201csmutvej\u201d, jeg brugte for at udnytte mine egne ressourcer bedst muligt. Der er ingen tvivl om, at den m\u00e5de at kompensere p\u00e5 skaber problemer. Det kommer jeg med eksempler p\u00e5 i morgen, hvor jeg fort\u00e6ller fra en mere personlig vinkel.<\/p>\n<p>Der er ikke nogen tvivl om at vi som brugere skal tr\u00e6kke p\u00e5 faglig ekspertise, der kan r\u00e5dgive og formulere konsekvenserne af vores valg klart. Der er heller ingen tvivl om, at vi som brugere har behov for vores \u201csmutveje\u201d for fungere i vores hele hverdag. Vi skal i f\u00e6llesskab have tingene til at h\u00e6nge sammen og lytte ligev\u00e6rdigt til hinanden.<\/p>\n<p>Hvad ang\u00e5r r\u00e5dgivning omkring mine egne siddestillinger, s\u00e5 f\u00e5r jeg det mest gennem RehabiliteringsCenter for Muskelsvind (RCfM). Det er et h\u00f8jt specialiseret neurocenter grundlagt p\u00e5 initiativ af Muskelsvindfonden tilbage i 1976 som Muskelsvindfondens Vejlednings- og Behandlingscenter.<\/p>\n<p><a href=\"https:\/\/jan-jakobsen.dk\/https:\/\/jan-jakobsen.dk\/wp-content\/uploads\/2018\/09\/Userinvolvement-Wednesday-final.002.jpeg\"><img loading=\"lazy\" decoding=\"async\" class=\"alignleft wp-image-7766 size-large\" src=\"https:\/\/jan-jakobsen.dk\/https:\/\/jan-jakobsen.dk\/wp-content\/uploads\/2018\/09\/Userinvolvement-Wednesday-final.002-620x349.jpeg\" alt=\"\" width=\"620\" height=\"349\" srcset=\"https:\/\/jan-jakobsen.dk\/http:\/\/jan-jakobsen.dk\/wp-content\/uploads\/2018\/09\/Userinvolvement-Wednesday-final.002-620x349.jpeg 620w, https:\/\/jan-jakobsen.dk\/http:\/\/jan-jakobsen.dk\/wp-content\/uploads\/2018\/09\/Userinvolvement-Wednesday-final.002-300x169.jpeg 300w, https:\/\/jan-jakobsen.dk\/http:\/\/jan-jakobsen.dk\/wp-content\/uploads\/2018\/09\/Userinvolvement-Wednesday-final.002.jpeg 720w\" sizes=\"auto, (max-width: 620px) 100vw, 620px\" \/><\/a><\/p>\n<p>For at f\u00e5 det p\u00e5 det rene vil jeg sige, at jeg er temmelig sikker p\u00e5 at I l\u00e6gger v\u00e6gt p\u00e5 opm\u00e6rksomheden p\u00e5 os som brugere. Det er p\u00e5 grund af os, at I forsker i og r\u00e5dgiver os. S\u00e5 enkelt er det.<\/p>\n<p>Jeg ser jeres arbejde som yderst vigtigt, fordi det kan hj\u00e6lpe os til at f\u00e5 et bedre og l\u00e6ngere liv.<\/p>\n<p>Jeres faglige kvalifikationer og viden er yderst vigtige for at n\u00e5 de bedst mulige resultater. Men samtidig med, at jeg anerkender det, m\u00e5 jeg ogs\u00e5 sige, at det ikke er den eneste faktor, der t\u00e6ller. Jeres kvalifikationer skal ogs\u00e5 spille sammen med andre udfordringer i vores liv. Derfor handler det ikke kun om faglighed og den ideale siddeposition. En lang r\u00e6kke andre forst\u00e5elser h\u00f8rer hjemme i den sammenh\u00e6ng. Ikke kun vores siddestilling. Ikke kun vores handicap, men det hele menneske.<\/p>\n<p><a href=\"https:\/\/jan-jakobsen.dk\/https:\/\/jan-jakobsen.dk\/wp-content\/uploads\/2018\/09\/Userinvolvement-Wednesday-final.003.jpeg\"><img loading=\"lazy\" decoding=\"async\" class=\"alignleft wp-image-7767 size-large\" src=\"https:\/\/jan-jakobsen.dk\/https:\/\/jan-jakobsen.dk\/wp-content\/uploads\/2018\/09\/Userinvolvement-Wednesday-final.003-620x349.jpeg\" alt=\"\" width=\"620\" height=\"349\" srcset=\"https:\/\/jan-jakobsen.dk\/http:\/\/jan-jakobsen.dk\/wp-content\/uploads\/2018\/09\/Userinvolvement-Wednesday-final.003-620x349.jpeg 620w, https:\/\/jan-jakobsen.dk\/http:\/\/jan-jakobsen.dk\/wp-content\/uploads\/2018\/09\/Userinvolvement-Wednesday-final.003-300x169.jpeg 300w, https:\/\/jan-jakobsen.dk\/http:\/\/jan-jakobsen.dk\/wp-content\/uploads\/2018\/09\/Userinvolvement-Wednesday-final.003.jpeg 720w\" sizes=\"auto, (max-width: 620px) 100vw, 620px\" \/><\/a><br \/>\nFor at n\u00e5 jeres m\u00e5l, er jeg n\u00e6sten sikker p\u00e5, at I har en proces, der grundl\u00e6ggende og sk\u00e5ret ind til benet indeholder dette:<\/p>\n<ul>\n<li>Lyt til brugeren.<\/li>\n<li>Observer selv problemerne.<\/li>\n<li>Foresl\u00e5 brugeren l\u00f8sninger.<\/li>\n<li>V\u00e6r opm\u00e6rksom p\u00e5 brugerens reaktioner p\u00e5 jeres forslag.<\/li>\n<li>Reflektere over den viden I f\u00e5r.<\/li>\n<\/ul>\n<p><a href=\"https:\/\/jan-jakobsen.dk\/https:\/\/jan-jakobsen.dk\/wp-content\/uploads\/2018\/09\/Userinvolvement-Wednesday-final.004.jpeg\"><img loading=\"lazy\" decoding=\"async\" class=\"alignleft wp-image-7768 size-large\" src=\"https:\/\/jan-jakobsen.dk\/https:\/\/jan-jakobsen.dk\/wp-content\/uploads\/2018\/09\/Userinvolvement-Wednesday-final.004-620x349.jpeg\" alt=\"\" width=\"620\" height=\"349\" srcset=\"https:\/\/jan-jakobsen.dk\/http:\/\/jan-jakobsen.dk\/wp-content\/uploads\/2018\/09\/Userinvolvement-Wednesday-final.004-620x349.jpeg 620w, https:\/\/jan-jakobsen.dk\/http:\/\/jan-jakobsen.dk\/wp-content\/uploads\/2018\/09\/Userinvolvement-Wednesday-final.004-300x169.jpeg 300w, https:\/\/jan-jakobsen.dk\/http:\/\/jan-jakobsen.dk\/wp-content\/uploads\/2018\/09\/Userinvolvement-Wednesday-final.004.jpeg 720w\" sizes=\"auto, (max-width: 620px) 100vw, 620px\" \/><\/a><\/p>\n<p>Refleksionen er vigtig:<\/p>\n<ul>\n<li>Den omfatter bl.a. at I sp\u00f8rger jer selv: Er jeres forslag den bedste l\u00f8sning &#8211; set fra alle vinkler?<\/li>\n<li>Selvf\u00f8lgelig t\u00e6ller jeres faglige viden, men jeres reflektion skal ogs\u00e5 rumme brugerens samlede situation.<\/li>\n<li>Mulige l\u00f8sninger &#8211; ikke bare et sp\u00f8rgsm\u00e5l om jeres l\u00f8sninger eller brugerens l\u00f8sninger. Andre aspekter kan f.eks. spille en rolle: det kan v\u00e6re \u00f8konomi eller andre hindringer.<\/li>\n<li>Brugerens reaktion. Den er det absolut vigtigste for mig &#8230; uden tvivl.<\/li>\n<\/ul>\n<p><a href=\"https:\/\/jan-jakobsen.dk\/https:\/\/jan-jakobsen.dk\/wp-content\/uploads\/2018\/09\/Userinvolvement-Wednesday-final.005.jpeg\"><img loading=\"lazy\" decoding=\"async\" class=\"alignleft wp-image-7769 size-large\" src=\"https:\/\/jan-jakobsen.dk\/https:\/\/jan-jakobsen.dk\/wp-content\/uploads\/2018\/09\/Userinvolvement-Wednesday-final.005-620x349.jpeg\" alt=\"\" width=\"620\" height=\"349\" srcset=\"https:\/\/jan-jakobsen.dk\/http:\/\/jan-jakobsen.dk\/wp-content\/uploads\/2018\/09\/Userinvolvement-Wednesday-final.005-620x349.jpeg 620w, https:\/\/jan-jakobsen.dk\/http:\/\/jan-jakobsen.dk\/wp-content\/uploads\/2018\/09\/Userinvolvement-Wednesday-final.005-300x169.jpeg 300w, https:\/\/jan-jakobsen.dk\/http:\/\/jan-jakobsen.dk\/wp-content\/uploads\/2018\/09\/Userinvolvement-Wednesday-final.005.jpeg 720w\" sizes=\"auto, (max-width: 620px) 100vw, 620px\" \/><\/a><\/p>\n<p>Der er nogle vigtige ord i denne sammenh\u00e6ng. Vi kan kalde dem buzzwords. Ord, vi ofte siger, men som vi ikke altid har en f\u00e6lles forst\u00e5else af. Selv om uklare begreber forvirrer, giver det stadig mening at n\u00e6vne dem:<\/p>\n<ul>\n<li>Respekter brugeren. Det er vigtigt at respektere brugeren, selv om brugeren ikke er i stand til at beskrive sine behov klart. Kun ved at respektere brugeren kan I l\u00e6gge den helt n\u00f8dvendige indsats i at afd\u00e6kke brugerens egne \u00f8nsker.<\/li>\n<li>Hvis I ikke involverer brugeren, er der risiko for at \u201copfinde&#8221; l\u00f8sninger, der aldrig kommer til at fungere. P\u00e5 den m\u00e5de bliver mange og gode kr\u00e6fter spildt. Enten fordi brugeren ikke forst\u00e5r l\u00f8sningen eller ikke kan acceptere den.<\/li>\n<li>Empati &#8211; evnen til at genkende og forst\u00e5 andres f\u00f8lelser. Det beskrives ofte som evnen til at s\u00e6tte sig i andres sted &#8211; men m\u00e5 ikke forveksles med sympati.<\/li>\n<li>Kommunikation &#8211; et sp\u00f8rgsm\u00e5l om at kunne afl\u00e6se de mindste reaktioner hos brugeren &#8211; og forst\u00e5 dem. Vel at m\u00e6rke p\u00e5 brugerens vilk\u00e5r og ikke jeres faglige vilk\u00e5r. Det er vigtigt at huske, at kommunikation er meget mere end det talte ord. Mange med handicap kommunikerer med ord p\u00e5 mange forskellige m\u00e5der mens andre enten er besv\u00e6ret i denne kommunikation eller ikke kan kommunikere med ord.<\/li>\n<\/ul>\n<p><a href=\"https:\/\/jan-jakobsen.dk\/https:\/\/jan-jakobsen.dk\/wp-content\/uploads\/2018\/09\/Userinvolvement-Wednesday-final.006.jpeg\"><img loading=\"lazy\" decoding=\"async\" class=\"alignleft wp-image-7770 size-large\" src=\"https:\/\/jan-jakobsen.dk\/https:\/\/jan-jakobsen.dk\/wp-content\/uploads\/2018\/09\/Userinvolvement-Wednesday-final.006-620x349.jpeg\" alt=\"\" width=\"620\" height=\"349\" srcset=\"https:\/\/jan-jakobsen.dk\/http:\/\/jan-jakobsen.dk\/wp-content\/uploads\/2018\/09\/Userinvolvement-Wednesday-final.006-620x349.jpeg 620w, https:\/\/jan-jakobsen.dk\/http:\/\/jan-jakobsen.dk\/wp-content\/uploads\/2018\/09\/Userinvolvement-Wednesday-final.006-300x169.jpeg 300w, https:\/\/jan-jakobsen.dk\/http:\/\/jan-jakobsen.dk\/wp-content\/uploads\/2018\/09\/Userinvolvement-Wednesday-final.006.jpeg 720w\" sizes=\"auto, (max-width: 620px) 100vw, 620px\" \/><\/a><\/p>\n<p>Et enkelt eksempel. I en artikel om Hanne, der har A.L.S., fort\u00e6ller hun om, hvordan andre mennesker nogle gange tror, at hun har en hjerneskade, fordi hun ikke taler s\u00e5 godt. Hun f\u00f8ler sig overh\u00f8rt og at der bliver talt hen over hovedet p\u00e5 hende. Det n\u00e6gter hun forst\u00e5eligt nok at acceptere.<\/p>\n<p>Det fort\u00e6ller Hanne og mange andre mennesker med A.L.S. om i et projekt lavet af journalist J\u00f8rgen Jeppesen for RCfM 1).<\/p>\n<p><a href=\"https:\/\/jan-jakobsen.dk\/https:\/\/jan-jakobsen.dk\/wp-content\/uploads\/2018\/09\/Userinvolvement-Wednesday-final.007.jpeg\"><img loading=\"lazy\" decoding=\"async\" class=\"alignleft wp-image-7771 size-large\" src=\"https:\/\/jan-jakobsen.dk\/https:\/\/jan-jakobsen.dk\/wp-content\/uploads\/2018\/09\/Userinvolvement-Wednesday-final.007-620x349.jpeg\" alt=\"\" width=\"620\" height=\"349\" srcset=\"https:\/\/jan-jakobsen.dk\/http:\/\/jan-jakobsen.dk\/wp-content\/uploads\/2018\/09\/Userinvolvement-Wednesday-final.007-620x349.jpeg 620w, https:\/\/jan-jakobsen.dk\/http:\/\/jan-jakobsen.dk\/wp-content\/uploads\/2018\/09\/Userinvolvement-Wednesday-final.007-300x169.jpeg 300w, https:\/\/jan-jakobsen.dk\/http:\/\/jan-jakobsen.dk\/wp-content\/uploads\/2018\/09\/Userinvolvement-Wednesday-final.007.jpeg 720w\" sizes=\"auto, (max-width: 620px) 100vw, 620px\" \/><\/a><\/p>\n<p>Opsummering:<\/p>\n<ul>\n<li>Der kan v\u00e6re mange skjulte barrierer i et samarbejde. Ikke kun i jeres kendskab til vores reaktioner &#8211; men ogs\u00e5 i vores ofte velbegrundede frygt for at blive sygeliggjort mere end der er bel\u00e6g for. Det h\u00e6nger i nogen grad ogs\u00e5 sammen med vores egen accept af vores situation.<\/li>\n<li>Som professionelle er det en af jeres opgaver at fort\u00e6lle os om konsekvenserne, hvis vi ikke f\u00f8lger jeres anbefalinger.<\/li>\n<li>Det er vigtigt at n\u00e5 frem til kompromiser, der giver de bedste resultater &#8211; b\u00e5de ud fra jeres faglige viden og ud fra respekten for vores \u00f8nsker for det gode liv. Det er ikke n\u00f8dvendigvis det samme.<\/li>\n<\/ul>\n<p>Og husk, at vi som brugere er de allervigtigste samarbejdspartnere for enhver terapeut, n\u00e5r det g\u00e6lder siddestillinger.<\/p>\n<p><a href=\"https:\/\/jan-jakobsen.dk\/https:\/\/jan-jakobsen.dk\/wp-content\/uploads\/2018\/09\/Userinvolvement-Wednesday-final.pdf\"><img loading=\"lazy\" decoding=\"async\" class=\"alignleft size-medium wp-image-7780\" src=\"https:\/\/jan-jakobsen.dk\/https:\/\/jan-jakobsen.dk\/wp-content\/uploads\/2018\/09\/PP-userinvolvement-300x168.png\" alt=\"\" width=\"300\" height=\"168\" srcset=\"https:\/\/jan-jakobsen.dk\/http:\/\/jan-jakobsen.dk\/wp-content\/uploads\/2018\/09\/PP-userinvolvement-300x168.png 300w, https:\/\/jan-jakobsen.dk\/http:\/\/jan-jakobsen.dk\/wp-content\/uploads\/2018\/09\/PP-userinvolvement.png 400w\" sizes=\"auto, (max-width: 300px) 100vw, 300px\" \/><\/a>\u00a0<a href=\"https:\/\/jan-jakobsen.dk\/https:\/\/jan-jakobsen.dk\/wp-content\/uploads\/2018\/09\/Userinvolvement-Wednesday-final.pdf\" target=\"_blank\" rel=\"noopener\"><strong>Se den fulde PowerPoint som pdf her<\/strong><\/a><\/p>\n<p>(det er en l\u00e6sbar pdf)<\/p>\n","protected":false},"excerpt":{"rendered":"<p>Dette er en omskrivning af det opl\u00e6g, jeg holdt p\u00e5 \u201cNordisk Siddesymposium 2018\u201c onsdag den 5. september. Symposiet g\u00e5r p\u00e5 skift mellem de nordiske lande, og blev denne gang afholdt i K\u00f8benhavn i dagene 4.-6. september med Socialstyrelsen som tovholder. &hellip; <a href=\"https:\/\/jan-jakobsen.dk\/?p=7763\">L\u00e6s resten <span class=\"meta-nav\">&rarr;<\/span><\/a><\/p>\n","protected":false},"author":3,"featured_media":0,"comment_status":"open","ping_status":"open","sticky":false,"template":"","format":"standard","meta":{"footnotes":""},"categories":[1],"tags":[817,178,12,637,816,450,815],"class_list":["post-7763","post","type-post","status-publish","format-standard","hentry","category-uncategorized","tag-brugerinddragelse","tag-handicap-2","tag-hjlpemidler","tag-koerestol","tag-nordisk-siddesymposium-2018","tag-rcfm","tag-siddestilling"],"_links":{"self":[{"href":"https:\/\/jan-jakobsen.dk\/index.php?rest_route=\/wp\/v2\/posts\/7763","targetHints":{"allow":["GET"]}}],"collection":[{"href":"https:\/\/jan-jakobsen.dk\/index.php?rest_route=\/wp\/v2\/posts"}],"about":[{"href":"https:\/\/jan-jakobsen.dk\/index.php?rest_route=\/wp\/v2\/types\/post"}],"author":[{"embeddable":true,"href":"https:\/\/jan-jakobsen.dk\/index.php?rest_route=\/wp\/v2\/users\/3"}],"replies":[{"embeddable":true,"href":"https:\/\/jan-jakobsen.dk\/index.php?rest_route=%2Fwp%2Fv2%2Fcomments&post=7763"}],"version-history":[{"count":12,"href":"https:\/\/jan-jakobsen.dk\/index.php?rest_route=\/wp\/v2\/posts\/7763\/revisions"}],"predecessor-version":[{"id":60301,"href":"https:\/\/jan-jakobsen.dk\/index.php?rest_route=\/wp\/v2\/posts\/7763\/revisions\/60301"}],"wp:attachment":[{"href":"https:\/\/jan-jakobsen.dk\/index.php?rest_route=%2Fwp%2Fv2%2Fmedia&parent=7763"}],"wp:term":[{"taxonomy":"category","embeddable":true,"href":"https:\/\/jan-jakobsen.dk\/index.php?rest_route=%2Fwp%2Fv2%2Fcategories&post=7763"},{"taxonomy":"post_tag","embeddable":true,"href":"https:\/\/jan-jakobsen.dk\/index.php?rest_route=%2Fwp%2Fv2%2Ftags&post=7763"}],"curies":[{"name":"wp","href":"https:\/\/api.w.org\/{rel}","templated":true}]}}