{"id":7759,"date":"2018-09-07T06:10:47","date_gmt":"2018-09-07T04:10:47","guid":{"rendered":"http:\/\/jan-jakobsen.dk\/?p=7759"},"modified":"2024-05-05T00:33:05","modified_gmt":"2024-05-04T22:33:05","slug":"7759","status":"publish","type":"post","link":"https:\/\/jan-jakobsen.dk\/?p=7759","title":{"rendered":"Opl\u00e6g p\u00e5 Nordisk Siddesymposium"},"content":{"rendered":"<div class=\"wp-block-image\">\n<figure class=\"alignleft is-resized\"><a href=\"https:\/\/jan-jakobsen.dk\/https:\/\/jan-jakobsen.dk\/wp-content\/uploads\/2018\/09\/DSC01895-2.jpg\"><img loading=\"lazy\" decoding=\"async\" width=\"620\" height=\"895\" src=\"https:\/\/jan-jakobsen.dk\/https:\/\/jan-jakobsen.dk\/wp-content\/uploads\/2018\/09\/DSC01895-2-620x895.jpg\" alt=\"\" class=\"wp-image-7760\" style=\"width:300px\" srcset=\"https:\/\/jan-jakobsen.dk\/http:\/\/jan-jakobsen.dk\/wp-content\/uploads\/2018\/09\/DSC01895-2-620x895.jpg 620w, https:\/\/jan-jakobsen.dk\/http:\/\/jan-jakobsen.dk\/wp-content\/uploads\/2018\/09\/DSC01895-2-208x300.jpg 208w, https:\/\/jan-jakobsen.dk\/http:\/\/jan-jakobsen.dk\/wp-content\/uploads\/2018\/09\/DSC01895-2.jpg 1663w\" sizes=\"auto, (max-width: 620px) 100vw, 620px\" \/><\/a><\/figure>\n<\/div>\n\n\n<p>Onsdag 5. og torsdag 6. september holdt jeg 2 opl\u00e6g p\u00e5 Nordisk Siddesymposium 2018, som i \u00e5r blev afholdt af Socialstyrelsen og de nordiske samarbejdspartnere. Denne gang i K\u00f8benhavn.<\/p>\n\n\n\n<p>Siddesymposiet holdt pr\u00e6-workshops og konference i K\u00f8benhavn om siddestillinger og mennesker med funktionsneds\u00e6ttelse.<\/p>\n\n\n\n<p>Min opgave var at bidrage med input omkring brugerinddragelse og l\u00e6gge en brugervinkel p\u00e5, hvordan vi l\u00f8ser det at sidde i fx. vores k\u00f8restole.<\/p>\n\n\n\n<p>Jeg er &#8220;totalt befriet&#8221; for fagli<span class=\"text_exposed_show\">g viden udover de r\u00e5d jeg selv har f\u00e5et &#8211; og for nogles vedkommende har overh\u00f8rt (ogs\u00e5 med konsekvenser for mig selv).<\/span><\/p>\n\n\n\n<!--more-->\n\n\n\n<p><span class=\"text_exposed_show\">Men jeg tror, at jeg ved noget om den angst, som griber os i m\u00f8det med professionelle, der har l\u00f8sninger, som langtfra altid er de samme, vi som brugere \u00f8nsker os.<\/span><\/p>\n\n\n<div class=\"wp-block-image\">\n<figure class=\"alignleft\"><a href=\"https:\/\/jan-jakobsen.dk\/https:\/\/jan-jakobsen.dk\/wp-content\/uploads\/2018\/09\/20180906_143748-2.jpg\"><img loading=\"lazy\" decoding=\"async\" width=\"300\" height=\"225\" src=\"https:\/\/jan-jakobsen.dk\/https:\/\/jan-jakobsen.dk\/wp-content\/uploads\/2018\/09\/20180906_143748-2-300x225.jpg\" alt=\"\" class=\"wp-image-7761\" srcset=\"https:\/\/jan-jakobsen.dk\/http:\/\/jan-jakobsen.dk\/wp-content\/uploads\/2018\/09\/20180906_143748-2-300x225.jpg 300w, https:\/\/jan-jakobsen.dk\/http:\/\/jan-jakobsen.dk\/wp-content\/uploads\/2018\/09\/20180906_143748-2-620x465.jpg 620w, https:\/\/jan-jakobsen.dk\/http:\/\/jan-jakobsen.dk\/wp-content\/uploads\/2018\/09\/20180906_143748-2.jpg 1200w\" sizes=\"auto, (max-width: 300px) 100vw, 300px\" \/><\/a><\/figure>\n<\/div>\n\n\n<p><span class=\"text_exposed_show\">Det ene opl\u00e6g var om brugerinddragelse i processen, som er en videnskab i sig selv, da det kr\u00e6ver b\u00e5de respekt og empati &#8211; og at man er i stand til at &#8220;afl\u00e6se&#8221; de mange brugere, der kommunikerer p\u00e5 andre m\u00e5der end med sproget.<\/span><\/p>\n\n\n\n<p><span class=\"text_exposed_show\">Det andet opl\u00e6g var om mine personlige erfaringer gennem livet. Det bliver straks noget anderledes, n\u00e5r man tager udgangspunkt i sig selv. Jeg, og mange andre tillader jeg mig at tro, ser ikke isoleret p\u00e5 siddestillinger, men p\u00e5 et helt liv, vi skal have til at fungere &#8211; og ofte prioriterer vi frihed over &#8220;korrekte siddestillinger&#8221;.<\/span><\/p>\n\n\n<div class=\"wp-block-image\">\n<figure class=\"alignright\"><a href=\"https:\/\/jan-jakobsen.dk\/https:\/\/jan-jakobsen.dk\/wp-content\/uploads\/2018\/09\/PART_1536265895822001-2.jpg\"><img loading=\"lazy\" decoding=\"async\" width=\"300\" height=\"225\" src=\"https:\/\/jan-jakobsen.dk\/https:\/\/jan-jakobsen.dk\/wp-content\/uploads\/2018\/09\/PART_1536265895822001-2-300x225.jpg\" alt=\"\" class=\"wp-image-7762\" srcset=\"https:\/\/jan-jakobsen.dk\/http:\/\/jan-jakobsen.dk\/wp-content\/uploads\/2018\/09\/PART_1536265895822001-2-300x225.jpg 300w, https:\/\/jan-jakobsen.dk\/http:\/\/jan-jakobsen.dk\/wp-content\/uploads\/2018\/09\/PART_1536265895822001-2-620x465.jpg 620w, https:\/\/jan-jakobsen.dk\/http:\/\/jan-jakobsen.dk\/wp-content\/uploads\/2018\/09\/PART_1536265895822001-2.jpg 1200w\" sizes=\"auto, (max-width: 300px) 100vw, 300px\" \/><\/a><\/figure>\n<\/div>\n\n\n<p><span class=\"text_exposed_show\">Da jeg skulle forberede denne session, fandt jeg gamle fotos frem med k\u00f8restole og det gik op for mig hvilken udvikling, der har v\u00e6ret fra min f\u00f8rste manuelle k\u00f8restol over min f\u00f8rste elektriske til den el-stol jeg bruger i dag. De 2 f\u00f8rstn\u00e6vnte var firkantede transportmidler, ofte i voksenst\u00f8rrelse, vi blev &#8220;klasket&#8221; ned i uden omtanke for at vi brugte dem op til 16-18 timer om dagen.<\/span><\/p>\n\n\n\n<p><span class=\"text_exposed_show\">Jeg havde til lejligheden f\u00e5et lavet det f\u00f8rste foto, der mere beskriver min f\u00f8lelse end hvordan det ser ud i virkeligheden. Alle ved jo at vi i dag ikke regulerer siddeposition med reb&#8230; men det fjerner ikke fornemmelsen.<\/span><\/p>\n\n\n\n<p><span class=\"text_exposed_show\">De 2 \u00f8vrige fotos er \u00f8jebliksbilleder fra selve konferencen, hvor der deltog omkring 400 terapeuter, hj\u00e6lpemiddelfolk og forskere.<\/span><\/p>\n","protected":false},"excerpt":{"rendered":"<p>Onsdag 5. og torsdag 6. september holdt jeg 2 opl\u00e6g p\u00e5 Nordisk Siddesymposium 2018. Min opgave var at bidrage med input omkring brugerinddragelse og l\u00e6gge en brugervinkel p\u00e5, hvordan vi l\u00f8ser det at sidde i fx. vores k\u00f8restole. <a href=\"https:\/\/jan-jakobsen.dk\/?p=7759\">L\u00e6s resten <span class=\"meta-nav\">&rarr;<\/span><\/a><\/p>\n","protected":false},"author":3,"featured_media":0,"comment_status":"open","ping_status":"open","sticky":false,"template":"","format":"standard","meta":{"footnotes":""},"categories":[1],"tags":[],"class_list":["post-7759","post","type-post","status-publish","format-standard","hentry","category-uncategorized"],"_links":{"self":[{"href":"https:\/\/jan-jakobsen.dk\/index.php?rest_route=\/wp\/v2\/posts\/7759","targetHints":{"allow":["GET"]}}],"collection":[{"href":"https:\/\/jan-jakobsen.dk\/index.php?rest_route=\/wp\/v2\/posts"}],"about":[{"href":"https:\/\/jan-jakobsen.dk\/index.php?rest_route=\/wp\/v2\/types\/post"}],"author":[{"embeddable":true,"href":"https:\/\/jan-jakobsen.dk\/index.php?rest_route=\/wp\/v2\/users\/3"}],"replies":[{"embeddable":true,"href":"https:\/\/jan-jakobsen.dk\/index.php?rest_route=%2Fwp%2Fv2%2Fcomments&post=7759"}],"version-history":[{"count":2,"href":"https:\/\/jan-jakobsen.dk\/index.php?rest_route=\/wp\/v2\/posts\/7759\/revisions"}],"predecessor-version":[{"id":60302,"href":"https:\/\/jan-jakobsen.dk\/index.php?rest_route=\/wp\/v2\/posts\/7759\/revisions\/60302"}],"wp:attachment":[{"href":"https:\/\/jan-jakobsen.dk\/index.php?rest_route=%2Fwp%2Fv2%2Fmedia&parent=7759"}],"wp:term":[{"taxonomy":"category","embeddable":true,"href":"https:\/\/jan-jakobsen.dk\/index.php?rest_route=%2Fwp%2Fv2%2Fcategories&post=7759"},{"taxonomy":"post_tag","embeddable":true,"href":"https:\/\/jan-jakobsen.dk\/index.php?rest_route=%2Fwp%2Fv2%2Ftags&post=7759"}],"curies":[{"name":"wp","href":"https:\/\/api.w.org\/{rel}","templated":true}]}}