{"id":7734,"date":"2018-03-24T08:11:14","date_gmt":"2018-03-24T07:11:14","guid":{"rendered":"http:\/\/jan-jakobsen.dk\/?p=7734"},"modified":"2024-05-05T00:36:14","modified_gmt":"2024-05-04T22:36:14","slug":"aarets-handikappris-gaar-til-cecilie-moeller-kristiansen","status":"publish","type":"post","link":"https:\/\/jan-jakobsen.dk\/?p=7734","title":{"rendered":"\u00c5rets handikappris g\u00e5r til Cecilie M\u00f8ller Kristiansen"},"content":{"rendered":"<div class=\"wp-block-image\">\n<figure class=\"alignleft is-resized\"><a href=\"https:\/\/jan-jakobsen.dk\/https:\/\/jan-jakobsen.dk\/wp-content\/uploads\/2018\/03\/IMG_20180324_005554_628.jpg\"><img loading=\"lazy\" decoding=\"async\" width=\"300\" height=\"300\" src=\"https:\/\/jan-jakobsen.dk\/https:\/\/jan-jakobsen.dk\/wp-content\/uploads\/2018\/03\/IMG_20180324_005554_628-300x300.jpg\" alt=\"\" class=\"wp-image-7736\" style=\"width:300px\" srcset=\"https:\/\/jan-jakobsen.dk\/http:\/\/jan-jakobsen.dk\/wp-content\/uploads\/2018\/03\/IMG_20180324_005554_628-300x300.jpg 300w, https:\/\/jan-jakobsen.dk\/http:\/\/jan-jakobsen.dk\/wp-content\/uploads\/2018\/03\/IMG_20180324_005554_628-150x150.jpg 150w, https:\/\/jan-jakobsen.dk\/http:\/\/jan-jakobsen.dk\/wp-content\/uploads\/2018\/03\/IMG_20180324_005554_628.jpg 480w\" sizes=\"auto, (max-width: 300px) 100vw, 300px\" \/><\/a><\/figure>\n<\/div>\n\n\n<p><em><strong>Min tale ved uddelingen af Handikapprisen 2018 ved Ringsted-Galla (#ringstedgalla) i Ringsted Kongrescenter 23. marts 2018:<\/strong><\/em><\/p>\n\n\n\n<p><strong>\u00c5rets handikappris g\u00e5r til Cecilie M\u00f8ller Kristiansen<\/strong><\/p>\n\n\n\n<p>Igen i \u00e5r har Ringsted byr\u00e5d valgt en rollemodel som modtager af Handikapprisen.<\/p>\n\n\n\n<p>Cecilie, du har bl.a. vist et <b>mod<\/b>,&nbsp; ved sammen med andre med handikap,&nbsp; <b>at stille op<\/b> til den landsd\u00e6kkende kampagne &#8220;Hvor sv\u00e6rt kan det v\u00e6re&#8221;.<\/p>\n\n\n\n<!--more-->\n\n\n\n<p>Kampagnen skal f\u00e5 b\u00f8rn og unge med handikap til <b>at dyrke idr\u00e6t<\/b>. Idr\u00e6t p\u00e5 trods af et handikap. Du <b>t\u00f8r<\/b> st\u00e5 frem, <b>vise<\/b> dit handikap og overbevise os andre om, at <i><b>det slet ikke er s\u00e5 sv\u00e6rt<\/b><\/i>. At <b>ingen af os er perfekte<\/b>, men at vi alligevel kan.<\/p>\n\n\n\n<p>Det er mennesker som dig,&nbsp; Cecilie, der g\u00e5r <b>forrest<\/b>&nbsp;i at skabe modet. Du har ved siden af at v\u00e6re elitesv\u00f8mmer inden for parasport taget en uddannelse, og er nu aktiv som tr\u00e6ner i Ringsted Sv\u00f8mmeklub. Du er <b>et str\u00e5lende eksempel<\/b> p\u00e5 at det kan lade sig g\u00f8re &#8211; <b>ogs\u00e5<\/b> med et handikap.<\/p>\n\n\n\n<p>Jeg skal ikke tale s\u00e5 meget, selv om <b>det ellers er min yndlingssport<\/b>, for vi skal lige n\u00e5 at se den video, du er med i, og som s\u00e5 overbevisende fort\u00e6ller b\u00f8rn og unge med handikap, at der <b>er<\/b> muligheder &#8211; <b>ogs\u00e5 for dem<\/b>.<\/p>\n\n\n\n<p>&#8211; &#8211; &#8211; &#8211; &#8211;<\/p>\n\n\n\n<p>Efter videoen:<\/p>\n\n\n\n<p>Cecilie, det er <b>velfortjent<\/b>, at du f\u00e5r Handikapprisen. For mange med handikap er det en kamp at vinde &#8211; ikke mindst over de barrierer,&nbsp; der er &#8211; ogs\u00e5 i \u00e9n selv. Tak for din store indsats indtil nu og tillykke med Handikapprisen 2018.<\/p>\n","protected":false},"excerpt":{"rendered":"<p>Min tale ved uddelingen af Handikapprisen 2018 ved Ringsted-Galla (#ringstedgalla) i Ringsted Kongrescenter 23. marts 2018: \u00c5rets handikappris g\u00e5r til Cecilie M\u00f8ller Kristiansen Igen i \u00e5r har Ringsted byr\u00e5d valgt en rollemodel som modtager af Handikapprisen. Cecilie, du har bl.a. &hellip; <a href=\"https:\/\/jan-jakobsen.dk\/?p=7734\">L\u00e6s resten <span class=\"meta-nav\">&rarr;<\/span><\/a><\/p>\n","protected":false},"author":3,"featured_media":0,"comment_status":"open","ping_status":"open","sticky":false,"template":"","format":"standard","meta":{"footnotes":""},"categories":[1],"tags":[],"class_list":["post-7734","post","type-post","status-publish","format-standard","hentry","category-uncategorized"],"_links":{"self":[{"href":"https:\/\/jan-jakobsen.dk\/index.php?rest_route=\/wp\/v2\/posts\/7734","targetHints":{"allow":["GET"]}}],"collection":[{"href":"https:\/\/jan-jakobsen.dk\/index.php?rest_route=\/wp\/v2\/posts"}],"about":[{"href":"https:\/\/jan-jakobsen.dk\/index.php?rest_route=\/wp\/v2\/types\/post"}],"author":[{"embeddable":true,"href":"https:\/\/jan-jakobsen.dk\/index.php?rest_route=\/wp\/v2\/users\/3"}],"replies":[{"embeddable":true,"href":"https:\/\/jan-jakobsen.dk\/index.php?rest_route=%2Fwp%2Fv2%2Fcomments&post=7734"}],"version-history":[{"count":3,"href":"https:\/\/jan-jakobsen.dk\/index.php?rest_route=\/wp\/v2\/posts\/7734\/revisions"}],"predecessor-version":[{"id":60305,"href":"https:\/\/jan-jakobsen.dk\/index.php?rest_route=\/wp\/v2\/posts\/7734\/revisions\/60305"}],"wp:attachment":[{"href":"https:\/\/jan-jakobsen.dk\/index.php?rest_route=%2Fwp%2Fv2%2Fmedia&parent=7734"}],"wp:term":[{"taxonomy":"category","embeddable":true,"href":"https:\/\/jan-jakobsen.dk\/index.php?rest_route=%2Fwp%2Fv2%2Fcategories&post=7734"},{"taxonomy":"post_tag","embeddable":true,"href":"https:\/\/jan-jakobsen.dk\/index.php?rest_route=%2Fwp%2Fv2%2Ftags&post=7734"}],"curies":[{"name":"wp","href":"https:\/\/api.w.org\/{rel}","templated":true}]}}