{"id":7725,"date":"2018-01-02T07:30:01","date_gmt":"2018-01-02T06:30:01","guid":{"rendered":"http:\/\/jan-jakobsen.dk\/?p=7725"},"modified":"2024-05-05T00:56:13","modified_gmt":"2024-05-04T22:56:13","slug":"opgoer-med-selvstyre-men-hvorfor","status":"publish","type":"post","link":"https:\/\/jan-jakobsen.dk\/?p=7725","title":{"rendered":"Opg\u00f8r med selvstyre &#8211; men hvorfor?"},"content":{"rendered":"<div class=\"wp-block-image\">\n<figure class=\"alignleft size-large is-resized\"><img loading=\"lazy\" decoding=\"async\" width=\"620\" height=\"413\" src=\"https:\/\/jan-jakobsen.dk\/https:\/\/jan-jakobsen.dk\/wp-content\/uploads\/2024\/05\/E52A6537-E486-4B99-BFBA-17C0FEEBBCF2-620x413.jpeg\" alt=\"\" class=\"wp-image-60306\" style=\"width:300px\" srcset=\"https:\/\/jan-jakobsen.dk\/http:\/\/jan-jakobsen.dk\/wp-content\/uploads\/2024\/05\/E52A6537-E486-4B99-BFBA-17C0FEEBBCF2-620x413.jpeg 620w, https:\/\/jan-jakobsen.dk\/http:\/\/jan-jakobsen.dk\/wp-content\/uploads\/2024\/05\/E52A6537-E486-4B99-BFBA-17C0FEEBBCF2-300x200.jpeg 300w, https:\/\/jan-jakobsen.dk\/http:\/\/jan-jakobsen.dk\/wp-content\/uploads\/2024\/05\/E52A6537-E486-4B99-BFBA-17C0FEEBBCF2-1536x1024.jpeg 1536w, https:\/\/jan-jakobsen.dk\/http:\/\/jan-jakobsen.dk\/wp-content\/uploads\/2024\/05\/E52A6537-E486-4B99-BFBA-17C0FEEBBCF2-2048x1365.jpeg 2048w\" sizes=\"auto, (max-width: 620px) 100vw, 620px\" \/><\/figure>\n<\/div>\n\n\n<p>Statsministeren er parat til at g\u00f8re op med det kommunale selvstyre for at bek\u00e6mpe de parallelsamfund, hvor mange lever efter andre normer end de g\u00e6ngse i Danmark. S\u00e5dan l\u00e6gger landets statsminister ud p\u00e5 den f\u00f8rste dag i \u00e5r 2018.<\/p>\n\n\n\n<p>For mig er der noget ubehageligt ildevarslende over en s\u00e5dan udmelding. Og grunden er tydelig nok: for&nbsp;mange lever efter andre normer end de g\u00e6ngse i Danmark og jeg fornemmer en klar undertone af opg\u00f8r med mangfoldighed. Det er d\u00e9t, jeg finder b\u00e5de ubehageligt og ildevarslende. Jeg ser det mere konfrontatorisk og konfliktskabende end et fors\u00f8g p\u00e5 at l\u00f8se konflikter, der m\u00e5tte v\u00e6re.<\/p>\n\n\n\n<!--more-->\n\n\n\n<p>For mig rejser der sig st\u00f8rre og mere fundamentale problemer end om nogen&nbsp;lever efter andre normer end de g\u00e6ngse i Danmark. Jeg kan godt leve med andre kulturer end min egen &#8211; og jeg har sv\u00e6rt ved at se de store ligheder mellem mig og vores statsminister, hvis vi ser bort fra at vi er f\u00f8dt i samme land og tilh\u00f8rer samme sprogstamme. N\u00e5r alt kommer til alt langt fra det samme som at sige, at vi udg\u00f8r et f\u00e6llesskab mod andre.<\/p>\n\n\n\n<p>Statsministeren pr\u00f8ver at g\u00f8re os bevidst om situationens ved at afsl\u00f8re, hvilke alvorlige skridt han er parat til at tage for at komme de s\u00e5kaldte parallelsamfund til livs: han er&nbsp;parat til at g\u00f8re op med selv det kommunale selvstyre for at bek\u00e6mpe parallelsamfundene. Det er et alvorlig skridt. Et skridt vi godt kunne have brug for, n\u00e5r det g\u00e6lder om at bek\u00e6mpe kommunernes ut\u00e5lelige og alt for ofte ulovlige omgang med retssikkerheden p\u00e5 det sociale omr\u00e5de.<\/p>\n\n\n\n<p>Men det sker ikke &#8211; af 2 grunde: retssikkerhed er ikke en b\u00f8lge, h\u00f8jrekr\u00e6fterne vil ride p\u00e5 for at g\u00f8re sig popul\u00e6re. Er der noget L\u00f8kke har br<span class=\"text_exposed_show\">ug for lige nu, s\u00e5 er det popularitet. Det er et godt og afpr\u00f8vet v\u00e5ben at skabe sig en popul\u00e6r position ved at angribe mennesker af anden etnisk herkomst, race og sprog. S\u00e5danne angreb har reddet flere partier og politikere og desv\u00e6rre med alt for stort held. Der er ikke noget at sige til, at en tr\u00e6ngt og alt andet end popul\u00e6r statsminister ogs\u00e5 pr\u00f8ver at vende sin lykke med dette trick.<\/span><\/p>\n\n\n\n<div class=\"text_exposed_show\">\n<p>Selve angrebet p\u00e5 flygtninge og indvandrere bekymrer mig. F\u00f8rst og fremmest fordi det er kimen til nye konflikter, men ogs\u00e5 fordi der tegner sig et billede af et forest\u00e5ende opg\u00f8r med mangfoldighed bredere set. Et opg\u00f8r, der indeholder vidtr\u00e6kkende konsekvenser.<\/p>\n<p>Statsministeren spiller meget h\u00f8jt spil i sine fors\u00f8g p\u00e5 at lande p\u00e5 to ben efter totalt at have mistet b\u00e5de jordforbindelsen og vigtige mandater i kommunerne ved kommunevalget i november.<\/p>\n<p>Stemningen af angreb p\u00e5 mangfoldigheden, b\u00e5de i debatten om indvandrere og flygtninge og n\u00e5r det g\u00e6lder andre grupper i samfundet, er uhyggelig. Erkender vi ikke det og lader vi dem slippe afsted med dette angreb p\u00e5 mangfoldigheden, er vi langt flere grupper, der for alvor bliver meget mere ilde stillet.<\/p>\n<p>Det kr\u00e6ver at vi tager udfordringen op, hvis vi ikke vil v\u00e6re n\u00e6ste r\u00e6kke i geleddet, der falder. Kun kynikere tror de kan bygge et demokrati p\u00e5 bulldozere og stadig kalde det et demokrati. Men det er og bliver vores ansvar at levere et konstant modspil til de stadig mere foruroligende toner.<\/p>\n<p>Der findes kun \u00e9n medicin imod den samfundssygdom, statsministeren har gjort sig til offer for: Tag del, tag ansvar, stil sp\u00f8rgsm\u00e5l ved magt og misbrug af mennesker. Byg op og byt ud. S\u00e6t en ny social dagsorden. L\u00f8ft en flig, netop d\u00e9r hvor du befinder dig og se, hvordan du kan v\u00e6re med til at vedligeholde og bygge om, til vi har en bygning, der er s\u00e5 rummelig, at den inkluderer frem for at ekskludere.<\/p>\n<p>En statsminister med bare lidt format burde stille sig i spidsen for det inkluderende samfund frem for at f\u00f8re sig frem som nedrivningsbisse. Det vil kr\u00e6ve h\u00e5ndelag og akkuratesse. En opgave som bl.a. handikapbev\u00e6gelsen m\u00e5 tage p\u00e5 sig sammen med andre for at undg\u00e5 den totale intolerance, der ellers er resultatet.<\/p>\n<p>Lad os sammen tage del, tage ansvar, stille&nbsp;sp\u00f8rgsm\u00e5l ved magt og misbrug af mennesker. Bygge op og bytte ud. S\u00e6tte en ny social dagsorden.<\/p>\n<\/div>\n","protected":false},"excerpt":{"rendered":"<p>Statsministeren er parat til at g\u00f8re op med det kommunale selvstyre for at bek\u00e6mpe de parallelsamfund, hvor mange lever efter andre normer end de g\u00e6ngse i Danmark. S\u00e5dan l\u00e6gger landets statsminister ud p\u00e5 den f\u00f8rste dag i \u00e5r 2018. For &hellip; <a href=\"https:\/\/jan-jakobsen.dk\/?p=7725\">L\u00e6s resten <span class=\"meta-nav\">&rarr;<\/span><\/a><\/p>\n","protected":false},"author":3,"featured_media":0,"comment_status":"open","ping_status":"open","sticky":false,"template":"","format":"standard","meta":{"footnotes":""},"categories":[4,1],"tags":[813,812,372,814,116],"class_list":["post-7725","post","type-post","status-publish","format-standard","hentry","category-blog","category-uncategorized","tag-kommunalt-selvstyre","tag-lars-loekke-rasmussen","tag-mangfoldighed","tag-normer","tag-parallelsamfund"],"_links":{"self":[{"href":"https:\/\/jan-jakobsen.dk\/index.php?rest_route=\/wp\/v2\/posts\/7725","targetHints":{"allow":["GET"]}}],"collection":[{"href":"https:\/\/jan-jakobsen.dk\/index.php?rest_route=\/wp\/v2\/posts"}],"about":[{"href":"https:\/\/jan-jakobsen.dk\/index.php?rest_route=\/wp\/v2\/types\/post"}],"author":[{"embeddable":true,"href":"https:\/\/jan-jakobsen.dk\/index.php?rest_route=\/wp\/v2\/users\/3"}],"replies":[{"embeddable":true,"href":"https:\/\/jan-jakobsen.dk\/index.php?rest_route=%2Fwp%2Fv2%2Fcomments&post=7725"}],"version-history":[{"count":7,"href":"https:\/\/jan-jakobsen.dk\/index.php?rest_route=\/wp\/v2\/posts\/7725\/revisions"}],"predecessor-version":[{"id":60307,"href":"https:\/\/jan-jakobsen.dk\/index.php?rest_route=\/wp\/v2\/posts\/7725\/revisions\/60307"}],"wp:attachment":[{"href":"https:\/\/jan-jakobsen.dk\/index.php?rest_route=%2Fwp%2Fv2%2Fmedia&parent=7725"}],"wp:term":[{"taxonomy":"category","embeddable":true,"href":"https:\/\/jan-jakobsen.dk\/index.php?rest_route=%2Fwp%2Fv2%2Fcategories&post=7725"},{"taxonomy":"post_tag","embeddable":true,"href":"https:\/\/jan-jakobsen.dk\/index.php?rest_route=%2Fwp%2Fv2%2Ftags&post=7725"}],"curies":[{"name":"wp","href":"https:\/\/api.w.org\/{rel}","templated":true}]}}