{"id":7554,"date":"2017-09-19T21:35:08","date_gmt":"2017-09-19T19:35:08","guid":{"rendered":"http:\/\/jan-jakobsen.dk\/?p=7554"},"modified":"2024-05-05T01:36:14","modified_gmt":"2024-05-04T23:36:14","slug":"jeg-hoerer-hvad-du-siger","status":"publish","type":"post","link":"https:\/\/jan-jakobsen.dk\/?p=7554","title":{"rendered":"Jeg h\u00f8rer hvad du siger"},"content":{"rendered":"<div class=\"wp-block-image\">\n<figure class=\"alignleft size-full is-resized\"><a href=\"https:\/\/jan-jakobsen.dk\/https:\/\/jan-jakobsen.dk\/wp-content\/uploads\/2017\/09\/fullsizeoutput_f0b.jpeg\"><img loading=\"lazy\" decoding=\"async\" width=\"3264\" height=\"2448\" src=\"https:\/\/jan-jakobsen.dk\/https:\/\/jan-jakobsen.dk\/wp-content\/uploads\/2017\/09\/fullsizeoutput_f0b.jpeg\" alt=\"\" class=\"wp-image-7555\" style=\"width:300px\" srcset=\"https:\/\/jan-jakobsen.dk\/http:\/\/jan-jakobsen.dk\/wp-content\/uploads\/2017\/09\/fullsizeoutput_f0b.jpeg 3264w, https:\/\/jan-jakobsen.dk\/http:\/\/jan-jakobsen.dk\/wp-content\/uploads\/2017\/09\/fullsizeoutput_f0b-300x225.jpeg 300w, https:\/\/jan-jakobsen.dk\/http:\/\/jan-jakobsen.dk\/wp-content\/uploads\/2017\/09\/fullsizeoutput_f0b-620x465.jpeg 620w\" sizes=\"auto, (max-width: 3264px) 100vw, 3264px\" \/><\/a><\/figure>\n<\/div>\n\n\n<p>\u00bbJeg h\u00f8rer hvad du siger\u00ab er et yndet udtryk blandt politikere i Ringsted lige nu. Men s\u00e5 siger man heller ikke mere.<\/p>\n\n\n\n<p>Sidst i sagen om ny institution i Benl\u00f8se, hvor man i opl\u00f8bet \u00e6ndrede pladser i b\u00f8rnehave til vuggestue.<\/p>\n\n\n\n<p>For\u00e6ldrene fra begge institutioner, der skal sammenl\u00e6gges, har sendt h\u00f8ringssvar med gode pointer og konstruktive forslag.<\/p>\n\n\n\n<p>H\u00f8ringssvarene er modtaget uden andre kommentarer end \u201cDet skal pr\u00f8ves\u201d og \u201cVi har et positivt problem\u201d. Ingen dialog selv om nogle af b\u00f8rnene med sv\u00e6re handikaps er s\u00e6rligt udsatte.<\/p>\n\n\n\n<!--more-->\n\n\n\n<p>Ikke \u00e9n tilg\u00e6ngelig beregning p\u00e5, hvad forslaget om forel\u00f8bigt at bruge den gamle bygning til aflastning koster.Kun en borgmester, der i byr\u00e5dssalen siger: \u00bbSelv synes jeg, det er en god id\u00e9 at nedl\u00e6gge den slidte gamle bygning Toften\u00ab.<\/p>\n\n\n\n<p>Handler det om b\u00f8rn, penge eller nedslidt bygning? Men n\u00e5r nu bygningen giver tryghed for pressede og usikre for\u00e6ldre? For\u00e6ldrene kan have ret i, at den nye bygning ikke kan rumme det, man politisk og \u00f8konomisk\/administrativt forventer.<\/p>\n\n\n\n<p>Det har for\u00e6ldrebestyrelserne p\u00e5peget gennem hele byggeprocessen. S\u00e5 er \u201cDet skal pr\u00f8ves\u201d meget \u201cuheldigt\u00ab, for der jongleres med udsatte b\u00f8rn, for hvem tryghed ikke kan g\u00f8res op i kvadratmeter og \u00f8konomi.<\/p>\n\n\n\n<p>Vi kan ikke altid forvente at f\u00e5 ret i et demokrati. Men i et demokrati er dialog en foruds\u00e6tning, n\u00e5r man bliver spurgt og svarer konstruktivt, som det sker her. Manglende dialog virker p\u00e5 mig som er beslutningen truffet p\u00e5 forh\u00e5nd. Men hvor og af hvem?<\/p>\n\n\n\n<p>Denne politiske attitude fremmer hverken den demokratiske proces eller tilliden hos for\u00e6ldre, der i forvejen er pressede.For\u00e6ldre, der arbejder konstruktivt for bedst mulige vilk\u00e5r for deres b\u00f8rn. Noget vi b\u00f8r s\u00e6tte pris p\u00e5.<\/p>\n\n\n\n<p><em><strong>(Ogs\u00e5 bragt som l\u00e6serbrev i Lokalbladet tirsdag 19. september 2017)<\/strong><\/em><\/p>\n","protected":false},"excerpt":{"rendered":"<p>\u00bbJeg h\u00f8rer hvad du siger\u00ab er et yndet udtryk blandt politikere i Ringsted lige nu. Men s\u00e5 siger man heller ikke mere. Sidst i sagen om ny institution i Benl\u00f8se, hvor man i opl\u00f8bet \u00e6ndrede pladser i b\u00f8rnehave til vuggestue. &hellip; <a href=\"https:\/\/jan-jakobsen.dk\/?p=7554\">L\u00e6s resten <span class=\"meta-nav\">&rarr;<\/span><\/a><\/p>\n","protected":false},"author":3,"featured_media":0,"comment_status":"open","ping_status":"open","sticky":false,"template":"","format":"standard","meta":{"footnotes":""},"categories":[4,3,1],"tags":[806,807,805,803],"class_list":["post-7554","post","type-post","status-publish","format-standard","hentry","category-blog","category-handicapdebat","category-uncategorized","tag-benloese","tag-hoeringssvar","tag-institution","tag-toften"],"_links":{"self":[{"href":"https:\/\/jan-jakobsen.dk\/index.php?rest_route=\/wp\/v2\/posts\/7554","targetHints":{"allow":["GET"]}}],"collection":[{"href":"https:\/\/jan-jakobsen.dk\/index.php?rest_route=\/wp\/v2\/posts"}],"about":[{"href":"https:\/\/jan-jakobsen.dk\/index.php?rest_route=\/wp\/v2\/types\/post"}],"author":[{"embeddable":true,"href":"https:\/\/jan-jakobsen.dk\/index.php?rest_route=\/wp\/v2\/users\/3"}],"replies":[{"embeddable":true,"href":"https:\/\/jan-jakobsen.dk\/index.php?rest_route=%2Fwp%2Fv2%2Fcomments&post=7554"}],"version-history":[{"count":8,"href":"https:\/\/jan-jakobsen.dk\/index.php?rest_route=\/wp\/v2\/posts\/7554\/revisions"}],"predecessor-version":[{"id":60325,"href":"https:\/\/jan-jakobsen.dk\/index.php?rest_route=\/wp\/v2\/posts\/7554\/revisions\/60325"}],"wp:attachment":[{"href":"https:\/\/jan-jakobsen.dk\/index.php?rest_route=%2Fwp%2Fv2%2Fmedia&parent=7554"}],"wp:term":[{"taxonomy":"category","embeddable":true,"href":"https:\/\/jan-jakobsen.dk\/index.php?rest_route=%2Fwp%2Fv2%2Fcategories&post=7554"},{"taxonomy":"post_tag","embeddable":true,"href":"https:\/\/jan-jakobsen.dk\/index.php?rest_route=%2Fwp%2Fv2%2Ftags&post=7554"}],"curies":[{"name":"wp","href":"https:\/\/api.w.org\/{rel}","templated":true}]}}