{"id":7538,"date":"2017-09-06T07:15:53","date_gmt":"2017-09-06T05:15:53","guid":{"rendered":"http:\/\/jan-jakobsen.dk\/?p=7538"},"modified":"2024-05-05T01:38:37","modified_gmt":"2024-05-04T23:38:37","slug":"lad-os-nu-faa-en-solstraalehistorie","status":"publish","type":"post","link":"https:\/\/jan-jakobsen.dk\/?p=7538","title":{"rendered":"Lad os nu f\u00e5 en solstr\u00e5lehistorie"},"content":{"rendered":"<div class=\"wp-block-image\">\n<figure class=\"alignleft is-resized\"><a href=\"https:\/\/jan-jakobsen.dk\/https:\/\/jan-jakobsen.dk\/wp-content\/uploads\/2017\/09\/Sct-bendt.jpg\"><img loading=\"lazy\" decoding=\"async\" width=\"620\" height=\"465\" src=\"https:\/\/jan-jakobsen.dk\/https:\/\/jan-jakobsen.dk\/wp-content\/uploads\/2017\/09\/Sct-bendt-620x465.jpg\" alt=\"\" class=\"wp-image-7549\" style=\"width:300px\" srcset=\"https:\/\/jan-jakobsen.dk\/http:\/\/jan-jakobsen.dk\/wp-content\/uploads\/2017\/09\/Sct-bendt-620x465.jpg 620w, https:\/\/jan-jakobsen.dk\/http:\/\/jan-jakobsen.dk\/wp-content\/uploads\/2017\/09\/Sct-bendt-300x225.jpg 300w\" sizes=\"auto, (max-width: 620px) 100vw, 620px\" \/><\/a><\/figure>\n<\/div>\n\n\n<p>Torsdag den 31. august var jeg til \u00c5bent Hus i Sct. Bendts B\u00f8rnehave i Ringsted. Det er et&nbsp;dagtilbud til b\u00f8rn efter Servicelovens \u00a732. B\u00f8rnene der p\u00e5 grund af betydelig og varigt nedsat fysisk eller psykisk funktionsevne&nbsp;har et s\u00e6rligt behov for st\u00f8tte, behandling m.v., som ikke kan d\u00e6kkes gennem ophold i et af de almindelige dagtilbud.<\/p>\n\n\n\n<p>I l\u00f8bet af kort tid skal Sct. Bendts B\u00f8rnehave&nbsp;l\u00e6gges sammen med B\u00f8rnehuset Toften i en&nbsp;nybygget institution, der ogs\u00e5 skal rumme lokaler for dagplejerne i omr\u00e5det.<\/p>\n\n\n\n<!--more-->\n\n\n\n<p>Der er p\u00e5 det sidste lagt op til, at en del af \u201calmene\u201d b\u00f8rnehavepladser skal \u00e6ndres til vuggestueb\u00f8rn.&nbsp;B\u00e5de B\u00f8rne- og Undervisningsudvalget og \u00d8konomiudvalget bakker op om &nbsp;denne beslutning.<\/p>\n\n\n\n<p>Det er et meget sp\u00e6ndende projekt, der ligger godt i forl\u00e6ngelse af de inklusionstanker, som de fleste af os bakker op om, selv om der kan v\u00e6re meget varierede syn p\u00e5, hvad inklusion betyder og hvem der s\u00e6tter rammer og m\u00e5l.<\/p>\n\n\n\n<p>P\u00e5 sidste m\u00f8de i B\u00f8rne- og Undervisningsudvalget blev det besluttet, at den nye institution skal have det lovende navn Solstr\u00e5len.<\/p>\n\n\n\n<p>Der var rigtigt godt at h\u00f8re for\u00e6ldrene fort\u00e6lle om de udfordringer, der er i, at de enkelte b\u00f8rn kan klare vidt forskellige former for samv\u00e6r i vidt forskellige tidsrum ad gangen &#8211; og med vidt forskellige resultater.<\/p>\n\n\n\n<p>Opgaven i inklusion er for mig netop at f\u00e5 ret til og mulighed for reelt at v\u00e6re deltagere i f\u00e6llesskabet. Det er n\u00f8dvendigt at rumme for at inklusionen lykkes. Inklusionen kr\u00e6ver alts\u00e5 gode fysiske rammer for reelt at lykkes.<\/p>\n\n\n\n<p>Selv at f\u00e5 de nuv\u00e6rende forhold at se, var lidt af en \u00f8jen\u00e5bner. Hvordan man, trods bygningens alder og slidtage, virkelig form\u00e5r at bruge pladsen, s\u00e5 den passer til b\u00f8rnenes behov. Det viser vilje til give at b\u00f8rnene f\u00e5r optimale betingelser. Det g\u00f8r mig glad.<\/p>\n\n\n\n<p>Kunsten er bl.a. at sikre b\u00e5de muligheden for samspillet mellem b\u00f8rnene, n\u00e5r de kan rumme det, og have plads til, at b\u00f8rnene kan tr\u00e6kke sig ind i sig selv, n\u00e5r de skal lade op efter at have v\u00e6ret en del af oplevelser, lyde, lys, farver og andre sanseindtryk. Det kr\u00e6ver b\u00e5de plads og respekt for b\u00f8rnene.<\/p>\n\n\n\n<p>Det gjorde man f.eks. rent konkret med rumdelere, der er ret pladskr\u00e6vende. Der er samtidig brug for en lang r\u00e6kke hj\u00e6lpemidler til de enkelte b\u00f8rn, som naturligvis har mange forskellige handikaps, reaktionsm\u00f8nstre og grader af brug for st\u00f8tte.<\/p>\n\n\n\n<p>Det blev en god time, hvor der rigelig mulighed for at b\u00e5de at opleve og sp\u00f8rge ind til problematikker, eftersom jeg var den eneste politiker, der havde valgt at tage imod tilbuddet om at f\u00e5 lidt mere viden om, hvad det er vi politisk har valgt at tage ansvar for.<\/p>\n\n\n<div class=\"wp-block-image\">\n<figure class=\"alignleft\"><a href=\"https:\/\/jan-jakobsen.dk\/https:\/\/jan-jakobsen.dk\/wp-content\/uploads\/2017\/09\/Solstr\u00e5len.jpg\"><img loading=\"lazy\" decoding=\"async\" width=\"300\" height=\"225\" src=\"https:\/\/jan-jakobsen.dk\/https:\/\/jan-jakobsen.dk\/wp-content\/uploads\/2017\/09\/Solstr\u00e5len-300x225.jpg\" alt=\"\" class=\"wp-image-7550\" srcset=\"https:\/\/jan-jakobsen.dk\/http:\/\/jan-jakobsen.dk\/wp-content\/uploads\/2017\/09\/Solstr\u00e5len-300x225.jpg 300w, https:\/\/jan-jakobsen.dk\/http:\/\/jan-jakobsen.dk\/wp-content\/uploads\/2017\/09\/Solstr\u00e5len-620x465.jpg 620w\" sizes=\"auto, (max-width: 300px) 100vw, 300px\" \/><\/a><figcaption class=\"wp-element-caption\">Endnu er Solstr\u00e5len under opf\u00f8relse &#8211; og ogs\u00e5 under forandring midt i byggeprocessen.<\/figcaption><\/figure>\n<\/div>\n\n\n<p>Efter bes\u00f8get i&nbsp;Sct. Bendts B\u00f8rnehave var der fremvisning af den nye institution Solstr\u00e5len. Med imdtrykkene fra&nbsp;Sct. Bendts B\u00f8rnehave in mente er jeg fuld af beundring over, at for\u00e6ldre og personale g\u00e5r positivt ind i det nye projekt, hvor der, n\u00e5r man oplever de fysiske rum, m\u00e5 medgive, at der venter en lang r\u00e6kke udfordringer. Jeg har sv\u00e6rt ved at forestille mig, hvordan de p\u00e6dagogiske erfaringer og arbejdet kan blive underst\u00f8ttet i rum, der er mindre end de nuv\u00e6rende.<\/p>\n\n\n\n<p>Men alle er konstruktive over for opgaven, og for\u00e6ldrene har v\u00e6ret p\u00e5 banen med forslag til, hvordan en r\u00e6kke helt reelle mangler l\u00f8ses. Et forslag er bl.a. forel\u00f8big at bevare den bygning, der rummer den nuv\u00e6rende Toften. Den kan dels anvendes til en tiltr\u00e6ngt opbevaring af hj\u00e6lpemidler, som ikke er indt\u00e6nkt i selve bygningen &#8211; og dels som rum for b\u00f8rn, der har brug for aktiviteter, der giver st\u00f8rre \u201cenergiudladninger\u201d.<\/p>\n\n\n\n<p>Jeg synes, det vil v\u00e6re flot, hvis politikerne lytter til for\u00e6ldrene &#8211; ogs\u00e5 de politikere, der ikke lige har kunnet afse tid til at blive kl\u00e6dt p\u00e5 som de politiske beslutningstagere, vi jo er. Det handler meget om, hvordan vi m\u00f8der borgerne. Ogs\u00e5 dem, der er udfordret.<\/p>\n\n\n\n<p>Jeg er glad for at jeg tog imod invitationen. Tak til for\u00e6ldrene og personalet, der trods en travl hverdag for b\u00f8rnenes vel, gav sig tid til at give en indsigt, som jeg har brug for i mine politiske prioriteringer. For der er store udfordringer i dette projekt, n\u00e5r det skal lykkes. Blandt andet med de fysiske rammer. Lad os l\u00f8se dem godt og hurtigt. Lad os politisk v\u00e6re lige s\u00e5 konstruktive som for\u00e6ldre og personale. S\u00e5 er der stadig en chance for at dette kan blive b\u00e5de en rigtig Solstr\u00e5le &#8211; og en rigtig solstr\u00e5lehistorie.<\/p>\n","protected":false},"excerpt":{"rendered":"<p>Torsdag den 31. august var jeg til \u00c5bent Hus i Sct. Bendts B\u00f8rnehave i Ringsted. Det er et&nbsp;dagtilbud til b\u00f8rn efter Servicelovens \u00a732. B\u00f8rnene der p\u00e5 grund af betydelig og varigt nedsat fysisk eller psykisk funktionsevne&nbsp;har et s\u00e6rligt behov for &hellip; <a href=\"https:\/\/jan-jakobsen.dk\/?p=7538\">L\u00e6s resten <span class=\"meta-nav\">&rarr;<\/span><\/a><\/p>\n","protected":false},"author":3,"featured_media":6307,"comment_status":"open","ping_status":"open","sticky":false,"template":"","format":"standard","meta":{"footnotes":""},"categories":[4,3,1],"tags":[36,590,802,804,803],"class_list":["post-7538","post","type-post","status-publish","format-standard","has-post-thumbnail","hentry","category-blog","category-handicapdebat","category-uncategorized","tag-inklusion","tag-ringsted-kommune","tag-sct-bendts-boernehave","tag-solstraalen","tag-toften"],"_links":{"self":[{"href":"https:\/\/jan-jakobsen.dk\/index.php?rest_route=\/wp\/v2\/posts\/7538","targetHints":{"allow":["GET"]}}],"collection":[{"href":"https:\/\/jan-jakobsen.dk\/index.php?rest_route=\/wp\/v2\/posts"}],"about":[{"href":"https:\/\/jan-jakobsen.dk\/index.php?rest_route=\/wp\/v2\/types\/post"}],"author":[{"embeddable":true,"href":"https:\/\/jan-jakobsen.dk\/index.php?rest_route=\/wp\/v2\/users\/3"}],"replies":[{"embeddable":true,"href":"https:\/\/jan-jakobsen.dk\/index.php?rest_route=%2Fwp%2Fv2%2Fcomments&post=7538"}],"version-history":[{"count":9,"href":"https:\/\/jan-jakobsen.dk\/index.php?rest_route=\/wp\/v2\/posts\/7538\/revisions"}],"predecessor-version":[{"id":60326,"href":"https:\/\/jan-jakobsen.dk\/index.php?rest_route=\/wp\/v2\/posts\/7538\/revisions\/60326"}],"wp:featuredmedia":[{"embeddable":true,"href":"https:\/\/jan-jakobsen.dk\/index.php?rest_route=\/wp\/v2\/media\/6307"}],"wp:attachment":[{"href":"https:\/\/jan-jakobsen.dk\/index.php?rest_route=%2Fwp%2Fv2%2Fmedia&parent=7538"}],"wp:term":[{"taxonomy":"category","embeddable":true,"href":"https:\/\/jan-jakobsen.dk\/index.php?rest_route=%2Fwp%2Fv2%2Fcategories&post=7538"},{"taxonomy":"post_tag","embeddable":true,"href":"https:\/\/jan-jakobsen.dk\/index.php?rest_route=%2Fwp%2Fv2%2Ftags&post=7538"}],"curies":[{"name":"wp","href":"https:\/\/api.w.org\/{rel}","templated":true}]}}