{"id":753,"date":"2010-10-18T06:27:36","date_gmt":"2010-10-18T04:27:36","guid":{"rendered":"http:\/\/jan-jakobsen.dk\/?p=753"},"modified":"2013-07-25T21:12:04","modified_gmt":"2013-07-25T19:12:04","slug":"farvel-velf%c3%a6rd","status":"publish","type":"post","link":"https:\/\/jan-jakobsen.dk\/?p=753","title":{"rendered":"Farvel, velf\u00e6rd"},"content":{"rendered":"<div>\n<div>Tale ved 2. behandling af budget 2011 i Ringsted kommune<\/div>\n<div>Farvel, velf\u00e6rd.<br \/>\nDette er den eneste rigtige overskrift p\u00e5 dette budget. Det er et budget, der tager fra de svage grupper i samfundet og fra b\u00f8rnene og skoleeleverne, som vi skal bygge fremtiden p\u00e5. Der er igennem budgetforhandlingerne sket nogle \u00e6ndringer, s\u00e5 nogle besparelser ikke er s\u00e5 store som man lagde ud med. <!--more-->Men \u00e6ndringerne til det bedre er ikke gode nok. Derfor er jeg i dag n\u00f8dt til at stemme imod en r\u00e6kke forslag, selv om det ser b\u00e5de godt og positivt ud, at man ikke vil spare s\u00e5 meget som oprindeligt planlagt. Jeg mener ganske simpelt ikke, der skal v\u00e6re besparelse p\u00e5 de sm\u00e5 skoler, p\u00e5 daginstitutionerne og p\u00e5 b\u00f8rn med s\u00e6rlige behov. I skyder jer selv i h\u00e6len med disse besparelser. Man tvinger b\u00f8rn ind i b\u00f8rnehaverne tidligere. De betyder f\u00e6rre personaleressourcer. Man laver lukkeuger i den sommerferie, der var, mens vi var et industrisamfund. Det er vi ikke mere, s\u00e5 det er ikke relevant \u2013 og det betyder f\u00e6rre persnaleressourcer. Man flytter b\u00f8rnene f\u00f8r i SFO. Det betyder f\u00e6rre personaleressourcer. Man flytter 7. klasserne fra de 7-klasses skoler. Man reducerer over en \u00e5rr\u00e6kke minimumstildelingen. Det hedder salami-metode. Det er det samme som at lukke skolerne. Hvordan vil jeg s\u00e5 finansiere udgifterne. Ja, jeg tror rent faktisk godt, at den almindelige dansker vil betale lidt mere i skat, n\u00e5r det giver os en bedre folkeskole, som vi ogs\u00e5 skal have r\u00e5d til at have i landomr\u00e5derne. Jeg mener, i mods\u00e6tning til dem, jeg sidder sammen med i denne kommunalbestyrelse, at vi har et f\u00e6lles ansvar. Et f\u00e6lles ansvar for hinanden. Et f\u00e6lles ansvar fo velf\u00e6rden. Et af argumenterne for at lave besparelser p\u00e5 50 mio. kr. har v\u00e6ret, at hvis vi ikke gjorde det, s\u00e5 blev vi sat under administration. Det er det reelle argument for at spare. N\u00e5r man nu er s\u00e5 bange for at blive sat under administration, s\u00e5 havde det eneste rigtige v\u00e6ret at pr\u00f8ve at forbedre kommunens indt\u00e6gter blandt andet gennem forh\u00f8jelse af grundskylden. M\u00e5ske ogs\u00e5 ved at h\u00e6ve skatterne. Det er den m\u00e5de, vi kan sikre velf\u00e6rden og f\u00e6llesskabet ogs\u00e5 i fremtiden. Jeg vil lige indskyde, at jeg helst vil have skattestigningerne over staten, fordi det vil give progression, men det kan vi jo ikke beslutte her. Vi vil heller ikke f\u00e5 meget ud af at h\u00e6ve skatterne de f\u00f8rste par \u00e5r. Det har regeringen sikret sig som en del af sin omvendte Robin Hood-politik: skattelettelser til de rige \u2013 og en klar-dig-selv kultur til alle os andre. Men vi bliver n\u00f8dt til at lave civil ulydighed og g\u00f8re det alligevel, hvis vi vil have et velfungerende f\u00e6llesskab ogs\u00e5 i fremtiden. Det er ren ideologi, det her \u2013 og b\u00e5de Socialdemokraterne og SF er hoppet lige ned i denne klistersuppe, der alene har til form\u00e5l at g\u00f8re op med den offentlige sektor og privatisere s\u00e5 meget som muligt. Socialdemokraterne og SF er nu ogs\u00e5 lokalt totalt ude af stand til at vise andre alternativer end at forringe velf\u00e6rden. Den politik, der nu l\u00e6gges op til, er blot den sidste af en lang r\u00e6kke stramninger bl.a. p\u00e5 daginstitutionsomr\u00e5det, som jeg skammer mig over, at man vedtager om lidt. Det er ikke gennemt\u00e6nkt. Det er ikke rimeligt. Det er borgerlig politik s\u00e5 det klodser. Og selv om man siger, at \u201dnu kommer der ikke flere nedsk\u00e6ringer\u201d, s\u00e5 sker det alligevel. Med den politik, der l\u00e6gges op til fra regeringen, vil det blive ved med at g\u00e5 ad h. til \u2013 og vi f\u00e5r mange problemer bl.a. p\u00e5 arbejdsmarkedsomr\u00e5det i de kommende \u00e5r. Vi f\u00e5r ogs\u00e5 stadig f\u00e6rre muligheder for at g\u00f8re noget ved det lokalt. S\u00e5 det er ikke sidste gang, der skal laves nedsk\u00e6ringer i Ringsted. Budgettet indeholder en r\u00e6kke hensigtserkl\u00e6ringer. Det er jo sv\u00e6rt at stemme imod mere borgerinddragelse\u2026 hvis det s\u00e5 bare bliver til mere end en hensigt. Det vil da v\u00e6re dejligt, hvis der kommer noget reelt ud af det. Som jeg startede med at sige, s\u00e5 er der en r\u00e6kke punkter, jeg er n\u00f8dt til at stemme imod i aften. Selv de reducerede besparelser er for store og rammer svage grupper. Det g\u00e6lder b\u00e5de b\u00f8rn, \u00e6ldre og mennesker med handicap. Det g\u00e6lder i \u00f8vrigt ogs\u00e5 den kommunale administration, som man stresser mere og mere. Med disse ord m\u00e5 det jo g\u00e5 som det bedst kan.<\/div>\n<\/div>\n","protected":false},"excerpt":{"rendered":"<p>Tale ved 2. behandling af budget 2011 i Ringsted kommune Farvel, velf\u00e6rd. Dette er den eneste rigtige overskrift p\u00e5 dette budget. Det er et budget, der tager fra de svage grupper i samfundet og fra b\u00f8rnene og skoleeleverne, som vi &hellip; <a href=\"https:\/\/jan-jakobsen.dk\/?p=753\">L\u00e6s resten <span class=\"meta-nav\">&rarr;<\/span><\/a><\/p>\n","protected":false},"author":3,"featured_media":0,"comment_status":"open","ping_status":"open","sticky":false,"template":"","format":"standard","meta":{"footnotes":""},"categories":[4,3,1],"tags":[],"class_list":["post-753","post","type-post","status-publish","format-standard","hentry","category-blog","category-handicapdebat","category-uncategorized"],"_links":{"self":[{"href":"https:\/\/jan-jakobsen.dk\/index.php?rest_route=\/wp\/v2\/posts\/753","targetHints":{"allow":["GET"]}}],"collection":[{"href":"https:\/\/jan-jakobsen.dk\/index.php?rest_route=\/wp\/v2\/posts"}],"about":[{"href":"https:\/\/jan-jakobsen.dk\/index.php?rest_route=\/wp\/v2\/types\/post"}],"author":[{"embeddable":true,"href":"https:\/\/jan-jakobsen.dk\/index.php?rest_route=\/wp\/v2\/users\/3"}],"replies":[{"embeddable":true,"href":"https:\/\/jan-jakobsen.dk\/index.php?rest_route=%2Fwp%2Fv2%2Fcomments&post=753"}],"version-history":[{"count":5,"href":"https:\/\/jan-jakobsen.dk\/index.php?rest_route=\/wp\/v2\/posts\/753\/revisions"}],"predecessor-version":[{"id":2407,"href":"https:\/\/jan-jakobsen.dk\/index.php?rest_route=\/wp\/v2\/posts\/753\/revisions\/2407"}],"wp:attachment":[{"href":"https:\/\/jan-jakobsen.dk\/index.php?rest_route=%2Fwp%2Fv2%2Fmedia&parent=753"}],"wp:term":[{"taxonomy":"category","embeddable":true,"href":"https:\/\/jan-jakobsen.dk\/index.php?rest_route=%2Fwp%2Fv2%2Fcategories&post=753"},{"taxonomy":"post_tag","embeddable":true,"href":"https:\/\/jan-jakobsen.dk\/index.php?rest_route=%2Fwp%2Fv2%2Ftags&post=753"}],"curies":[{"name":"wp","href":"https:\/\/api.w.org\/{rel}","templated":true}]}}