{"id":746,"date":"2010-08-23T20:02:39","date_gmt":"2010-08-23T18:02:39","guid":{"rendered":"http:\/\/jan-jakobsen.dk\/?p=746"},"modified":"2013-07-02T20:54:18","modified_gmt":"2013-07-02T18:54:18","slug":"indl%c3%a6g-ved-budgetbehandlingen-i-ringsted-kommune","status":"publish","type":"post","link":"https:\/\/jan-jakobsen.dk\/?p=746","title":{"rendered":"Indl\u00e6g ved budgetbehandling"},"content":{"rendered":"<p>Jeg tror aldrig i mit liv, at jeg har set et s\u00e5 tydeligt bevis for, at landspolitik og kommunalpolitik er skabt af samme surdej. Myten om den elskelige \u2013 og s\u00e5 fristes jeg jo til at sige katolske &#8211; kommunalpolitiker, der vil det bedste for sit lokalsamfund, er aflivet ved standret. Dette nedsk\u00e6ringscirkus er bestemt af Venstre, Konservative og deres tro v\u00e6bnere Dansk Folkeparti. L\u00e6ngere er den diskussion ikke.<\/p>\n<p><!--more-->Argumenterne er, at regeringen mener, der skal en genopretning til. Genopretning efter hvad? \u00a0Efter mere end 8 \u00e5rs h\u00e6rgen fra en borgerlig regering, der har leget den omvendte Robin Hood og lystigt delt om sig med skattelettelser &#8211; man har k\u00f8bt sig til stemmer, har man. For mig er det v\u00e6rste, at dette kommer til at g\u00e5 ud over samfundets svageste grupper: mennesker med handicap &#8211; og det er ikke i f\u00f8rste omgang dem med simple fysiske handicap som mig selv. Vi skal nok klare os. Det er de familier med massive problemer, som aldrig tager til genm\u00e6le. Det er de gamle, der har givet op og som kun skal have det sidste af deres liv overst\u00e5et bare nogenlunde v\u00e6rdigt.<\/p>\n<p>\u00d8konomien giver problemer i kommunerne: vi vil jo n\u00f8dig under administration, s\u00e5 vi spr\u00e6ller i nettet og diskuterer ivrigt, om det er b\u00f8rnene eller de \u00e6ldre, vi skal riste p\u00e5 b\u00e5let. Det er lige n\u00f8jagtigt dette, man \u00f8nsker sig p\u00e5 Christiansborg: kommunerne skal l\u00e6re at indrette sig p\u00e5 det eneste hellige i disse tider: Markedet! Markedet!<br \/>\nJeg vil ikke kommentere alt det, der er galt med dette budget. Der skal laves meget om, f\u00f8r jeg kan tilslutte mig det &#8211; lad det v\u00e6re sagt allerede nu.<br \/>\nMange af forslagene til besparelser er en \u00f8konomisk bombe under hele systemet. Inden for hjemmeplejen strammer vi nu skruen s\u00e5 voldsomt, at hvis det bare kommer til at g\u00e5 en lille smule bedre og hjulene drejer lidt mere rundt, som liberalisterne elsker at underholde os med at det kommer til igen, s\u00e5 er de medarbejdere, vi har nu, v\u00e6k, hurtigere end vi kan t\u00e6lle til \u00e9n.<\/p>\n<p>S\u00e5 er vi tilbage, hvor vi startede: et kanonh\u00f8jt vikarforbrug og stor udskiftning blandt medarbejderne. Jeg vil meget n\u00f8dig have ret, men sker der ikke noget nu, s\u00e5 f\u00e5r jeg det &#8211; og s\u00e5 bliver vi alligevel sat under administration!<\/p>\n<p>Handicapomr\u00e5det har nogle borgmestre besluttet skal spare 2% p\u00e5 botilbud. Uden at se p\u00e5 indhold. Det indg\u00e5r i budgetforringelserne. En gruppe b\u00f8rn og unge, der har s\u00e6rlige behov, kan nu pludselig godt rummes i folkeskolerne. Det hedder inklusion &#8211; at v\u00e6re med. De kommer ikke til at v\u00e6re med, for ressourcerne er der ikke. S\u00e5 er det reelt udelukkelse &#8211; opbevaring &#8211; eksklusion. Der bliver sk\u00e5ret p\u00e5 fleksjobberne. Det kommer til at koste dyrt p\u00e5 den lange bane &#8211; men hvad g\u00f8r det? Budgettet kommer til at holde her og nu og det er det eneste der t\u00e6ller.<br \/>\nSkoler skal laves om til indskolingsskoler &#8211; en voldsom centralisering og en trussel mod lokalsamfundene.<br \/>\nMilj\u00f8et skal ogs\u00e5 holde for.<br \/>\nDet korte af det lange er: jeg kan ikke stemme for det foreliggende budgetforslag. Det er skr\u00e6mmede, hvis dette forslag overhovedet kan finde et flertal.<\/p>\n<p>Jeg kan ikke lade v\u00e6re med at sige, efter at have h\u00f8rt hr. Poul N\u00f8dgaard: vi skal ikke lytte til deres tale \u2013 vi skal se, hvad deres h\u00e6nder g\u00f8r. Og de h\u00e6nder er jo ikke s\u00e5 rene, som hr. N\u00f8dgaard p\u00e5 magel\u00f8s vis pr\u00f8ver at give indtryk af. R\u00f8ger, han spyr i al sin hellighed er ikke s\u00e5 hvid. Jeg har intet mod moral, men den dobbeltmoral som vi her ser, er lige en tand for meget\u2026<\/p>\n<p>Med disse store bet\u00e6nkeligheder oversendes budgettet til videre behandling.<\/p>\n","protected":false},"excerpt":{"rendered":"<p>Jeg tror aldrig i mit liv, at jeg har set et s\u00e5 tydeligt bevis for, at landspolitik og kommunalpolitik er skabt af samme surdej. Myten om den elskelige \u2013 og s\u00e5 fristes jeg jo til at sige katolske &#8211; kommunalpolitiker, &hellip; <a href=\"https:\/\/jan-jakobsen.dk\/?p=746\">L\u00e6s resten <span class=\"meta-nav\">&rarr;<\/span><\/a><\/p>\n","protected":false},"author":3,"featured_media":0,"comment_status":"open","ping_status":"open","sticky":false,"template":"","format":"standard","meta":{"footnotes":""},"categories":[4,1],"tags":[],"class_list":["post-746","post","type-post","status-publish","format-standard","hentry","category-blog","category-uncategorized"],"_links":{"self":[{"href":"https:\/\/jan-jakobsen.dk\/index.php?rest_route=\/wp\/v2\/posts\/746","targetHints":{"allow":["GET"]}}],"collection":[{"href":"https:\/\/jan-jakobsen.dk\/index.php?rest_route=\/wp\/v2\/posts"}],"about":[{"href":"https:\/\/jan-jakobsen.dk\/index.php?rest_route=\/wp\/v2\/types\/post"}],"author":[{"embeddable":true,"href":"https:\/\/jan-jakobsen.dk\/index.php?rest_route=\/wp\/v2\/users\/3"}],"replies":[{"embeddable":true,"href":"https:\/\/jan-jakobsen.dk\/index.php?rest_route=%2Fwp%2Fv2%2Fcomments&post=746"}],"version-history":[{"count":5,"href":"https:\/\/jan-jakobsen.dk\/index.php?rest_route=\/wp\/v2\/posts\/746\/revisions"}],"predecessor-version":[{"id":1764,"href":"https:\/\/jan-jakobsen.dk\/index.php?rest_route=\/wp\/v2\/posts\/746\/revisions\/1764"}],"wp:attachment":[{"href":"https:\/\/jan-jakobsen.dk\/index.php?rest_route=%2Fwp%2Fv2%2Fmedia&parent=746"}],"wp:term":[{"taxonomy":"category","embeddable":true,"href":"https:\/\/jan-jakobsen.dk\/index.php?rest_route=%2Fwp%2Fv2%2Fcategories&post=746"},{"taxonomy":"post_tag","embeddable":true,"href":"https:\/\/jan-jakobsen.dk\/index.php?rest_route=%2Fwp%2Fv2%2Ftags&post=746"}],"curies":[{"name":"wp","href":"https:\/\/api.w.org\/{rel}","templated":true}]}}