{"id":7425,"date":"2017-06-25T16:26:04","date_gmt":"2017-06-25T14:26:04","guid":{"rendered":"http:\/\/jan-jakobsen.dk\/?p=7425"},"modified":"2024-05-05T01:47:10","modified_gmt":"2024-05-04T23:47:10","slug":"koeb-salg-bytte","status":"publish","type":"post","link":"https:\/\/jan-jakobsen.dk\/?p=7425","title":{"rendered":"K\u00f8b, salg, bytte\u00a0"},"content":{"rendered":"<div class=\"wp-block-image\">\n<figure class=\"alignleft is-resized\"><a href=\"https:\/\/jan-jakobsen.dk\/https:\/\/jan-jakobsen.dk\/wp-content\/uploads\/2017\/06\/fullsizeoutput_d63.jpeg\"><img loading=\"lazy\" decoding=\"async\" width=\"620\" height=\"295\" src=\"https:\/\/jan-jakobsen.dk\/https:\/\/jan-jakobsen.dk\/wp-content\/uploads\/2017\/06\/fullsizeoutput_d63-620x295.jpeg\" alt=\"\" class=\"wp-image-7426\" style=\"width:300px\" srcset=\"https:\/\/jan-jakobsen.dk\/http:\/\/jan-jakobsen.dk\/wp-content\/uploads\/2017\/06\/fullsizeoutput_d63-620x295.jpeg 620w, https:\/\/jan-jakobsen.dk\/http:\/\/jan-jakobsen.dk\/wp-content\/uploads\/2017\/06\/fullsizeoutput_d63-300x143.jpeg 300w, https:\/\/jan-jakobsen.dk\/http:\/\/jan-jakobsen.dk\/wp-content\/uploads\/2017\/06\/fullsizeoutput_d63.jpeg 1693w\" sizes=\"auto, (max-width: 620px) 100vw, 620px\" \/><\/a><figcaption class=\"wp-element-caption\">Fra den debat, jeg deltog i sammen med Anni S\u00f8rensen, landsformand for LEV (i midten) og Jakob S\u00f8lvh\u00f8j (th), handikappolitisk ordf\u00f8rer for Enhedslisten.<\/figcaption><\/figure>\n<\/div>\n\n\n<p>Jeg har, som nogen l\u00e6sere af min Facebookprofil har bem\u00e6rket, deltaget i Folkem\u00f8det 2017 p\u00e5 Bornholm.<\/p>\n\n\n\n<p>Jeg ankom natten til fredag og mit egentlige form\u00e5l var at v\u00e6re med i en debat om handikappolitik arrangeret af Enhedslisten.<\/p>\n\n\n\n<p>Det forhindrede mig ikke i at danne mig nogle mere personlige indtryk af det gigantiske m\u00f8de &#8211; eller marked, som jeg nok hellere vil kalde det. De indtryk vil jeg s\u00e5 komme med her.<\/p>\n\n\n\n<!--more-->\n\n\n\n<p>Det er, for at se v\u00e6rdien i et s\u00e5dant stort m\u00f8de, vigtigt at huske, at det jo ikke giver nogen mening at tage navnet \u201cfolkem\u00f8de\u201d alt for bogstaveligt. Det er ikke et m\u00f8de mellem folket og politikere, hvis det er det, man forestiller sig. Det er stedet, hvor man kan m\u00f8de, se og h\u00f8re mange kendte og alvorlige politikere p\u00e5 vej fra og til vigtige m\u00f8der og arrangementer, hvor de s\u00e6lger deres politiske vare.<\/p>\n\n\n\n<p>Den egentlige dialog er henlagt til det overv\u00e6ldende antal arrangementer, der side om side hele tiden finder sted. Personligt synes jeg slet ikke, det er s\u00e5 d\u00e5rligt, selv om det er sv\u00e6rt at v\u00e6lge det ud, jeg synes, jeg har lyst til at deltage i.<\/p>\n\n\n\n<p>Det overraskede mig i hvilket omfang, der er muligt at bevare intimiteten og et brugbart diskussionsmilj\u00f8 med s\u00e5 mange sidel\u00f8bende arrangementer. Jeg deltog selv i et m\u00f8de, der mindede om mange andre med et deltagertal p\u00e5 mellem 30-40 personer. Tilstr\u00e6kkeligt til at f\u00e5 en vedkommende dialog og ikke s\u00e5 stort, at der ikke var mulighed til at komme i dybden med emnerne. Noget der for mig er vigtigere end at komme til at \u201cfavne alt\u201d. Det er alts\u00e5 de \u201cdecentrale\u201d sessions, der for mig at se er en af de vigtigste og mest positive grunde til at afholde Folkem\u00f8det.<\/p>\n\n\n<div class=\"wp-block-image\">\n<figure class=\"alignleft\"><a href=\"https:\/\/jan-jakobsen.dk\/https:\/\/jan-jakobsen.dk\/wp-content\/uploads\/2017\/06\/fullsizeoutput_d7b.jpeg\"><img loading=\"lazy\" decoding=\"async\" width=\"620\" height=\"349\" src=\"https:\/\/jan-jakobsen.dk\/https:\/\/jan-jakobsen.dk\/wp-content\/uploads\/2017\/06\/fullsizeoutput_d7b-620x349.jpeg\" alt=\"\" class=\"wp-image-7428\" srcset=\"https:\/\/jan-jakobsen.dk\/http:\/\/jan-jakobsen.dk\/wp-content\/uploads\/2017\/06\/fullsizeoutput_d7b-620x349.jpeg 620w, https:\/\/jan-jakobsen.dk\/http:\/\/jan-jakobsen.dk\/wp-content\/uploads\/2017\/06\/fullsizeoutput_d7b-300x169.jpeg 300w\" sizes=\"auto, (max-width: 620px) 100vw, 620px\" \/><\/a><figcaption class=\"wp-element-caption\">Stemningsbillede fra Allinge en varm l\u00f8rdag eftermiddag.<\/figcaption><\/figure>\n<\/div>\n\n\n<p>Kan man se bort fra at det er en markedsplads for politiske holdninger og et sted, hvor de, vi gerne vil p\u00e5virke, er samtidig med os andre, men n\u00f8dvendigvis ikke t\u00e6ttere p\u00e5 os, s\u00e5 har Folkem\u00f8det meget at byde p\u00e5. vi skal selv passe p\u00e5 med, hvor naivt, vi selv skal forholde os til, at politikere lytter til os hver is\u00e6r. Jeg vil ogs\u00e5 gerne stille sp\u00f8rgsm\u00e5lstegn ved, hvad den egentlige v\u00e6rdi er af, at Lars Lykke Rasmussen h\u00f8rer mig. Vores holdning til et samfund er fundamentalt forskellig &#8211; og for mig er en dialog med 40 bev\u00e6gelige og reflekterende mennesker vigtigere end \u00e9n urokkelig. I sidste ende er der en langt st\u00f8rre chance for at n\u00e5 ud.<\/p>\n\n\n\n<p>N\u00e5r det er sagt, s\u00e5 er Folkem\u00f8det en stor mulighed for at skabe kontakter, forst\u00e5else og alliancer ikke mindst for de mange organisationer og foreninger, der deltager. &nbsp;Der er ingen tvivl om, at det kr\u00e6ver et stort forarbejde, et form\u00e5l og desuden ogs\u00e5 en evne til at gribe de usete muligheder, som ogs\u00e5 kan byde sig undervejs.<\/p>\n\n\n\n<p>Det handler om at kunne itales\u00e6tte og visualisere m\u00e5ls\u00e6tninger. Det kan g\u00f8res med st\u00f8rre eller mindre held. Det handler om&nbsp;k\u00f8b, salg og bytte. Med det in mente er der for mig ingen tvivl om, at det er vigtigt at v\u00e6re til stede.<\/p>\n\n\n\n<p>Tilg\u00e6ngeligheden p\u00e5 Folkem\u00f8det er et kapitel for sig selv. S\u00e5 det kommer i et blogindl\u00e6g helt for sig selv om et par dage. Gl\u00e6d dig bl.a. til at l\u00e6se om liberal frihed&nbsp;n\u00e5r en ballon blev til alt andet end frihed som dj\u00e6velsk sp\u00e6rreballon i gadebilledet.<\/p>\n","protected":false},"excerpt":{"rendered":"<p>Jeg har, som nogen l\u00e6sere af min Facebookprofil har bem\u00e6rket, deltaget i Folkem\u00f8det 2017 p\u00e5 Bornholm. Jeg ankom natten til fredag og mit egentlige form\u00e5l var at v\u00e6re med i en debat om handikappolitik arrangeret af Enhedslisten. Det forhindrede mig &hellip; <a href=\"https:\/\/jan-jakobsen.dk\/?p=7425\">L\u00e6s resten <span class=\"meta-nav\">&rarr;<\/span><\/a><\/p>\n","protected":false},"author":3,"featured_media":6307,"comment_status":"open","ping_status":"open","sticky":false,"template":"","format":"standard","meta":{"footnotes":""},"categories":[4,1],"tags":[794,643,39,793,157],"class_list":["post-7425","post","type-post","status-publish","format-standard","has-post-thumbnail","hentry","category-blog","category-uncategorized","tag-bornholm","tag-dialog","tag-enhedslisten","tag-folkemoede-2017","tag-marked"],"_links":{"self":[{"href":"https:\/\/jan-jakobsen.dk\/index.php?rest_route=\/wp\/v2\/posts\/7425","targetHints":{"allow":["GET"]}}],"collection":[{"href":"https:\/\/jan-jakobsen.dk\/index.php?rest_route=\/wp\/v2\/posts"}],"about":[{"href":"https:\/\/jan-jakobsen.dk\/index.php?rest_route=\/wp\/v2\/types\/post"}],"author":[{"embeddable":true,"href":"https:\/\/jan-jakobsen.dk\/index.php?rest_route=\/wp\/v2\/users\/3"}],"replies":[{"embeddable":true,"href":"https:\/\/jan-jakobsen.dk\/index.php?rest_route=%2Fwp%2Fv2%2Fcomments&post=7425"}],"version-history":[{"count":5,"href":"https:\/\/jan-jakobsen.dk\/index.php?rest_route=\/wp\/v2\/posts\/7425\/revisions"}],"predecessor-version":[{"id":60331,"href":"https:\/\/jan-jakobsen.dk\/index.php?rest_route=\/wp\/v2\/posts\/7425\/revisions\/60331"}],"wp:featuredmedia":[{"embeddable":true,"href":"https:\/\/jan-jakobsen.dk\/index.php?rest_route=\/wp\/v2\/media\/6307"}],"wp:attachment":[{"href":"https:\/\/jan-jakobsen.dk\/index.php?rest_route=%2Fwp%2Fv2%2Fmedia&parent=7425"}],"wp:term":[{"taxonomy":"category","embeddable":true,"href":"https:\/\/jan-jakobsen.dk\/index.php?rest_route=%2Fwp%2Fv2%2Fcategories&post=7425"},{"taxonomy":"post_tag","embeddable":true,"href":"https:\/\/jan-jakobsen.dk\/index.php?rest_route=%2Fwp%2Fv2%2Ftags&post=7425"}],"curies":[{"name":"wp","href":"https:\/\/api.w.org\/{rel}","templated":true}]}}