{"id":7364,"date":"2017-06-12T05:13:26","date_gmt":"2017-06-12T03:13:26","guid":{"rendered":"http:\/\/jan-jakobsen.dk\/?p=7364"},"modified":"2024-05-05T01:50:48","modified_gmt":"2024-05-04T23:50:48","slug":"velkommen-til-ambassadoer-der-ogsaa-vil-gaa-i-koedet-paa-it-giganter","status":"publish","type":"post","link":"https:\/\/jan-jakobsen.dk\/?p=7364","title":{"rendered":"Velkommen til ambassad\u00f8r, der ogs\u00e5 vil g\u00e5 i k\u00f8det p\u00e5 IT-giganter\u00a0"},"content":{"rendered":"<div class=\"wp-block-image\">\n<figure class=\"alignleft is-resized\"><a href=\"https:\/\/jan-jakobsen.dk\/https:\/\/jan-jakobsen.dk\/wp-content\/uploads\/2017\/06\/ordinateur-apple-ipad.jpg\"><img loading=\"lazy\" decoding=\"async\" width=\"620\" height=\"412\" src=\"https:\/\/jan-jakobsen.dk\/https:\/\/jan-jakobsen.dk\/wp-content\/uploads\/2017\/06\/ordinateur-apple-ipad-620x412.jpg\" alt=\"\" class=\"wp-image-7365\" style=\"width:300px\" srcset=\"https:\/\/jan-jakobsen.dk\/http:\/\/jan-jakobsen.dk\/wp-content\/uploads\/2017\/06\/ordinateur-apple-ipad-620x412.jpg 620w, https:\/\/jan-jakobsen.dk\/http:\/\/jan-jakobsen.dk\/wp-content\/uploads\/2017\/06\/ordinateur-apple-ipad-300x199.jpg 300w, https:\/\/jan-jakobsen.dk\/http:\/\/jan-jakobsen.dk\/wp-content\/uploads\/2017\/06\/ordinateur-apple-ipad.jpg 1920w\" sizes=\"auto, (max-width: 620px) 100vw, 620px\" \/><\/a><\/figure>\n<\/div>\n\n\n<p>Danmark har udn\u00e6vnt verdens f\u00f8rste digitale ambassad\u00f8r. En handling, der m\u00e5ske ikke er s\u00e5 tosset endda, n\u00e5r blot vi form\u00e5r at bringe denne position videre end \u201cen sjov ide\u201d og s\u00e6tter et alvorligt fokus p\u00e5 b\u00e5de den digitale industri og den udvikling, der har en helt uoverskuelig indflydelse p\u00e5 vores liv &#8211; b\u00e5de positivt og negativt.&nbsp;<\/p>\n\n\n\n<!--more-->\n\n\n\n<p>Jeg skal sk\u00e5ne for de lange, l\u00f8ftede pegefingre, der ofte rejses om alle de skadelige virkninger hele vores digitale kultur og som ikke mindst sociale medier er belemret med. Jeg deler mange af dem.<\/p>\n\n\n\n<p>Her vil jeg dog s\u00e6tte fokus p\u00e5 det, der for mig er en vigtig pointe: at den digitale verden har nogle vigtige l\u00f8sninger, som vi skriger efter, ikke mindst n\u00e5r det g\u00e6lder kommunikation og handikap. Den digitale verden&nbsp;giver uanede muligheder og kan v\u00e6re et vigtigt frihedsskabende element, n\u00e5r det drejer sig om handikap.<\/p>\n\n\n\n<p>Ofte er det dog kun noget, som IT-giganterne i et vist omfang indt\u00e6nker i hver deres l\u00f8sninger.<\/p>\n\n\n\n<p>Jeg vil bruge mig selv som eksempel. Jeg har, omend med en pause, brugt l\u00f8sninger fra Apple\/iOS pga intuitiv brugervenlighed, kreative muligheder og integration mellem station\u00e6re og mobile enheder, som jeg er vant til og n\u00f8dig vil undv\u00e6re. Efterh\u00e5nden som der er sket en udvikling i mit handikap og min funktionsevne er blevet mindre, viser kanterne sig imidlertid. Bl.a. kan jeg i dag kun med stort besv\u00e6r bruge sk\u00e6rmtouch-funktionerne p\u00e5 min iPad og Iphone. Nogen gange slet ikke.<\/p>\n\n\n\n<p>I min nuv\u00e6rende situation (som naturligvis kan \u00e6ndre sig) kan problemet l\u00f8ses let og elegant hvis jeg blot kan tilslutte en Apple-mus og navigere\/skrive med den. L\u00f8sningen er mulig med en vis fleksibilitet fra Apple-koncernens side &#8211; og for mange mennesker med handikap vil det betyde en valgmulighed for til fordel for Apple-produkterne &#8211; alts\u00e5 ikke kun en fordel for os, men ogs\u00e5 for Apple.<\/p>\n\n\n\n<p>I dag findes findes der perferi-udstyr, der i nogen grad afhj\u00e6lper gener, n\u00e5r man ikke kan bruge sk\u00e6rmfunktionerne p\u00e5 iOS. Mange er urimeligt dyre mens andre er tidskr\u00e6vende og mere besv\u00e6rlige end n\u00f8dvendigt at bruge p\u00e5 iOS&nbsp;i min nuv\u00e6rende situation.<\/p>\n\n\n\n<p>Det skal holdes op imod, at Android tilbyder alskens bluetooth-styret periferi-udstyr, hvilket l\u00f8ser nogle problemer, men og skaber nye gennem andre begr\u00e6nsninger.<\/p>\n\n\n\n<p>Hertil kommer, at n\u00e5r vi nu har et h\u00f8jt besunget markedssamfund, s\u00e5 er det rimeligt, at vi som forbrugere ogs\u00e5 kan stille krav til s\u00e5 vigtige punkter som tilg\u00e6ngelighed, s\u00e5 vi f\u00e5r samme frie valg som alle andre.<\/p>\n\n\n\n<p>Dette er kun den ene side af problematikken.<\/p>\n\n\n\n<p>Den anden er de fremtidige muligheder, der er i udvikling. Her m\u00e5 det v\u00e6re lige s\u00e5 vigtigt at brugervenlighed og universelt design er et krav fra start til slut.<\/p>\n\n\n\n<p>Vi har kun lige set begyndelsen til en omverdensstyring, der i fremtidens systemer bliver b\u00e5de enklere og langt mere integrerede.<\/p>\n\n\n\n<p>Fremtidens digitale produkter m\u00e5 ikke kunne unddrage sig den inkluderende tanke som er en del af et mangfoldigt og rummeligt samfund. Netop Danmark er foregangsland for underst\u00f8ttelse af inklusion. Det skal ogs\u00e5 s\u00e6tte sine spor i hele den digitale strategi.<\/p>\n\n\n\n<p>Det er p\u00e5 tide, at vi ogs\u00e5 viser det i handling, n\u00e5r vi har en IT-ambassad\u00f8r og f\u00e5r en reel mulighed for at p\u00e5virke.<\/p>\n\n\n\n<p>S\u00e5 velkommen til Danmarks nye digital-ambassad\u00f8r Casper Klynge. vi er nogle, der har store forventninger til dine resultater. Lad det nu ikke v\u00e6re ubegrundet.<\/p>\n\n\n\n<p>Ps: altid klar til videochat Silicon Valley\/Ringsted.<\/p>\n\n\n\n<p>De to nedenstende videoklip har tidligere v\u00e6ret brugt p\u00e5 hjemmesiden, men her er begge de, der handler om kommunikation.<\/p>\n\n\n\n<p>Et eksempel p\u00e5 styring iPad:<br><iframe loading=\"lazy\" src=\"https:\/\/www.youtube.com\/embed\/UimbioGTUBQ\" width=\"620\" height=\"352\" frameborder=\"0\" allowfullscreen=\"allowfullscreen\"><\/iframe><\/p>\n\n\n\n<p>Ep eksempel p\u00e5 skriftlig kommunikation:<br><iframe loading=\"lazy\" src=\"https:\/\/www.youtube.com\/embed\/n6YAxT_-5ZQ\" width=\"620\" height=\"352\" frameborder=\"0\" allowfullscreen=\"allowfullscreen\"><\/iframe><\/p>\n","protected":false},"excerpt":{"rendered":"<p>Danmark har udn\u00e6vnt verdens f\u00f8rste digitale ambassad\u00f8r. En handling, der m\u00e5ske ikke er s\u00e5 tosset endda, n\u00e5r blot vi form\u00e5r at bringe denne position videre end \u201cen sjov ide\u201d og s\u00e6tter et alvorligt fokus p\u00e5 b\u00e5de den digitale industri og &hellip; <a href=\"https:\/\/jan-jakobsen.dk\/?p=7364\">L\u00e6s resten <span class=\"meta-nav\">&rarr;<\/span><\/a><\/p>\n","protected":false},"author":3,"featured_media":6307,"comment_status":"open","ping_status":"open","sticky":false,"template":"","format":"standard","meta":{"footnotes":""},"categories":[4,3,1],"tags":[788,787,470,789,505,506,448,790],"class_list":["post-7364","post","type-post","status-publish","format-standard","has-post-thumbnail","hentry","category-blog","category-handicapdebat","category-uncategorized","tag-casper-klynge","tag-digital-ambassadoer","tag-funktionsevne","tag-ios","tag-ipad","tag-iphone","tag-kommunikation","tag-mac"],"_links":{"self":[{"href":"https:\/\/jan-jakobsen.dk\/index.php?rest_route=\/wp\/v2\/posts\/7364","targetHints":{"allow":["GET"]}}],"collection":[{"href":"https:\/\/jan-jakobsen.dk\/index.php?rest_route=\/wp\/v2\/posts"}],"about":[{"href":"https:\/\/jan-jakobsen.dk\/index.php?rest_route=\/wp\/v2\/types\/post"}],"author":[{"embeddable":true,"href":"https:\/\/jan-jakobsen.dk\/index.php?rest_route=\/wp\/v2\/users\/3"}],"replies":[{"embeddable":true,"href":"https:\/\/jan-jakobsen.dk\/index.php?rest_route=%2Fwp%2Fv2%2Fcomments&post=7364"}],"version-history":[{"count":11,"href":"https:\/\/jan-jakobsen.dk\/index.php?rest_route=\/wp\/v2\/posts\/7364\/revisions"}],"predecessor-version":[{"id":60335,"href":"https:\/\/jan-jakobsen.dk\/index.php?rest_route=\/wp\/v2\/posts\/7364\/revisions\/60335"}],"wp:featuredmedia":[{"embeddable":true,"href":"https:\/\/jan-jakobsen.dk\/index.php?rest_route=\/wp\/v2\/media\/6307"}],"wp:attachment":[{"href":"https:\/\/jan-jakobsen.dk\/index.php?rest_route=%2Fwp%2Fv2%2Fmedia&parent=7364"}],"wp:term":[{"taxonomy":"category","embeddable":true,"href":"https:\/\/jan-jakobsen.dk\/index.php?rest_route=%2Fwp%2Fv2%2Fcategories&post=7364"},{"taxonomy":"post_tag","embeddable":true,"href":"https:\/\/jan-jakobsen.dk\/index.php?rest_route=%2Fwp%2Fv2%2Ftags&post=7364"}],"curies":[{"name":"wp","href":"https:\/\/api.w.org\/{rel}","templated":true}]}}