{"id":7348,"date":"2017-06-03T18:49:34","date_gmt":"2017-06-03T16:49:34","guid":{"rendered":"http:\/\/jan-jakobsen.dk\/?p=7348"},"modified":"2024-05-05T01:53:24","modified_gmt":"2024-05-04T23:53:24","slug":"med-peter-mikkelsen-har-vi-mistet-en-begavet-drivkraft","status":"publish","type":"post","link":"https:\/\/jan-jakobsen.dk\/?p=7348","title":{"rendered":"Med Peter Mikkelsen har vi mistet en begavet drivkraft\u00a0"},"content":{"rendered":"<div class=\"wp-block-image wp-image-7350\">\n<figure class=\"alignleft size-full is-resized\"><img loading=\"lazy\" decoding=\"async\" width=\"432\" height=\"224\" src=\"https:\/\/jan-jakobsen.dk\/https:\/\/jan-jakobsen.dk\/wp-content\/uploads\/2017\/06\/screenshot-1.png\" alt=\"\" class=\"wp-image-7350\" style=\"width:300px\" srcset=\"https:\/\/jan-jakobsen.dk\/http:\/\/jan-jakobsen.dk\/wp-content\/uploads\/2017\/06\/screenshot-1.png 432w, https:\/\/jan-jakobsen.dk\/http:\/\/jan-jakobsen.dk\/wp-content\/uploads\/2017\/06\/screenshot-1-300x156.png 300w\" sizes=\"auto, (max-width: 432px) 100vw, 432px\" \/><figcaption class=\"wp-element-caption\">Peter deltog i DR&#8217;s Aftenshowet 14. februar i \u00e5r sammen med Sarah Glerup for at fort\u00e6lle om Ikke D\u00f8d Endnu. Han var et aktivt aktiv for os alle.<\/figcaption><\/figure>\n<\/div>\n\n\n<p>Tirsdag 30. maj d\u00f8de Peter Mikkelsen &#8211; en af medstifterne af Ikke D\u00f8d Endnu. Et menneske, der i sine alt for korte 35 \u00e5r her p\u00e5 jorden viste med sin ordentlighed, at han br\u00e6ndte for noget og at han gjorde det konstruktivt.<\/p>\n\n\n\n<p>Jeg havde stor gl\u00e6de af Peter, der var god at sparre med, n\u00e5r der skulle skrives artikler om s\u00e5 sv\u00e6re emner som aktiv d\u00f8dshj\u00e6lp.<\/p>\n\n\n\n<!--more-->\n\n\n\n<p>Jeg l\u00e6rte f\u00f8rste gang Peters evne til at br\u00e6nde igennem, da han p\u00e5 et m\u00f8de for ti \u00e5r siden sammen med andre unge talte om handikap og sexualitet. Et emne, han havde stor viden om. Peter skrev ogs\u00e5 om sine synspunkter p\u00e5 dette emne i en kronik i Politiken i 2010 med titlen \u201cHandikap er ikke det modsatte af sex\u201d. Siden har jeg haft den p\u00e5 listen over vigtige artikler omkring handikapsp\u00f8rgsm\u00e5l.<\/p>\n\n\n\n<p>Siden gennem mange m\u00f8der i Muskelsvindfonden, hvor Peter viste, at der foruden indsigt ogs\u00e5 var humor og et stort menneske i ham foruden sagligheden.<\/p>\n\n\n\n<p>P\u00e5 et tidspunkt var vi nogle stykker, der gik sammen om at skrive seks historier om handikappedes vilk\u00e5r i konkurrencestaten til bladet Solidartet. Titlen var \u201cReformramt &#8211; men ikke forskr\u00e6mt\u201d. Med dem ville vi vise, at handikamp er klassekamp. Igen var Peter p\u00e5 banen med en dybt personlig og meget relevant fort\u00e6lling, som jeg gerne vil citere starten fra:<\/p>\n\n\n\n<p>\u201c\u2026Jeg kan ikke \u00bbbetale mig\u00ab<\/p>\n\n\n\n<p>Jeg sidder hjemme i dag. Peter, en krop med muskelsvind, dvs. svage muskler i uh\u00f8rt grad. Tilf\u00e6ldigvis.<\/p>\n\n\n\n<p>Jeg har f\u00f8rtidspension og hj\u00e6lperordning og er i stand til at arbejde frivilligt som coach et par timer om ugen. Men jeg kan ikke \u00bbbetale mig\u00ab. Jeg giver kronisk underskud i en \u00f8konomisk t\u00e6nkende verden\u2026\u201d<\/p>\n\n\n\n<p>Det handler om en indsigt i fort\u00e6llingens store kunst, viden, skarpt verdenssyn og vilje til forandring. Det havde vi sidst men ikke mindst enorm gl\u00e6de af i Ikke D\u00f8d Endnu. Her markerede Peter sig ogs\u00e5 kraftigt b\u00e5de med indsigt, men ogs\u00e5 en altid n\u00e6rv\u00e6rende empati, der var med til at styrke vores argumenter. Peter b\u00e5de skrev, fortalte og medvirkede med Sarah Glerup i DRs Aftenshowet om Ikke D\u00f8d Endnu.<\/p>\n\n\n\n<p>Der var nogle, der var meget t\u00e6ttere p\u00e5 Peter end mig &#8211; og derfor ogs\u00e5 vil savne en meget t\u00e6t ven. Men f\u00e6lles for os alle er, at vi har mistet en flittig, \u00e6rlig, st\u00e6dig og kompromisl\u00f8s kammerat, der vil v\u00e6re savnet for alt det han trods alt n\u00e5ede &#8211; og for alt den inspiration og viden han ville kunne bidrage med, hvis han fortsat havde levet.<\/p>\n\n\n\n<p>Tanker til familie og meget n\u00e6re venner.<\/p>\n\n\n\n<p>I k\u00e6rlig erindring<\/p>\n\n\n\n<p>Jan<\/p>\n","protected":false},"excerpt":{"rendered":"<p>Tirsdag 30. maj d\u00f8de Peter Mikkelsen &#8211; en af medstifterne af Ikke D\u00f8d Endnu. Et menneske, der i sine alt for korte 35 \u00e5r her p\u00e5 jorden viste med sin ordentlighed, at han br\u00e6ndte for noget og at han gjorde &hellip; <a href=\"https:\/\/jan-jakobsen.dk\/?p=7348\">L\u00e6s resten <span class=\"meta-nav\">&rarr;<\/span><\/a><\/p>\n","protected":false},"author":3,"featured_media":6307,"comment_status":"open","ping_status":"open","sticky":false,"template":"","format":"standard","meta":{"footnotes":""},"categories":[4,3],"tags":[690,781,412,780],"class_list":["post-7348","post","type-post","status-publish","format-standard","has-post-thumbnail","hentry","category-blog","category-handicapdebat","tag-ikke-doed-endnu","tag-mindeord","tag-muskelsvindfonden","tag-peter-mikkelsen"],"_links":{"self":[{"href":"https:\/\/jan-jakobsen.dk\/index.php?rest_route=\/wp\/v2\/posts\/7348","targetHints":{"allow":["GET"]}}],"collection":[{"href":"https:\/\/jan-jakobsen.dk\/index.php?rest_route=\/wp\/v2\/posts"}],"about":[{"href":"https:\/\/jan-jakobsen.dk\/index.php?rest_route=\/wp\/v2\/types\/post"}],"author":[{"embeddable":true,"href":"https:\/\/jan-jakobsen.dk\/index.php?rest_route=\/wp\/v2\/users\/3"}],"replies":[{"embeddable":true,"href":"https:\/\/jan-jakobsen.dk\/index.php?rest_route=%2Fwp%2Fv2%2Fcomments&post=7348"}],"version-history":[{"count":3,"href":"https:\/\/jan-jakobsen.dk\/index.php?rest_route=\/wp\/v2\/posts\/7348\/revisions"}],"predecessor-version":[{"id":60337,"href":"https:\/\/jan-jakobsen.dk\/index.php?rest_route=\/wp\/v2\/posts\/7348\/revisions\/60337"}],"wp:featuredmedia":[{"embeddable":true,"href":"https:\/\/jan-jakobsen.dk\/index.php?rest_route=\/wp\/v2\/media\/6307"}],"wp:attachment":[{"href":"https:\/\/jan-jakobsen.dk\/index.php?rest_route=%2Fwp%2Fv2%2Fmedia&parent=7348"}],"wp:term":[{"taxonomy":"category","embeddable":true,"href":"https:\/\/jan-jakobsen.dk\/index.php?rest_route=%2Fwp%2Fv2%2Fcategories&post=7348"},{"taxonomy":"post_tag","embeddable":true,"href":"https:\/\/jan-jakobsen.dk\/index.php?rest_route=%2Fwp%2Fv2%2Ftags&post=7348"}],"curies":[{"name":"wp","href":"https:\/\/api.w.org\/{rel}","templated":true}]}}