{"id":7303,"date":"2017-04-29T07:30:45","date_gmt":"2017-04-29T05:30:45","guid":{"rendered":"http:\/\/jan-jakobsen.dk\/?p=7303"},"modified":"2024-05-05T02:08:28","modified_gmt":"2024-05-05T00:08:28","slug":"16-aars-konsekvent-kamp-mod-benspaend","status":"publish","type":"post","link":"https:\/\/jan-jakobsen.dk\/?p=7303","title":{"rendered":"16 \u00e5rs konsekvent kamp mod bensp\u00e6nd\u00a0"},"content":{"rendered":"<div class=\"wp-block-image\">\n<figure class=\"alignleft size-full is-resized\"><a href=\"https:\/\/jan-jakobsen.dk\/https:\/\/jan-jakobsen.dk\/wp-content\/uploads\/2017\/04\/enhedslisten-opst.png\"><img loading=\"lazy\" decoding=\"async\" width=\"638\" height=\"748\" src=\"https:\/\/jan-jakobsen.dk\/https:\/\/jan-jakobsen.dk\/wp-content\/uploads\/2017\/04\/enhedslisten-opst.png\" alt=\"\" class=\"wp-image-7304\" style=\"width:300px\" srcset=\"https:\/\/jan-jakobsen.dk\/http:\/\/jan-jakobsen.dk\/wp-content\/uploads\/2017\/04\/enhedslisten-opst.png 638w, https:\/\/jan-jakobsen.dk\/http:\/\/jan-jakobsen.dk\/wp-content\/uploads\/2017\/04\/enhedslisten-opst-256x300.png 256w, https:\/\/jan-jakobsen.dk\/http:\/\/jan-jakobsen.dk\/wp-content\/uploads\/2017\/04\/enhedslisten-opst-620x727.png 620w\" sizes=\"auto, (max-width: 638px) 100vw, 638px\" \/><\/a><\/figure>\n<\/div>\n\n\n<p><em>Dette er min helt egen og meget personlige begrundelse for, at jeg har valgt ikke at stille op som nr. 1 p\u00e5 Enhedslistens byr\u00e5dsliste til kommunevalget i november 2017.<\/em><\/p>\n\n\n\n<p>Jeg valgte, da Enhedslisten skulle fastl\u00e6gge opstillingslisten til kommunevalget 2017, ikke at genopstille som spidskandidat. Et bevidst valg fra min side, for det har ofte v\u00e6ret en ensom kamp, som jeg hjertensgerne vil forts\u00e6tte &#8211; men ikke alene i dette r\u00e5d.&nbsp;<\/p>\n\n\n\n<!--more-->\n\n\n\n<p>Jeg har siddet i Ringsted byr\u00e5d i 16 \u00e5r, n\u00e5r denne periode er slut. Det har v\u00e6ret sp\u00e6ndende, givtigt (ikke mindst p\u00e5 handikapomr\u00e5det) og alt for ofte ensomt.<\/p>\n\n\n\n<p>Ikke forst\u00e5et som ensomt i Enhedslisten. Her har jeg oplevet en k\u00e6mpe opbakning fra b\u00e5de afdelingen og vores lokale baggrundsgruppe. Sidstn\u00e6vnte har v\u00e6ret meget aktiv og p\u00e5 bedste vis bidraget med argumenter, gode forslag og ikke mindst st\u00f8tte.<\/p>\n\n\n\n<p>Ogs\u00e5 i Enhedslisten centralt har jeg oplevet langt mere fokus p\u00e5 handikappolitikken, mere relevant diskussion og mere lydh\u00f8rhed i de \u00e5r jeg har v\u00e6ret medlem her, end jeg nogensinde oplevede mens jeg fra 2002 til midten af 2010 sad som medlem af SFs byr\u00e5dsgruppe. De f\u00f8rste 4 \u00e5r dog langt bedre end de, der fulgte. Selvf\u00f8lgelig skyldes det, at Enhedslisten stadig er et socialistisk parti, der k\u00e6mper imod og ikke for ulighed i samfundet.<\/p>\n\n\n\n<p>Men i byr\u00e5dssalen har det som n\u00e6vnt v\u00e6ret ensomt. Ikke mindst at opleve den stadige borgerligg\u00f8relse, der har fundet sted blandt de partier, der har kaldt sig socialistiske. De har i stadig h\u00f8jere grad underordnet sig den borgerlige politik, som Venstre og Dansk Folkeparti har v\u00e6ret bannerf\u00f8rere for: stadig mere h\u00f8jredrejet og med den mangel p\u00e5 menneskelig forst\u00e5else, som er vigtig for mig. Solidariteten er forsvundet.<\/p>\n\n\n\n<p>Det er denne erkendelse, der har f\u00e5et mig til at tr\u00e6ffe mit valg.<\/p>\n\n\n\n<p>Det har ikke v\u00e6ret tungt at tr\u00e6ffe denne beslutning, for i virkeligheden styrker det, hvad Enhedslisten st\u00e5r for. Med Henrik Kj\u00e6r f\u00e5r Ringsted Kommune en st\u00e6rk spidskandidat, der har kompetencer p\u00e5 det faglige omr\u00e5de, som langt overg\u00e5r mine. Skulle vi v\u00e6re s\u00e5 heldige, at der ogs\u00e5 bliver en plads til mig i Enhedslistens byr\u00e5dsgruppe efter valget, s\u00e5 kan jeg koncentrere mig om social- og handikappolitikken, der har brug for et v\u00e5gent \u00f8je. Det er \u00e5bentlyst.<\/p>\n\n\n\n<p>Lykkes det ikke, s\u00e5 vil jeg stadig v\u00e6re at finde b\u00e5de i Enhedslisten, i Muskelsvindfonden, i Danske Handikaporganisationer, i vores nystartede bev\u00e6gelse Ikke D\u00f8d Endnu, der markerer sig imod institutionaliseret aktiv d\u00f8dshj\u00e6lp, og som foredragsholder. Kort sagt hvor der er brug for en h\u00e5nd i kampen for de bedst mulige vilk\u00e5r for mennesker med handikap. Det er det vigtigste for mig og det vil have mit fokus.<\/p>\n\n\n\n<p>Og der er masser af opgaver at tage fat p\u00e5. For trods al snak fra det siddende byr\u00e5d, s\u00e5 falder stadig&nbsp;flere borgere gennem det sociale system og lander&nbsp;i en uv\u00e6rdig rolle som ofre for vigende velf\u00e6rd.<\/p>\n\n\n\n<p>Selv om det kun er i Enhedslisten, jeg kan optr\u00e6de partipolitisk, prioriterer jeg b\u00e5de dette og samtidig at arbejde sammen&nbsp;med mange andre, der ikke har samme partipolitiske holdninger som jeg, om at k\u00e6mpe for rettigheder gennem vores organisationer. Der er heldigvis mange anst\u00e6ndige borgere i hele dette samfund, der har et socialt godt m\u00e5l og som t\u00e6nker i andet og mere end \u00f8konomi. Det er der brug for &#8211; og d\u00e9r vil jeg fortsat ogs\u00e5 v\u00e6re at finde ved siden af partiarbejdet.<\/p>\n","protected":false},"excerpt":{"rendered":"<p>Dette er min helt egen og meget personlige begrundelse for, at jeg har valgt ikke at stille op som nr. 1 p\u00e5 Enhedslistens byr\u00e5dsliste til kommunevalget i november 2017. Jeg valgte, da Enhedslisten skulle fastl\u00e6gge opstillingslisten til kommunevalget 2017, ikke &hellip; <a href=\"https:\/\/jan-jakobsen.dk\/?p=7303\">L\u00e6s resten <span class=\"meta-nav\">&rarr;<\/span><\/a><\/p>\n","protected":false},"author":3,"featured_media":6307,"comment_status":"open","ping_status":"open","sticky":false,"template":"","format":"standard","meta":{"footnotes":""},"categories":[4,32,3,1],"tags":[39,772,690,412],"class_list":["post-7303","post","type-post","status-publish","format-standard","has-post-thumbnail","hentry","category-blog","category-byradenhedslisten","category-handicapdebat","category-uncategorized","tag-enhedslisten","tag-i-danske-handikaporganisationer","tag-ikke-doed-endnu","tag-muskelsvindfonden"],"_links":{"self":[{"href":"https:\/\/jan-jakobsen.dk\/index.php?rest_route=\/wp\/v2\/posts\/7303","targetHints":{"allow":["GET"]}}],"collection":[{"href":"https:\/\/jan-jakobsen.dk\/index.php?rest_route=\/wp\/v2\/posts"}],"about":[{"href":"https:\/\/jan-jakobsen.dk\/index.php?rest_route=\/wp\/v2\/types\/post"}],"author":[{"embeddable":true,"href":"https:\/\/jan-jakobsen.dk\/index.php?rest_route=\/wp\/v2\/users\/3"}],"replies":[{"embeddable":true,"href":"https:\/\/jan-jakobsen.dk\/index.php?rest_route=%2Fwp%2Fv2%2Fcomments&post=7303"}],"version-history":[{"count":7,"href":"https:\/\/jan-jakobsen.dk\/index.php?rest_route=\/wp\/v2\/posts\/7303\/revisions"}],"predecessor-version":[{"id":60344,"href":"https:\/\/jan-jakobsen.dk\/index.php?rest_route=\/wp\/v2\/posts\/7303\/revisions\/60344"}],"wp:featuredmedia":[{"embeddable":true,"href":"https:\/\/jan-jakobsen.dk\/index.php?rest_route=\/wp\/v2\/media\/6307"}],"wp:attachment":[{"href":"https:\/\/jan-jakobsen.dk\/index.php?rest_route=%2Fwp%2Fv2%2Fmedia&parent=7303"}],"wp:term":[{"taxonomy":"category","embeddable":true,"href":"https:\/\/jan-jakobsen.dk\/index.php?rest_route=%2Fwp%2Fv2%2Fcategories&post=7303"},{"taxonomy":"post_tag","embeddable":true,"href":"https:\/\/jan-jakobsen.dk\/index.php?rest_route=%2Fwp%2Fv2%2Ftags&post=7303"}],"curies":[{"name":"wp","href":"https:\/\/api.w.org\/{rel}","templated":true}]}}