{"id":7286,"date":"2017-04-22T08:00:41","date_gmt":"2017-04-22T06:00:41","guid":{"rendered":"http:\/\/jan-jakobsen.dk\/?p=7286"},"modified":"2024-05-05T02:11:00","modified_gmt":"2024-05-05T00:11:00","slug":"de-gode-og-de-onde","status":"publish","type":"post","link":"https:\/\/jan-jakobsen.dk\/?p=7286","title":{"rendered":"De gode og de onde\u00a0"},"content":{"rendered":"<div class=\"wp-block-image\">\n<figure class=\"alignleft size-full is-resized\"><a href=\"https:\/\/jan-jakobsen.dk\/https:\/\/jan-jakobsen.dk\/wp-content\/uploads\/2017\/04\/Trappe-og-dreng.jpg\"><img loading=\"lazy\" decoding=\"async\" width=\"724\" height=\"800\" src=\"https:\/\/jan-jakobsen.dk\/https:\/\/jan-jakobsen.dk\/wp-content\/uploads\/2017\/04\/Trappe-og-dreng.jpg\" alt=\"\" class=\"wp-image-7296\" style=\"width:300px\" srcset=\"https:\/\/jan-jakobsen.dk\/http:\/\/jan-jakobsen.dk\/wp-content\/uploads\/2017\/04\/Trappe-og-dreng.jpg 724w, https:\/\/jan-jakobsen.dk\/http:\/\/jan-jakobsen.dk\/wp-content\/uploads\/2017\/04\/Trappe-og-dreng-272x300.jpg 272w, https:\/\/jan-jakobsen.dk\/http:\/\/jan-jakobsen.dk\/wp-content\/uploads\/2017\/04\/Trappe-og-dreng-620x685.jpg 620w\" sizes=\"auto, (max-width: 724px) 100vw, 724px\" \/><\/a><\/figure>\n<\/div>\n\n\n<p>I \u00f8jeblikket k\u00f8rer en debat om at f\u00e5 tilg\u00e6ngelighed til private boliger skrevet ud af bygningsreglementet. Forslaget, der er sendt i h\u00f8ring, er fremf\u00f8rt af transport-, bygnings- og boligminister&nbsp;Ole Birk Olesen. Lovforslag m\u00e5 n\u00f8dvendigvis v\u00e6re p\u00e5 vegne af regeringen, som derfor&nbsp;m\u00e5 v\u00e6re ansvarlig for det.<\/p>\n\n\n\n<p>For ikke s\u00e5 lang tid siden var socialminister Mai Mercado ude med en ganske sympatisk indikering af, at der er brug for en lovgivning, der forbyder diskrimination af mennesker med handikap. Et signal i dette forslag var dog ogs\u00e5, at netop tilg\u00e6ngeligheden var taget ud af det, som ministeren vil arbejde for. Det til trods for at ikke mindst tilg\u00e6ngeligheden er en s\u00e6rdeles diskriminerende faktor set i forhold til en stor gruppe borgere med handikap.&nbsp;<\/p>\n\n\n\n<!--more-->\n\n\n\n<p>Det er sv\u00e6rt at se udmeldingerne fra Mai Mercado og Ole Birk Olesen som andet end en del af en samlet strategi fra regeringens side. En strategi som regeringen kollektivt m\u00e5 tage ansvaret for.<\/p>\n\n\n\n<p>Jeg er meget enig i den kritik, der er fremf\u00f8rt af bl.a.&nbsp;Thorkild Olesen og Mogens Wiederholt om fors\u00f8gene p\u00e5 at forringe tilg\u00e6ngelighed til private boliger. Set ud fra en handicappolitisk synsvinkel er det dog forkert at g\u00f8re det til et sp\u00f8rgsm\u00e5l om den enkelte minister, om sym- og antipatier og deres evner som minister.<\/p>\n\n\n\n<p>Naturligvis har den enkelte minister nogle personlig ambitioner med egen indsats. Der skal ikke herske den mindste tvivl om, at jeg har stor respekt for Mai Mercado, der er i stand til at formulere en politisk vision, der g\u00e5r meget videre end det regeringen samlet set vil.<\/p>\n\n\n\n<p>Set i regeringssammenh\u00e6ng synes jeg dog ogs\u00e5, at det er vigtigt for os som handikapbev\u00e6gelse at se&nbsp;lidt mere overordnet p\u00e5 de resultater, den samlede regering n\u00e5r &#8211; og i mindre grad p\u00e5, hvad den enkelte minister gerne vil, hvadenten det er positivt eller negativt set i vores perspektiv.<\/p>\n\n\n\n<p>Vi er som handikapbev\u00e6gelse sat i verden for at sikre mennesker med handikap bedst mulige vilk\u00e5r. I den sammenh\u00e6ng er det n\u00f8dvendigt at tr\u00e6nge bag om mange p\u00e6ne ord og se p\u00e5 de konkrete resultater. Det bliver s\u00e5 ogs\u00e5 af mindre betydning om den enkelte minister er bagud eller forud for de konkrete resultater.<\/p>\n\n\n\n<p>Jeg synes altid, at vi som handikapbev\u00e6gelse skal holde en p\u00e6n og ordentlig tone, n\u00e5r vi debatterer. Det bliver&nbsp;der bestemt ogs\u00e5 gjort. Det er dog for mig ikke ensbetydende med, at vi ikke kan have kant. Vi skal v\u00e6re kritiske &#8211; over for alle regeringer og&nbsp;over for alle ministre &#8230; og naturligvis rose, n\u00e5r der er noget konkret at rose for.<\/p>\n\n\n\n<p>Mine roser vil jeg gemme, til jeg&nbsp;ser, hvad resultatet bliver &#8211; og til et s\u00e5 diskriminerende og usympatisk forslag som det, der er lagt frem af transport-, bygnings- og boligministeren, forh\u00e5bentligt er taget af bordet. Indtil da g\u00e6lder det mere at se p\u00e5, hvad deres h\u00e6nder g\u00f8r end lytte til deres tale. S\u00e5 ved vi, hvem der vil vores sag &#8211; og det er langt mere interessant.<\/p>\n","protected":false},"excerpt":{"rendered":"<p>I \u00f8jeblikket k\u00f8rer en debat om at f\u00e5 tilg\u00e6ngelighed til private boliger skrevet ud af bygningsreglementet. Forslaget, der er sendt i h\u00f8ring, er fremf\u00f8rt af transport-, bygnings- og boligminister&nbsp;Ole Birk Olesen. Lovforslag m\u00e5 n\u00f8dvendigvis v\u00e6re p\u00e5 vegne af regeringen, som &hellip; <a href=\"https:\/\/jan-jakobsen.dk\/?p=7286\">L\u00e6s resten <span class=\"meta-nav\">&rarr;<\/span><\/a><\/p>\n","protected":false},"author":3,"featured_media":6307,"comment_status":"open","ping_status":"open","sticky":false,"template":"","format":"standard","meta":{"footnotes":""},"categories":[4,3,1],"tags":[693,771,224],"class_list":["post-7286","post","type-post","status-publish","format-standard","has-post-thumbnail","hentry","category-blog","category-handicapdebat","category-uncategorized","tag-mai-mercado","tag-ole-birk-olesen","tag-tilgaengelighed"],"_links":{"self":[{"href":"https:\/\/jan-jakobsen.dk\/index.php?rest_route=\/wp\/v2\/posts\/7286","targetHints":{"allow":["GET"]}}],"collection":[{"href":"https:\/\/jan-jakobsen.dk\/index.php?rest_route=\/wp\/v2\/posts"}],"about":[{"href":"https:\/\/jan-jakobsen.dk\/index.php?rest_route=\/wp\/v2\/types\/post"}],"author":[{"embeddable":true,"href":"https:\/\/jan-jakobsen.dk\/index.php?rest_route=\/wp\/v2\/users\/3"}],"replies":[{"embeddable":true,"href":"https:\/\/jan-jakobsen.dk\/index.php?rest_route=%2Fwp%2Fv2%2Fcomments&post=7286"}],"version-history":[{"count":11,"href":"https:\/\/jan-jakobsen.dk\/index.php?rest_route=\/wp\/v2\/posts\/7286\/revisions"}],"predecessor-version":[{"id":60345,"href":"https:\/\/jan-jakobsen.dk\/index.php?rest_route=\/wp\/v2\/posts\/7286\/revisions\/60345"}],"wp:featuredmedia":[{"embeddable":true,"href":"https:\/\/jan-jakobsen.dk\/index.php?rest_route=\/wp\/v2\/media\/6307"}],"wp:attachment":[{"href":"https:\/\/jan-jakobsen.dk\/index.php?rest_route=%2Fwp%2Fv2%2Fmedia&parent=7286"}],"wp:term":[{"taxonomy":"category","embeddable":true,"href":"https:\/\/jan-jakobsen.dk\/index.php?rest_route=%2Fwp%2Fv2%2Fcategories&post=7286"},{"taxonomy":"post_tag","embeddable":true,"href":"https:\/\/jan-jakobsen.dk\/index.php?rest_route=%2Fwp%2Fv2%2Ftags&post=7286"}],"curies":[{"name":"wp","href":"https:\/\/api.w.org\/{rel}","templated":true}]}}