{"id":7279,"date":"2017-04-20T08:00:59","date_gmt":"2017-04-20T06:00:59","guid":{"rendered":"http:\/\/jan-jakobsen.dk\/?p=7279"},"modified":"2024-05-05T02:12:53","modified_gmt":"2024-05-05T00:12:53","slug":"et-vaerdigt-liv-en-vaerdig-doed","status":"publish","type":"post","link":"https:\/\/jan-jakobsen.dk\/?p=7279","title":{"rendered":"Et v\u00e6rdigt liv \u2013 en v\u00e6rdig d\u00f8d?"},"content":{"rendered":"<div class=\"wp-block-image\">\n<figure class=\"alignleft size-full is-resized\"><img loading=\"lazy\" decoding=\"async\" width=\"708\" height=\"282\" src=\"https:\/\/jan-jakobsen.dk\/https:\/\/jan-jakobsen.dk\/wp-content\/uploads\/2017\/04\/grei_jak.png\" alt=\"\" class=\"wp-image-7280\" style=\"width:300px\" srcset=\"https:\/\/jan-jakobsen.dk\/http:\/\/jan-jakobsen.dk\/wp-content\/uploads\/2017\/04\/grei_jak.png 708w, https:\/\/jan-jakobsen.dk\/http:\/\/jan-jakobsen.dk\/wp-content\/uploads\/2017\/04\/grei_jak-300x119.png 300w, https:\/\/jan-jakobsen.dk\/http:\/\/jan-jakobsen.dk\/wp-content\/uploads\/2017\/04\/grei_jak-620x247.png 620w\" sizes=\"auto, (max-width: 708px) 100vw, 708px\" \/><\/figure>\n<\/div>\n\n\n<p>Kom til g\u00e5-hjem-m\u00f8de den 31. maj, hvor formanden for Etisk R\u00e5d, b\u00f8rnel\u00e6ge og overl\u00e6ge Gorm Greisen og handicapaktivist Jan Vagn Jakobsen kommer med forskellige perspektiver til debatten om det v\u00e6rdige liv og den v\u00e6rdige d\u00f8d.<\/p>\n\n\n\n<!--more-->\n\n\n\n<p>Debatten om aktiv d\u00f8dshj\u00e6lp blusser op med j\u00e6vne mellemrum, og senest har en meningsm\u00e5ling vist, at et flertal i befolkningen er positivt stemte overfor indf\u00f8relse af aktiv d\u00f8dshj\u00e6lp i Danmark. Men hvilke muligheder findes <span class=\"text_exposed_show\">allerede i dag, og sl\u00e5r de til?<\/span><\/p>\n\n\n\n<div class=\"text_exposed_show\">\n<p>Dagens foredragsholdere vil med deres opl\u00e6g give to forskellige indblik i, hvad der kan gemme sig bag et \u00f8nske om \u201det v\u00e6rdigt liv og en v\u00e6rdig d\u00f8d\u201d set fra henholdsvis et patientperspektiv og et l\u00e6geperspektiv.<\/p>\n<p><a href=\"http:\/\/patientoplevelser.dk\/metode-inspiration\/vaerdigt-liv-vaerdig-doed\" target=\"_blank\" rel=\"noopener\">L\u00e6s mere her<\/a>.<\/p>\n<\/div>\n","protected":false},"excerpt":{"rendered":"<p>Kom til g\u00e5-hjem-m\u00f8de den 31. maj, hvor formanden for Etisk R\u00e5d, b\u00f8rnel\u00e6ge og overl\u00e6ge Gorm Greisen og handicapaktivist Jan Vagn Jakobsen kommer med forskellige perspektiver til debatten om det v\u00e6rdige liv og den v\u00e6rdige d\u00f8d.<\/p>\n","protected":false},"author":3,"featured_media":0,"comment_status":"open","ping_status":"open","sticky":false,"template":"","format":"standard","meta":{"footnotes":""},"categories":[4,762,10,3,1],"tags":[607,770],"class_list":["post-7279","post","type-post","status-publish","format-standard","hentry","category-blog","category-debat-om-aktiv-doedshjaelp","category-debatoplaeg","category-handicapdebat","category-uncategorized","tag-aktiv-doedshjaelp","tag-gorm-greisen"],"_links":{"self":[{"href":"https:\/\/jan-jakobsen.dk\/index.php?rest_route=\/wp\/v2\/posts\/7279","targetHints":{"allow":["GET"]}}],"collection":[{"href":"https:\/\/jan-jakobsen.dk\/index.php?rest_route=\/wp\/v2\/posts"}],"about":[{"href":"https:\/\/jan-jakobsen.dk\/index.php?rest_route=\/wp\/v2\/types\/post"}],"author":[{"embeddable":true,"href":"https:\/\/jan-jakobsen.dk\/index.php?rest_route=\/wp\/v2\/users\/3"}],"replies":[{"embeddable":true,"href":"https:\/\/jan-jakobsen.dk\/index.php?rest_route=%2Fwp%2Fv2%2Fcomments&post=7279"}],"version-history":[{"count":3,"href":"https:\/\/jan-jakobsen.dk\/index.php?rest_route=\/wp\/v2\/posts\/7279\/revisions"}],"predecessor-version":[{"id":60347,"href":"https:\/\/jan-jakobsen.dk\/index.php?rest_route=\/wp\/v2\/posts\/7279\/revisions\/60347"}],"wp:attachment":[{"href":"https:\/\/jan-jakobsen.dk\/index.php?rest_route=%2Fwp%2Fv2%2Fmedia&parent=7279"}],"wp:term":[{"taxonomy":"category","embeddable":true,"href":"https:\/\/jan-jakobsen.dk\/index.php?rest_route=%2Fwp%2Fv2%2Fcategories&post=7279"},{"taxonomy":"post_tag","embeddable":true,"href":"https:\/\/jan-jakobsen.dk\/index.php?rest_route=%2Fwp%2Fv2%2Ftags&post=7279"}],"curies":[{"name":"wp","href":"https:\/\/api.w.org\/{rel}","templated":true}]}}