{"id":724,"date":"2010-07-29T13:34:30","date_gmt":"2010-07-29T11:34:30","guid":{"rendered":"http:\/\/jan-jakobsen.dk\/?p=724"},"modified":"2013-07-02T20:55:17","modified_gmt":"2013-07-02T18:55:17","slug":"jan-jakobsen-gar-ud-af-sf","status":"publish","type":"post","link":"https:\/\/jan-jakobsen.dk\/?p=724","title":{"rendered":"Jan Jakobsen g\u00e5r ud af SF"},"content":{"rendered":"<div><span style=\"color: #ff0000; font-size: large;\"><strong>PRESSEMEDDELELSE:<\/strong><\/span><\/div>\n<div><\/div>\n<div><span style=\"font-size: large;\"><strong>Jan Jakobsen g\u00e5r ud af SF\u00a0<\/strong><\/span><br \/>\n<span style=\"font-size: small;\"><strong><em>Jan Jakobsen, der i mere end 8 \u00e5r har repr\u00e6senteret SF i Ringsted byr\u00e5d, har forladt SF.<\/em><\/strong><\/span><\/div>\n<div><\/div>\n<div><!--more-->&#8220;Jeg har efter lang tids overvejelse forladt SF&#8221;, siger Jan Jakobsen, der tilf\u00f8jer, at han i en periode vil v\u00e6re l\u00f8sg\u00e6nger i byr\u00e5det og s\u00e5 s\u00f8ge optagelse i Enhedslisten.<\/div>\n<div>&#8220;Jeg forlader SF p\u00e5 baggrund af den generelle udvikling i partiet. SF retter for meget ind efter et regeringssamarbejde med Socialdemokraterne. SF forsvarer ikke i tilstr\u00e6kkelig grad samfundets svageste grupper. Alt for mange mennesker bliver tabere i den borgerlige fl\u00f8js vedvarende angreb p\u00e5 erhvervede rettigheder. Handicapomr\u00e5det er et godt eksempel. Jeg savner klart og utvetydigt en stillingtagen fra SF imod kommunernes og KL&#8217;s \u00e5benlyse angreb p\u00e5 mennesker med handicap,&#8221; forts\u00e6tter Jan Jakobsen.<\/div>\n<div>&#8220;Den fordrejede debat om, hvad vi har r\u00e5d til i et velf\u00e6rdssamfund l\u00e6gger hverken SF eller Socialdemokraterne i tilstr\u00e6kkelig grad lagt afstand til. Kun en st\u00e6rk venstreopposition kan efter et regeringsskifte tvinge Socialdemokraterne og SF til at f\u00f8re en mere social politik end den, vi i \u00f8jeblikket ser.&#8221;<\/div>\n<div>&#8220;Beslutningen om at forlade SF er p\u00e5 ingen m\u00e5de lokalpolitisk betinget&#8221;, understreger Jan Jakobsen. &#8220;Jeg har altid f\u00f8lt mig godt tilpas i byr\u00e5dsgruppen og haft stor indflydelse p\u00e5 den f\u00f8rte politik. Det har gjort det ekstra sv\u00e6rt for mig at tr\u00e6ffe beslutningen om at forlade SF, hvor jeg har v\u00e6ret aktiv i n\u00e6sten 20 \u00e5r.&#8221;<\/div>\n<div>&#8220;Mine overvejelser har ogs\u00e5 g\u00e5et p\u00e5 det rigtige i at tage mit mandat med mig. Jeg har besluttet at g\u00f8re det bl.a. fordi jeg synes, at SF &#8211; og ikke jeg &#8211; har \u00e6ndret sig. Samtidig var Enhedslisten og SF i valgteknisk samarbejde ved sidste kommunevalg,&#8221; siger Jan Jakobsen.<\/div>\n<div>&#8220;Fokus i mit byr\u00e5dsarbejde er fortsat de svage samfundsgrupper, der i velf\u00e6rdsdebatten har f\u00e5et en uanst\u00e6ndig rolle som syndebukke for regeringens og Dansk Folkepartis ufinansierede og fejlslagne skattepolitik og stadige angreb p\u00e5 velf\u00e6rdsstaten&#8221;, slutter Jan Jakobsen.<\/div>\n<div>SF-Ringsteds formand, byr\u00e5dsgruppen, borgmesteren og flertalsgruppen i Ringsted Byr\u00e5d er den 7. juli 2010 blevet orienteret om min beslutning. Enhedslisten i Ringsted er orienteret om mit \u00f8nske om samarbejde og om optagelse.<\/div>\n<p>&nbsp;<\/p>\n<div>&#8212;&#8212;&#8212;&#8211;<\/div>\n<div>Yderligere informationer: Jan Jakobsen, tlf. 61 69 16 75.<\/div>\n<div>Vedh\u00e6ftet ogs\u00e5 pressefoto Jan Jakobsen.<\/div>\n","protected":false},"excerpt":{"rendered":"<p>PRESSEMEDDELELSE: Jan Jakobsen g\u00e5r ud af SF\u00a0 Jan Jakobsen, der i mere end 8 \u00e5r har repr\u00e6senteret SF i Ringsted byr\u00e5d, har forladt SF.<\/p>\n","protected":false},"author":3,"featured_media":0,"comment_status":"open","ping_status":"open","sticky":false,"template":"","format":"standard","meta":{"footnotes":""},"categories":[1],"tags":[],"class_list":["post-724","post","type-post","status-publish","format-standard","hentry","category-uncategorized"],"_links":{"self":[{"href":"https:\/\/jan-jakobsen.dk\/index.php?rest_route=\/wp\/v2\/posts\/724","targetHints":{"allow":["GET"]}}],"collection":[{"href":"https:\/\/jan-jakobsen.dk\/index.php?rest_route=\/wp\/v2\/posts"}],"about":[{"href":"https:\/\/jan-jakobsen.dk\/index.php?rest_route=\/wp\/v2\/types\/post"}],"author":[{"embeddable":true,"href":"https:\/\/jan-jakobsen.dk\/index.php?rest_route=\/wp\/v2\/users\/3"}],"replies":[{"embeddable":true,"href":"https:\/\/jan-jakobsen.dk\/index.php?rest_route=%2Fwp%2Fv2%2Fcomments&post=724"}],"version-history":[{"count":2,"href":"https:\/\/jan-jakobsen.dk\/index.php?rest_route=\/wp\/v2\/posts\/724\/revisions"}],"predecessor-version":[{"id":725,"href":"https:\/\/jan-jakobsen.dk\/index.php?rest_route=\/wp\/v2\/posts\/724\/revisions\/725"}],"wp:attachment":[{"href":"https:\/\/jan-jakobsen.dk\/index.php?rest_route=%2Fwp%2Fv2%2Fmedia&parent=724"}],"wp:term":[{"taxonomy":"category","embeddable":true,"href":"https:\/\/jan-jakobsen.dk\/index.php?rest_route=%2Fwp%2Fv2%2Fcategories&post=724"},{"taxonomy":"post_tag","embeddable":true,"href":"https:\/\/jan-jakobsen.dk\/index.php?rest_route=%2Fwp%2Fv2%2Ftags&post=724"}],"curies":[{"name":"wp","href":"https:\/\/api.w.org\/{rel}","templated":true}]}}