{"id":715,"date":"2010-06-16T09:58:06","date_gmt":"2010-06-16T07:58:06","guid":{"rendered":"http:\/\/jan-jakobsen.dk\/?p=715"},"modified":"2013-07-25T21:12:51","modified_gmt":"2013-07-25T19:12:51","slug":"fa-men-n%c3%b8je-udvalgte-tabere","status":"publish","type":"post","link":"https:\/\/jan-jakobsen.dk\/?p=715","title":{"rendered":"F\u00e5, men n\u00f8je udvalgte tabere"},"content":{"rendered":"<p>Det er simpelthen helt uanst\u00e6ndigt, at regeringen og Dansk Folkeparti nu skubber de svageste i samfundet ud over kanten. Bl.a. de nye regler omkring kompensation for tabt arbejdsfortjeneste f\u00e5r voldsomme konsekvenser for familier med b\u00f8rn, der har muskelsvind eller et andet alvorligt handicap. I mange af disse familier er en af for\u00e6ldrene i kortere eller l\u00e6ngere perioder n\u00f8dt til at blive hjemme og passe barnet i forbindelse med rygoperationer og andre n\u00f8dvendige indgreb. Det har de hidtil kunnet g\u00f8re uden at familiens fors\u00f8rgelsesgrundlag ramler, fordi der har v\u00e6ret en en rimelig kompensation for tabt arbejdsfortjeneste. Regeringens nye regler truer familiernes \u00f8konomiske grundlag. Man g\u00e5r entydigt efter de, der er nemmest at skubbe ud over kanten. Det er et helt urimelig ekstra pres at l\u00e6gge p\u00e5 disse familier, som vi i Muskelsvindfonden tager afstand fra.<br \/>\nDet vil betyde, at mange familier kan blive n\u00f8dt til at overlade pasningen af deres alvorligt syge eller handicappede b\u00f8rn til andre for eksempel kommunalt ansatte hj\u00e6lpere eller d\u00f8gn- og daginstitutioner. Det i sig selv kan meget vel v\u00e6re en fordyrelse, s\u00e5 besparelsen p\u00e5 denne konto er i sig selv tvivlsom.<br \/>\nDerfor kan vi i Muskelsvindfonden heller ikke se, at der er noget sparet ved at skulle ansatte hj\u00e6lpere eller ekstra personale i institutioner for at passe nogle b\u00f8rn, som familierne i virkeligheden \u00f8nsker at passe selv i de perioder, det er n\u00f8dvendigt. Endelig er der ogs\u00e5 b\u00f8rn med helt s\u00e6rlige vilk\u00e5r, som ikke vil kunne passes udenfor hjemmet. De familier rammes helt urimeligt h\u00e5rdt.<br \/>\n<!--more-->Vi er rystede over regeringen og ikke mindst over, at Dansk Folkeparti, der hidtil har pr\u00f8vet at markedsf\u00f8re sig som regeringens sociale samvittighed, v\u00e6lger at st\u00e5 bag s\u00e5 familie- og handicapfjendsk en plan med s\u00e5 drastiske konsekvenser for familier, der har b\u00f8rn med et handicap. Der sker i \u00f8jeblikket en forr\u00e5else over for de svageste i vores samfund og det er utilb\u00f8rligt, uanst\u00e6ndigt og et st\u00e6rkt brud p\u00e5 den tradition for solidaritet, der har v\u00e6ret g\u00e6ldende i dette land i \u00e5rtier.<br \/>\nUdover disse forringelser har regeringaftalen med Kommunernes Landsforening lukket op for, at mennesker med handicap i den kommende tid rammes meget h\u00e5rdt, n\u00e5r der skal l\u00e6gges budgetter i kommunerne. Rgeringen har, stadig med hj\u00e6lp fra Dansk Folkeparti, lukket op for, at der skal ske \u00e6ndringer i den sociale lovgivning, som betyder, at den gruppe af mennesker, der har mest behov for hj\u00e6lp, rammes h\u00e5rdt. Det sker blandt andet takket v\u00e6re et eksempelkatalog udarbejdet af Kommunernes Landsforening med socialdemokraten Jan Tr\u00f8jborg i spidsen. Humlen i dette katalog er at bevise, at mennesker med handicap er for dyre for samfundet \u2013 og at vi derfor m\u00e5 \u00e6ndre sociallovgivningen. Det at man vil \u00e6ndre lovgivningen blot fordi man kan komme med eksempler p\u00e5, at ankesager ikke har bakket op om kommunernes politik er en meget alvorlig trusset mod retssikkerheden som store dele af den danske befolkning b\u00f8r v\u00e6re p\u00e5 vagt over for.<br \/>\nRegeringsaftalen betyder, at man har udvalgt f\u00e5 og meget svage grupper som mennesker med handicap, arbejdsl\u00f8se og \u00e6ldre med omhu, som skal b\u00e6re prisen for en falleret krisel\u00f8sning og for bankpakker, skattelettelser til rige og andre former for sk\u00e6vvridninger af samfundet, mens den almindelige borger ikke bliver ramt i n\u00e6r samme grad. S\u00e5 kan vi opretholde illusionen om, at vi alle har det godt. Det har vi ikke \u2013 i fremtiden.<br \/>\nJan Jakobsen<br \/>\nBestyrelsesmedlem i Muskelsvindfonden<\/p>\n","protected":false},"excerpt":{"rendered":"<p>Det er simpelthen helt uanst\u00e6ndigt, at regeringen og Dansk Folkeparti nu skubber de svageste i samfundet ud over kanten. Bl.a. de nye regler omkring kompensation for tabt arbejdsfortjeneste f\u00e5r voldsomme konsekvenser for familier med b\u00f8rn, der har muskelsvind eller et &hellip; <a href=\"https:\/\/jan-jakobsen.dk\/?p=715\">L\u00e6s resten <span class=\"meta-nav\">&rarr;<\/span><\/a><\/p>\n","protected":false},"author":3,"featured_media":0,"comment_status":"open","ping_status":"open","sticky":false,"template":"","format":"standard","meta":{"footnotes":""},"categories":[4,3],"tags":[],"class_list":["post-715","post","type-post","status-publish","format-standard","hentry","category-blog","category-handicapdebat"],"_links":{"self":[{"href":"https:\/\/jan-jakobsen.dk\/index.php?rest_route=\/wp\/v2\/posts\/715","targetHints":{"allow":["GET"]}}],"collection":[{"href":"https:\/\/jan-jakobsen.dk\/index.php?rest_route=\/wp\/v2\/posts"}],"about":[{"href":"https:\/\/jan-jakobsen.dk\/index.php?rest_route=\/wp\/v2\/types\/post"}],"author":[{"embeddable":true,"href":"https:\/\/jan-jakobsen.dk\/index.php?rest_route=\/wp\/v2\/users\/3"}],"replies":[{"embeddable":true,"href":"https:\/\/jan-jakobsen.dk\/index.php?rest_route=%2Fwp%2Fv2%2Fcomments&post=715"}],"version-history":[{"count":8,"href":"https:\/\/jan-jakobsen.dk\/index.php?rest_route=\/wp\/v2\/posts\/715\/revisions"}],"predecessor-version":[{"id":2409,"href":"https:\/\/jan-jakobsen.dk\/index.php?rest_route=\/wp\/v2\/posts\/715\/revisions\/2409"}],"wp:attachment":[{"href":"https:\/\/jan-jakobsen.dk\/index.php?rest_route=%2Fwp%2Fv2%2Fmedia&parent=715"}],"wp:term":[{"taxonomy":"category","embeddable":true,"href":"https:\/\/jan-jakobsen.dk\/index.php?rest_route=%2Fwp%2Fv2%2Fcategories&post=715"},{"taxonomy":"post_tag","embeddable":true,"href":"https:\/\/jan-jakobsen.dk\/index.php?rest_route=%2Fwp%2Fv2%2Ftags&post=715"}],"curies":[{"name":"wp","href":"https:\/\/api.w.org\/{rel}","templated":true}]}}