{"id":709,"date":"2010-05-02T11:44:07","date_gmt":"2010-05-02T09:44:07","guid":{"rendered":"http:\/\/jan-jakobsen.dk\/?p=709"},"modified":"2013-07-25T21:19:02","modified_gmt":"2013-07-25T19:19:02","slug":"hvem-skal-betale-prisen","status":"publish","type":"post","link":"https:\/\/jan-jakobsen.dk\/?p=709","title":{"rendered":"Hvem skal betale prisen?"},"content":{"rendered":"<p><strong>Handicapdebat<\/strong><\/p>\n<p>Af Jan Jakobsen<\/p>\n<p>For nogle dage siden udtalte formanden for Danske Socialchefer, Ole Pass, at \u00bb&#8230;kommunerne bliver m\u00f8dt med et enormt forventningspres fra borgere med handicap, som hele tiden forventer, at kommunen skal betale for det bedste og det nyeste teknologiske hj\u00e6lpemiddel&#8230;.\u00ab<br \/>\n<!--more-->N\u00e5r Ole Pass udtaler sig fra sin position, kommer det til at fremst\u00e5 som en udtalelse p\u00e5 vegne af alle landets socialchefer &#8211; og pludselig st\u00e5r vi i en situation, hvor det risikerer at blive \u00bben almengyldig sandhed\u00ab, at mennesker med handicap er kr\u00e6vende.<br \/>\nOle Pass\u2019 udtalelse skal naturligvis s\u00e6ttes ind i en sammenh\u00e6ng, som er klar nok: Kommunerne er \u00f8konomisk tr\u00e6ngt og kan ikke se sig ud af handicapomr\u00e5dets stigende udgifter.<br \/>\nOle Pass har ret i, at der er et h\u00e5rdt pres p\u00e5 den kommunale \u00f8konomi, men det er ikke et argument for at sl\u00e5 nedad &#8211; at sl\u00e5 p\u00e5 os, der har brug for hj\u00e6lpemidler. Det er naturligvis et politisk valg, som Ole Pass tr\u00e6ffer. Han kunne ogs\u00e5 have kritiseret den manglende balance mellem kommunal og statslig fi nansiering. Det ville v\u00e6re b\u00e5de fair og forst\u00e5eligt.<\/p>\n<p>Skattelettelse til de rige<br \/>\nVi har mange gange tidligere i historien set, at mennesker har valgt at sl\u00e5 nedad i stedet for at kritisere de politiske magthavere, selv om der er god grund til det: Skattestop, skattelettelser til den rigere del af befolkningen og en omfordelingspolitik, der kritiseres ikke blot af mennesker som jeg, men ogs\u00e5 af eksempelvis forhenv\u00e6rende socialminister Palle Simonsen i hans bem\u00e6rkelsesv\u00e6rdige bog \u00bbGemt eller glemt\u00ab.<br \/>\nOle Pass g\u00e5r efter hj\u00e6lpemiddelomr\u00e5det uden at fort\u00e6lle hele historien.<br \/>\nDen handler om rimeligt arbejdsmilj\u00f8 for hj\u00e6lpere og sundhedspersonale.<br \/>\nHj\u00e6lpemidler og bolig\u00e6ndringer har i v\u00e6sentlig grad p\u00e5virket udgiftsniveauet og betyder forh\u00e5bentlig fremover f\u00e6rre arbejdsskader. Alts\u00e5 besparelser andetsteds.<br \/>\nP\u00e5 handicapbiler er der regler for tilskud, der g\u00f8r, at vi, der har brug for s\u00e5danne, betaler en v\u00e6sentlig del selv &#8211; ogs\u00e5 selv om vi ikke ville have haft bil uden et handicap.<br \/>\nKommunerne bruger stadig flere administrative ressourcer p\u00e5 at indsende ankesager. Det tegner et billede af, hvor det nedre niveau for hj\u00e6lpemidler ligger og taler imod, at forholdene er, som Ole Pass p\u00e5st\u00e5r.<br \/>\nOle Pass\u2019 indl\u00e6g er brud p\u00e5 den handicapkonvention, Danmark har underskrevet og hele den danske socialpolitiske tradition.<br \/>\nProblemerne handler om bureaukrati, om \u00e6ndringer i handicapgruppen og om teknologisk udvikling. Diskussionen er mere nuanceret end blot at placere et ansvar nederst p\u00e5 stigen. Det \u00f8konomiske pres er politisk betinget. Med det udgangspunkt er der et bedre grundlag for en diskussion om fordeling af udgifter mellem stat og kommune og hvordan vi sikrer, at det sker uden bureaukrati og uden overkompensation.<\/p>\n<p><strong><em>Jan Jakobsen er journalist, byr\u00e5dsmedlem for SF i Ringsted og sidder i Muskelsvindfondens bestyrelse.<\/em><\/strong><\/p>\n","protected":false},"excerpt":{"rendered":"<p>Handicapdebat Af Jan Jakobsen For nogle dage siden udtalte formanden for Danske Socialchefer, Ole Pass, at \u00bb&#8230;kommunerne bliver m\u00f8dt med et enormt forventningspres fra borgere med handicap, som hele tiden forventer, at kommunen skal betale for det bedste og det &hellip; <a href=\"https:\/\/jan-jakobsen.dk\/?p=709\">L\u00e6s resten <span class=\"meta-nav\">&rarr;<\/span><\/a><\/p>\n","protected":false},"author":3,"featured_media":0,"comment_status":"open","ping_status":"open","sticky":false,"template":"","format":"standard","meta":{"footnotes":""},"categories":[5,3],"tags":[13,12,11,17],"class_list":["post-709","post","type-post","status-publish","format-standard","hentry","category-artikler-og-kronikker","category-handicapdebat","tag-handicapkonvention","tag-hjlpemidler","tag-ole-pass","tag-udgifter"],"_links":{"self":[{"href":"https:\/\/jan-jakobsen.dk\/index.php?rest_route=\/wp\/v2\/posts\/709","targetHints":{"allow":["GET"]}}],"collection":[{"href":"https:\/\/jan-jakobsen.dk\/index.php?rest_route=\/wp\/v2\/posts"}],"about":[{"href":"https:\/\/jan-jakobsen.dk\/index.php?rest_route=\/wp\/v2\/types\/post"}],"author":[{"embeddable":true,"href":"https:\/\/jan-jakobsen.dk\/index.php?rest_route=\/wp\/v2\/users\/3"}],"replies":[{"embeddable":true,"href":"https:\/\/jan-jakobsen.dk\/index.php?rest_route=%2Fwp%2Fv2%2Fcomments&post=709"}],"version-history":[{"count":4,"href":"https:\/\/jan-jakobsen.dk\/index.php?rest_route=\/wp\/v2\/posts\/709\/revisions"}],"predecessor-version":[{"id":2411,"href":"https:\/\/jan-jakobsen.dk\/index.php?rest_route=\/wp\/v2\/posts\/709\/revisions\/2411"}],"wp:attachment":[{"href":"https:\/\/jan-jakobsen.dk\/index.php?rest_route=%2Fwp%2Fv2%2Fmedia&parent=709"}],"wp:term":[{"taxonomy":"category","embeddable":true,"href":"https:\/\/jan-jakobsen.dk\/index.php?rest_route=%2Fwp%2Fv2%2Fcategories&post=709"},{"taxonomy":"post_tag","embeddable":true,"href":"https:\/\/jan-jakobsen.dk\/index.php?rest_route=%2Fwp%2Fv2%2Ftags&post=709"}],"curies":[{"name":"wp","href":"https:\/\/api.w.org\/{rel}","templated":true}]}}