{"id":7081,"date":"2017-03-23T07:30:33","date_gmt":"2017-03-23T06:30:33","guid":{"rendered":"http:\/\/jan-jakobsen.dk\/?p=7081"},"modified":"2024-05-05T05:12:46","modified_gmt":"2024-05-05T03:12:46","slug":"vi-boer-snart-blive-klogere-ogsaa-af-verden","status":"publish","type":"post","link":"https:\/\/jan-jakobsen.dk\/?p=7081","title":{"rendered":"Vi b\u00f8r snart blive klogere &#8211; ogs\u00e5 af verden"},"content":{"rendered":"<div class=\"wp-block-image\">\n<figure class=\"alignleft size-large is-resized\"><img loading=\"lazy\" decoding=\"async\" width=\"620\" height=\"413\" src=\"https:\/\/jan-jakobsen.dk\/https:\/\/jan-jakobsen.dk\/wp-content\/uploads\/2024\/05\/A433C163-3C13-43E8-AE8A-DD5444FEFFFB-620x413.jpeg\" alt=\"\" class=\"wp-image-60352\" style=\"width:300px\" srcset=\"https:\/\/jan-jakobsen.dk\/http:\/\/jan-jakobsen.dk\/wp-content\/uploads\/2024\/05\/A433C163-3C13-43E8-AE8A-DD5444FEFFFB-620x413.jpeg 620w, https:\/\/jan-jakobsen.dk\/http:\/\/jan-jakobsen.dk\/wp-content\/uploads\/2024\/05\/A433C163-3C13-43E8-AE8A-DD5444FEFFFB-300x200.jpeg 300w, https:\/\/jan-jakobsen.dk\/http:\/\/jan-jakobsen.dk\/wp-content\/uploads\/2024\/05\/A433C163-3C13-43E8-AE8A-DD5444FEFFFB-1536x1024.jpeg 1536w, https:\/\/jan-jakobsen.dk\/http:\/\/jan-jakobsen.dk\/wp-content\/uploads\/2024\/05\/A433C163-3C13-43E8-AE8A-DD5444FEFFFB-2048x1365.jpeg 2048w\" sizes=\"auto, (max-width: 620px) 100vw, 620px\" \/><\/figure>\n<\/div>\n\n\n<p>England er et af de lande, der har oplevet mange uhyggelige&nbsp;nedsk\u00e6ringer p\u00e5 ikke mindst handikapomr\u00e5det.<\/p>\n\n\n\n<p>Selv om andre lande har en anden tilgang p\u00e5 velf\u00e6rdsomr\u00e5det end vi, viser det en udvikling, der b\u00e6rer mange tegn i sig p\u00e5, at ogs\u00e5 vi ogs\u00e5 kan st\u00e5 over for s\u00e5dan en udvikling.<\/p>\n\n\n\n<!--more-->\n\n\n\n<p>At v\u00e6re lidt p\u00e5 forkant skader ikke &#8211; uden at vi skal udvikle det til rendyrket&nbsp;sortsyn. Desv\u00e6rre &nbsp;skr\u00e6mmer historien ogs\u00e5 med eksempler p\u00e5, at der nogle gange er t\u00e6nkt alt for positivt om situationer, der har f\u00e5et katastrofal indflydelse p\u00e5 b\u00e5de landes historie og desv\u00e6rre ogs\u00e5 verdenshistorien.<\/p>\n\n\n\n<p>Herhjemme erkender vi sent, at velf\u00e6rdsstaten er afl\u00f8st af en helt anden t\u00e6nkning, der bygger p\u00e5 \u00f8konomi og ikke menneskers behov. Vi ser det i et kraftigt stigende antal sager i kommunerne. Vi ser det ogs\u00e5 p\u00e5 venstrefl\u00f8jen, der desv\u00e6rre accepterer stadig flere nyttel\u00f8se kompromis&#8217;er og ogs\u00e5 bliver voldsomt forandret af den \u00f8konomit\u00e6nkning, som ikke mindst konkurrencestaten medf\u00f8rer. F\u00f8r i tiden var det helt ut\u00e6nkeligt at venstrefl\u00f8jen accepterede s\u00e5danne nedsk\u00e6ringer, der er daglig kost i dag.<\/p>\n\n\n\n<p>F\u00f8rst hoppede Socialdemokraterne for alvor med p\u00e5 galajen og padler i dag lystigt omkap med Dansk Folkeparti om at udt\u00e6nke de mest infame overgreb p\u00e5 alle af anden etnisk herkomst. Nok drevet af angst, men hvis man vil styrke sig selv ved at r\u00f8re i den dam, har man fortjent at miste \u00e5rerne.<\/p>\n\n\n\n<p>SF har fulgt med og solgte sin selvrespekt i et samarbejde med Radikale og&nbsp;Socialdemokraterne. Man har pr\u00f8vet at genopbygge selvrespekten, men st\u00e5r med et &#8220;produkt&#8221;, for at blive i konkurrencestatens termer, der peget i alt for mange retninger.<\/p>\n\n\n\n<p>Hele denne udvikling har medf\u00f8rt afskallinger, der ogs\u00e5 p\u00e5virker den samlede venstrefl\u00f8j. Med stormskridt er man p\u00e5 vej mod en &#8220;reform&#8221;-politik, der mest af alt har tjent konkurrencestaten. Jeg er f\u00f8r kommet med eksempler p\u00e5 det.<\/p>\n\n\n\n<p>Hvad ang\u00e5r venstrefl\u00f8jen b\u00e5de holdningen til bl.a. aktiv d\u00f8dshj\u00e6lp, hvor mange har sv\u00e6rt ved at se gennem den individualistiske t\u00e6nkning, at vi skal kunne v\u00e6lge frit hver is\u00e6r uden syn for de langsigtede konsekvenser.<\/p>\n\n\n\n<p>Et andet punkt er stadig mere billigelse af stigende brugerbetaling frem for at bek\u00e6mpe disse uh\u00f8rte betingelser. jeg kan h\u00f8re flere tale om det p\u00e5 \u00e6ldreomr\u00e5det &#8211; desv\u00e6rre ogs\u00e5 i mit eget parti. Jeg kan se det i den totale mangel p\u00e5 mobilisering n\u00e5r det g\u00e6lder de s\u00e5kaldte tilk\u00f8bsydelser som sp\u00f8ger ved behovet for socialp\u00e6dagogisk ledsagelse. En kamp, der aldrig vindes ved at diskutere det p\u00e6nt i Folketing og byr\u00e5dssale. Enkelte steder endda ved at deltage i budgetter, der lader ulykker hagle ned over svage handikapgruppe.<\/p>\n\n\n\n<p>Det kr\u00e6ver indsigt fra b\u00e5de venstrefl\u00f8jens side og handikapbev\u00e6gelsens&nbsp;side at modg\u00e5 nogle af de perspektiver, vi ser allerede. P\u00e5 nogle str\u00e6kninger b\u00f8r vi have f\u00e6lles interesser. Det er derfor jeg selv er engageret begge steder.<\/p>\n\n\n\n<p>Vi t\u00e6nker for traditionelt og vil helst ikke slippe tanken om, at det blot handler om at f\u00e5 den velkendte velf\u00e6rdsstat tilbage p\u00e5 sporet.<\/p>\n\n\n\n<p>Forts\u00e6tter vi det spor taber vi kostbar tid. Vi m\u00e5 naturligvis bruge de humane tr\u00e6k, vi kender fra dansk handicappolitisk tradition, men uden den blinde tro p\u00e5 at det handler om at vende tilbage til &#8220;de gode gamle dage, hvor man holdt&nbsp;&nbsp;loven&#8221;. Loven kn\u00e6kkes, br\u00e6kkes og bruges til at forvirre ude i kommunerne &#8211; et vilk\u00e5r vi ikke kommer uden om og bliver n\u00f8dt til at forholde os til.<\/p>\n","protected":false},"excerpt":{"rendered":"<p>England er et af de lande, der har oplevet mange uhyggelige&nbsp;nedsk\u00e6ringer p\u00e5 ikke mindst handikapomr\u00e5det. Selv om andre lande har en anden tilgang p\u00e5 velf\u00e6rdsomr\u00e5det end vi, viser det en udvikling, der b\u00e6rer mange tegn i sig p\u00e5, at ogs\u00e5 &hellip; <a href=\"https:\/\/jan-jakobsen.dk\/?p=7081\">L\u00e6s resten <span class=\"meta-nav\">&rarr;<\/span><\/a><\/p>\n","protected":false},"author":3,"featured_media":6307,"comment_status":"open","ping_status":"open","sticky":false,"template":"","format":"standard","meta":{"footnotes":""},"categories":[4,762,3,1],"tags":[607,641,387,628,430],"class_list":["post-7081","post","type-post","status-publish","format-standard","has-post-thumbnail","hentry","category-blog","category-debat-om-aktiv-doedshjaelp","category-handicapdebat","category-uncategorized","tag-aktiv-doedshjaelp","tag-brugerbetaling","tag-konkurrencestat","tag-ledsagelse","tag-velfaerd"],"_links":{"self":[{"href":"https:\/\/jan-jakobsen.dk\/index.php?rest_route=\/wp\/v2\/posts\/7081","targetHints":{"allow":["GET"]}}],"collection":[{"href":"https:\/\/jan-jakobsen.dk\/index.php?rest_route=\/wp\/v2\/posts"}],"about":[{"href":"https:\/\/jan-jakobsen.dk\/index.php?rest_route=\/wp\/v2\/types\/post"}],"author":[{"embeddable":true,"href":"https:\/\/jan-jakobsen.dk\/index.php?rest_route=\/wp\/v2\/users\/3"}],"replies":[{"embeddable":true,"href":"https:\/\/jan-jakobsen.dk\/index.php?rest_route=%2Fwp%2Fv2%2Fcomments&post=7081"}],"version-history":[{"count":5,"href":"https:\/\/jan-jakobsen.dk\/index.php?rest_route=\/wp\/v2\/posts\/7081\/revisions"}],"predecessor-version":[{"id":60354,"href":"https:\/\/jan-jakobsen.dk\/index.php?rest_route=\/wp\/v2\/posts\/7081\/revisions\/60354"}],"wp:featuredmedia":[{"embeddable":true,"href":"https:\/\/jan-jakobsen.dk\/index.php?rest_route=\/wp\/v2\/media\/6307"}],"wp:attachment":[{"href":"https:\/\/jan-jakobsen.dk\/index.php?rest_route=%2Fwp%2Fv2%2Fmedia&parent=7081"}],"wp:term":[{"taxonomy":"category","embeddable":true,"href":"https:\/\/jan-jakobsen.dk\/index.php?rest_route=%2Fwp%2Fv2%2Fcategories&post=7081"},{"taxonomy":"post_tag","embeddable":true,"href":"https:\/\/jan-jakobsen.dk\/index.php?rest_route=%2Fwp%2Fv2%2Ftags&post=7081"}],"curies":[{"name":"wp","href":"https:\/\/api.w.org\/{rel}","templated":true}]}}