{"id":7073,"date":"2017-03-21T07:30:04","date_gmt":"2017-03-21T06:30:04","guid":{"rendered":"http:\/\/jan-jakobsen.dk\/?p=7073"},"modified":"2024-05-05T05:14:38","modified_gmt":"2024-05-05T03:14:38","slug":"naar-jeg-sidder-laenket-til-min-rullestol","status":"publish","type":"post","link":"https:\/\/jan-jakobsen.dk\/?p=7073","title":{"rendered":"N\u00e5r jeg sidder l\u00e6nket til min rullestol&#8230;"},"content":{"rendered":"<div class=\"wp-block-image\">\n<figure class=\"alignleft size-full is-resized\"><img loading=\"lazy\" decoding=\"async\" width=\"1280\" height=\"720\" src=\"https:\/\/jan-jakobsen.dk\/https:\/\/jan-jakobsen.dk\/wp-content\/uploads\/2017\/03\/feet-in-chains.jpg\" alt=\"\" class=\"wp-image-7074\" style=\"width:300px\" srcset=\"https:\/\/jan-jakobsen.dk\/http:\/\/jan-jakobsen.dk\/wp-content\/uploads\/2017\/03\/feet-in-chains.jpg 1280w, https:\/\/jan-jakobsen.dk\/http:\/\/jan-jakobsen.dk\/wp-content\/uploads\/2017\/03\/feet-in-chains-300x169.jpg 300w, https:\/\/jan-jakobsen.dk\/http:\/\/jan-jakobsen.dk\/wp-content\/uploads\/2017\/03\/feet-in-chains-620x349.jpg 620w\" sizes=\"auto, (max-width: 1280px) 100vw, 1280px\" \/><\/figure>\n<\/div>\n\n\n<p><em>Egentlig skulle overskriften p\u00e5 dette blogindl\u00e6g v\u00e6re:&nbsp;N\u00e5r jeg sidder l\u00e6nket til min rullestol med d\u00f8den h\u00e6ngende over hovedet i angst for at min respirator svigter&#8230; men det blev lidt for langt.<\/em><\/p>\n\n\n\n<p>Indr\u00f8mmet: dette er en groft karrikeret overskrift. Men den&nbsp;er et fors\u00f8g p\u00e5 at beskrive, hvad der&nbsp;kunne blive resultatet, hvis jeg fortalte dele af min historie til en journalist. Jeg har set alt for mange eksempler, der ligner dette.<\/p>\n\n\n\n<!--more-->\n\n\n\n<p>Heldigvis f\u00e5r fort\u00e6llingen langt fra altid den pessimistiske og tunge sk\u00e6bnefort\u00e6lling over sig som her. Dette blogindl\u00e6g er da heller ikke noget argument for ikke at fort\u00e6lle vores historie til journalister. Det er&nbsp;blot et fors\u00f8g p\u00e5 blotl\u00e6gge nogle nye&nbsp;muligheder for, at vi selv erobrer fort\u00e6llerens rolle og&nbsp;skaber vores egne fort\u00e6llinger om det liv, vi lever med et handikap.<\/p>\n\n\n\n<p>Midt i alle diskussionerne om de sociale medier og deres rolle er vi tilb\u00f8jelige til at overse, at de selvsamme medier&nbsp;ogs\u00e5 giver mulighed for at komme til orde p\u00e5 nye m\u00e5der, hvor vi i langt h\u00f8jere grad selv erobrer indflydelse p\u00e5 b\u00e5de form og indhold.<\/p>\n\n\n\n<p>Det er ikke n\u00f8dvendigvis lettere at komme til orde, for udbuddet bliver naturligvis s\u00e5 meget st\u00f8rre. Men form\u00e5r vi, enten som grupper eller som enkeltpersoner at tr\u00e6nge gennem mediemuren, giver det at kunne supplere med sm\u00e5 indl\u00e6g p\u00e5 blogs, hjemmeside, Facebook, Instagram og Twitter langt bedre muligheder for at tegne et nuanceret billede af, hvad vi st\u00e5r for og kan bidrage med, end det den etablerede medieverden kan og vil tilbyde.<\/p>\n\n\n\n<p>N\u00e5r jeg kan fort\u00e6lle om mig&nbsp;selv, bliver udgangspunktet forh\u00e5bentlig&nbsp;et helt andet. Ikke mindst hvis jeg forst\u00e5r at bruge de erfaringer der findes og m\u00e5ske endda bidrager med, hvad&nbsp;b\u00e5de jeg og andre l\u00e6rer&nbsp;undervejs.<\/p>\n\n\n\n<p>For at vende tilbage til overskriften er det f.eks. ikke et grundvilk\u00e5r i mit liv, at jeg er l\u00e6nket til min rullestol. Fakta er, at den el-k\u00f8restol, jeg sidder i, skaber foruds\u00e6tningen for at jeg kan bev\u00e6ge mig. Det er i mit liv det hj\u00e6lpemiddel, der i bogstaveligste forstand skaber bev\u00e6gelsen og dermed en fort\u00e6lling, der har en langt mere vital og&nbsp;positiv rolle i mit liv end rullestolen som en&nbsp;l\u00e6nke.<\/p>\n\n\n\n<p>P\u00e5 samme m\u00e5de med d\u00f8den. Den h\u00e6nger ikke over mit hoved. Den er i mit liv, som den er i alle andres liv, men den er ikke noget, der hviler&nbsp;tungt og&nbsp;styrende over mit liv.<\/p>\n\n\n\n<p>Jeg har heller ikke angst for at min respirator svigter. Tv\u00e6rtimod h\u00f8rer dens noget irriterende lyd med til det,&nbsp;der konstant bekr\u00e6fter,&nbsp;at jeg er her endnu og endda&nbsp;i live.<\/p>\n\n\n\n<p>De dele af min fort\u00e6lling er ofte v\u00e6k eller kraftigt undertonet i sk\u00e6bnefort\u00e6llingen. Det er ikke blot med til at g\u00f8re selve mit liv m\u00f8rkt og dystert og bekr\u00e6fte forestillingen om, at det da godt nok er et s\u00f8lle liv, hvor der allermest er brug for en barmhjertig l\u00e6ge, der er villig til at optr\u00e6de&nbsp;\u201cheltemodigt\u201d, udskrive nogle selvmordspiller til mig og dermed g\u00f8re det til en del af den &#8220;humanistiske&#8221; debat for aktiv d\u00f8dshj\u00e6lp.<\/p>\n\n\n\n<p>Det er ogs\u00e5 med til at fjerne den grundl\u00e6ggende forst\u00e5else for, hvorfor jeg i en lang r\u00e6kke situationer har brug for at blive kompenseret gennem dyre hj\u00e6lpemidler og en ditto&nbsp;hj\u00e6lperordning. Tilsammen er faktum dog, at det kan give mig muligheder for at leve et liv s\u00e5 t\u00e6t p\u00e5 et liv, som det andre mennesker har. Naturligvis p\u00e5 samme vilk\u00e5r og med samme \u00f8vrige udfordringer, hvilket jo giver sp\u00e6nding nok.<\/p>\n\n\n\n<p>Jeg vil, hvis jeg samtidig optr\u00e6der bevidst og med et vist moralkodex in mente, kunne&nbsp;itales\u00e6tte min situation og mine muligheder p\u00e5 en helt anden m\u00e5de end den sk\u00e6bnefort\u00e6lling, der kunne blive resultatet af en journalists&nbsp;historie. Og jeg vil under alle omst\u00e6ndigheder kunne supplere en journalists artikel eller et TV-indslag, n\u00e5r det lykkes at komme igennem p\u00e5 disse fronter, med mine helt egne betragtninger.<\/p>\n\n\n\n<p>N\u00e5r et andet menneske skal fort\u00e6lle om mit liv bliver det mig set gennem dette andet menneske. Udefra og ind. Det kan blive mere eller mindre vellykket alt efter hvor god fort\u00e6lleren er og i hvilken grad vedkommende er i stand til at s\u00e6tte sig ind i min situation. Det vil altid v\u00e6re fort\u00e6llerens oplevelse af mit liv, der skaber historien. Er fort\u00e6lleren bange for at m\u00f8de mig \u00e5bent, forst\u00e5r fort\u00e6lleren&nbsp;ikke mit budskab eller har fort\u00e6lleren en helt eget dagsorden med \u201cm\u00f8det\u201d, skabes der desv\u00e6rre ofte nogle barrierer, som er vanskelige eller umulige at tr\u00e6nge igennem p\u00e5 vore egne pr\u00e6misser.<\/p>\n\n\n\n<p>Heldigvis er det s\u00e5dan, at de, der er interesserede i en person eller et emne i dag, ofte s\u00f8ger yderligere oplysninger via internettet. Det giver os muligheder for at supplere journalistiske artikler, kronikker og debatindl\u00e6g med meget mere fyldestg\u00f8rende informationer om os selv&nbsp;end dem, der er plads til i interviews og indl\u00e6g. Det kan som n\u00e6vnt \u00f8verst i dette blogindl\u00e6g&nbsp;v\u00e6re&nbsp;gennem&nbsp;blogs, hjemmeside, Facebook, Instagram og Twitter for blot at tage nogle af de mest brugte medier.<\/p>\n\n\n\n<p>Jeg har selv rigtig gode erfaringer med at arbejde p\u00e5 denne m\u00e5de. Hvis jeg p\u00e5 den ene eller anden m\u00e5de har skrevet kronikker eller p\u00e5 anden m\u00e5de optr\u00e5dt&nbsp;i medier, s\u00e5 oplever jeg en tydelig stigning i interessen&nbsp;b\u00e5de p\u00e5 Facebook og ikke mindst min hjemmeside. Det genererer ofte flere bes\u00f8gende p\u00e5 min hjemmeside &#8211; dvs. generelt&nbsp;en st\u00f8rre interesse for mine indl\u00e6g.<\/p>\n\n\n\n<p>Min historie bliver sat ind i en anden kontekst, n\u00e5r jeg selv s\u00e6tter rammen for den. Og det er nogle af de muligheder jeg heldigvis har i dag, hvor det er blevet enklere at formidle p\u00e5 sociale medier.<\/p>\n\n\n\n<p>Noget af dette kan vi selv f\u00e5 indflydelse p\u00e5 ved selv at erobre og viderebringe vores egne fort\u00e6llinger p\u00e5 de mange medier, der er til r\u00e5dighed. Det kan v\u00e6re alt fra sociale medier til sm\u00e5 filmklip og til&nbsp;debatindl\u00e6g i aviser. Lad dig ikke afskr\u00e6kke. Indl\u00e6g til aviser er kun n\u00e6vnt for at vise sp\u00e6ndvidden. Mange gange er det mere effektivt med korte indl\u00e6g p\u00e5 sociale medier som f.eks. Facebook.<\/p>\n\n\n\n<p>Det kan v\u00e6re ganske sm\u00e5, korte oplevelser fra hverdagen med et handikap, hvor tingene lykkes eller hindringer overvindes. Det kan ogs\u00e5 v\u00e6re noget, der g\u00f8r livet med handikap pisse-besv\u00e6rligt. Personligt foretr\u00e6kker jeg s\u00e5, at det f\u00f8lges op med konstruktive forslag til, hvad vi kan g\u00f8re ved det.<\/p>\n\n\n\n<p>Der er naturligvis mange og ret forskelligartede problematikker indblandet, n\u00e5r jeg selv skal erobre en platform og tage et medansvar for, hvilke fort\u00e6llinger, der n\u00e5r ud til andre mennesker om mit liv.<\/p>\n\n\n\n<p>Dels skal jeg&nbsp;sikre, at min fort\u00e6lling ikke bruger samme skabelon eller udstr\u00e5let samme vinkel, som&nbsp;\u201csk\u00e6bnefort\u00e6llingen\u201d, men mere reelt&nbsp;videregiver de grundvilk\u00e5r jeg lever mit liv p\u00e5.&nbsp;Dels skal jeg sikre, at det ikke ender i selvmedlidende klynk eller klagesang, som ingen alligevel orker h\u00f8re p\u00e5. P\u00e5 den m\u00e5de kr\u00e6ver det en del selvdisciplin.<\/p>\n\n\n\n<p>Vi har brug for at afmystificere dele af vores liv for at skabe forst\u00e5else for livet med et handikap&nbsp;hos andre mennesker. Det kan v\u00e6re en mangfoldighed af emner, der alle sammen har det til f\u00e6lles at vi viser tingene indefra. Og hvor vi hver is\u00e6r synes, det er relevant, optr\u00e6der som dokumentarister i vores&nbsp;eget liv i stedet for at overlade den&nbsp;\u201csk\u00e6bnesvangre\u201d rolle til andre.<\/p>\n","protected":false},"excerpt":{"rendered":"<p>Egentlig skulle overskriften p\u00e5 dette blogindl\u00e6g v\u00e6re:&nbsp;N\u00e5r jeg sidder l\u00e6nket til min rullestol med d\u00f8den h\u00e6ngende over hovedet i angst for at min respirator svigter&#8230; men det blev lidt for langt. Indr\u00f8mmet: dette er en groft karrikeret overskrift. Men den&nbsp;er &hellip; <a href=\"https:\/\/jan-jakobsen.dk\/?p=7073\">L\u00e6s resten <span class=\"meta-nav\">&rarr;<\/span><\/a><\/p>\n","protected":false},"author":3,"featured_media":6307,"comment_status":"open","ping_status":"open","sticky":false,"template":"","format":"standard","meta":{"footnotes":""},"categories":[4,762,3,1],"tags":[607,753,121,123,520,522,448,763,754,644,482,521],"class_list":["post-7073","post","type-post","status-publish","format-standard","has-post-thumbnail","hentry","category-blog","category-debat-om-aktiv-doedshjaelp","category-handicapdebat","category-uncategorized","tag-aktiv-doedshjaelp","tag-blogs","tag-facebook","tag-fortaelling","tag-hjemmeside","tag-instagram","tag-kommunikation","tag-selvmordspiller","tag-skaebne","tag-sociale-medier","tag-storytelling","tag-twitter"],"_links":{"self":[{"href":"https:\/\/jan-jakobsen.dk\/index.php?rest_route=\/wp\/v2\/posts\/7073","targetHints":{"allow":["GET"]}}],"collection":[{"href":"https:\/\/jan-jakobsen.dk\/index.php?rest_route=\/wp\/v2\/posts"}],"about":[{"href":"https:\/\/jan-jakobsen.dk\/index.php?rest_route=\/wp\/v2\/types\/post"}],"author":[{"embeddable":true,"href":"https:\/\/jan-jakobsen.dk\/index.php?rest_route=\/wp\/v2\/users\/3"}],"replies":[{"embeddable":true,"href":"https:\/\/jan-jakobsen.dk\/index.php?rest_route=%2Fwp%2Fv2%2Fcomments&post=7073"}],"version-history":[{"count":10,"href":"https:\/\/jan-jakobsen.dk\/index.php?rest_route=\/wp\/v2\/posts\/7073\/revisions"}],"predecessor-version":[{"id":60355,"href":"https:\/\/jan-jakobsen.dk\/index.php?rest_route=\/wp\/v2\/posts\/7073\/revisions\/60355"}],"wp:featuredmedia":[{"embeddable":true,"href":"https:\/\/jan-jakobsen.dk\/index.php?rest_route=\/wp\/v2\/media\/6307"}],"wp:attachment":[{"href":"https:\/\/jan-jakobsen.dk\/index.php?rest_route=%2Fwp%2Fv2%2Fmedia&parent=7073"}],"wp:term":[{"taxonomy":"category","embeddable":true,"href":"https:\/\/jan-jakobsen.dk\/index.php?rest_route=%2Fwp%2Fv2%2Fcategories&post=7073"},{"taxonomy":"post_tag","embeddable":true,"href":"https:\/\/jan-jakobsen.dk\/index.php?rest_route=%2Fwp%2Fv2%2Ftags&post=7073"}],"curies":[{"name":"wp","href":"https:\/\/api.w.org\/{rel}","templated":true}]}}