{"id":7058,"date":"2017-03-16T05:55:37","date_gmt":"2017-03-16T04:55:37","guid":{"rendered":"http:\/\/jan-jakobsen.dk\/?p=7058"},"modified":"2024-05-05T05:27:46","modified_gmt":"2024-05-05T03:27:46","slug":"handikappriser-fokus-er-at-udvikle-muligheder-frem","status":"publish","type":"post","link":"https:\/\/jan-jakobsen.dk\/?p=7058","title":{"rendered":"Handikappriser:\u00a0Fokus er at udvikle muligheder"},"content":{"rendered":"<div class=\"wp-block-image\">\n<figure class=\"alignleft size-full is-resized\"><a href=\"https:\/\/jan-jakobsen.dk\/https:\/\/jan-jakobsen.dk\/wp-content\/uploads\/2017\/03\/IMG_4256.jpg\"><img loading=\"lazy\" decoding=\"async\" width=\"1280\" height=\"744\" src=\"https:\/\/jan-jakobsen.dk\/https:\/\/jan-jakobsen.dk\/wp-content\/uploads\/2017\/03\/IMG_4256.jpg\" alt=\"\" class=\"wp-image-7060\" style=\"width:300px\" srcset=\"https:\/\/jan-jakobsen.dk\/http:\/\/jan-jakobsen.dk\/wp-content\/uploads\/2017\/03\/IMG_4256.jpg 1280w, https:\/\/jan-jakobsen.dk\/http:\/\/jan-jakobsen.dk\/wp-content\/uploads\/2017\/03\/IMG_4256-300x174.jpg 300w, https:\/\/jan-jakobsen.dk\/http:\/\/jan-jakobsen.dk\/wp-content\/uploads\/2017\/03\/IMG_4256-620x360.jpg 620w\" sizes=\"auto, (max-width: 1280px) 100vw, 1280px\" \/><\/a><figcaption class=\"wp-element-caption\">Til venstre modtageren af handikapprisen i Ringsted fotograferet midt blandt stearinlys og Gallastemning.<\/figcaption><\/figure>\n<\/div>\n\n\n<p>Jeg bliver s\u00e5 glad, n\u00e5r vi f\u00e5r en chance for at vise, at mennesker med handikap har vigtige ressourcer, der kan bruges i vores f\u00e6llesskab&nbsp;til at styrke mangfoldigheden.<\/p>\n\n\n\n<p>Det er pr\u00e6cis, hvad der sker, n\u00e5r vi f.eks. med&nbsp;uddelingen af handikapprisen i Ringsted v\u00e6lger at give den til mennesker, der trods udfordringer har form\u00e5et at bruge deres kreativitet. Det skete sidste \u00e5r, hvor&nbsp;modtageren var Amalie Bille&nbsp;Nyvang, og i&nbsp;\u00e5r, hvor det var Magnus J\u00f8nsson, der fik prisen.<\/p>\n\n\n\n<!--more-->\n\n\n\n<p>Vi lever i en verden fyldt med mennesker, der er unikke og kan bidrage. Det er vi vant til, men vi er knapt s\u00e5 vant til, at&nbsp;der er nogle, der har trodset s\u00e6rligt odds for at n\u00e5 dertil. Det kan f.eks. v\u00e6re ved at de&nbsp;ogs\u00e5 har haft et handikap.&nbsp;Det er blandt andet dem, vi h\u00e6drer med en handikappris.<\/p>\n\n\n\n<p>Nogle gange&nbsp;h\u00e6drer vi&nbsp;ogs\u00e5 nogle&nbsp;med en handikappris, fordi de har gjort en s\u00e6rlig indsats for at skabe s\u00e6rligt gode vilk\u00e5r for, at mennesker med handikap kan &nbsp;udvikle sig ud&nbsp;fra. At der ses og skabes nye muligheder for mennesker med handikap.<\/p>\n\n\n\n<p>Jeg tror at begge sider af denne sag&nbsp;har en stor betydning for at skabe nye og bedre muligheder for at mennesker med handikap kan manifestere sig. At f\u00e5 nye muligheder i et samfund som vores. Det var ogs\u00e5 en af grundene til, at vi i Ringsted begyndte at uddele handikappriser, som man allerede gjorde i en r\u00e6kke andre danske byer.<\/p>\n\n\n\n<p>Vi har nu to \u00e5r i tr\u00e6k givet handikapprisen til unge, der begge har brugt deres kreative evner. Ikke fordi det er en ny foruds\u00e6tning vi er ved at \u201csnige ind\u201d&nbsp;for at v\u00e6re modtager af handikapprisen. Den kan og skal ogs\u00e5&nbsp;gives for mange andre indsatser.<\/p>\n\n\n\n<p>Alligevel er det v\u00e6rd at n\u00e6vne. Det faktum, at der er lagt v\u00e6gt p\u00e5 kreativitet og brud med g\u00e6ngse opfattelser af handikap, har for mig at se&nbsp;f\u00f8rst og fremmest har v\u00e6ret med&nbsp;til at flytte fokus v\u00e6k&nbsp;fra selve handikappet som det prim\u00e6re. I stedet er&nbsp;stillet skarpt p\u00e5 det unikke&nbsp;menneske, der desv\u00e6rre alt for&nbsp;ofte kommer til at st\u00e5 i skyggen af diagnoser, fordomme og hvad der ellers styrer den m\u00e5de vi ser andre mennesker p\u00e5.&nbsp;Noget vi i allerh\u00f8jeste grad har brug for at bryde med. Det er med til at&nbsp;skabe opm\u00e6rksomhed p\u00e5 livet med et handikap, men med en anden vinkel end den, der tidligere har v\u00e6ret i fokus: handikap som et livsvilk\u00e5r, som har f\u00e5et lov til at stille sig i vejen for mennesket.<\/p>\n\n\n\n<p>Samtidig ser vi, at der&nbsp;er organisationer som Sammenslutningen af Unge med Handikap (SUMH), der underbygger mulighederne for unge med handikap. De er med til at&nbsp;sikre, at handikap ikke bliver en \u201csk\u00e6bne\u201d, men et livsvilk\u00e5r, der ikke er uomg\u00e6ngeligt og kan forandres. Samme sker, n\u00e5r&nbsp;der bliver sat fokus p\u00e5 at underst\u00f8tte unges&nbsp;evner gennem institutioner og virksomheder som f.eks. TV-Glad og Caf\u00e9 Ingeborg, der opererer lokalt, og f.eks. Specialisterne og Huset Ventura, der opererer andre steder i landet. De er med til at give helt nye muligheder for at f\u00e5 endnu flere evner og muligheder sat i fokus hos mennesker, der ogs\u00e5 lever med et handikap.<\/p>\n\n\n\n<p>Den opbygning af social\u00f8konomiske virksomheder, der er p\u00e5 vej med ny lovgivning underst\u00f8tter mulighederne b\u00e5de for at styrke kreativitet og skabe arbejdspladser p\u00e5 netop de betingelser, der ofte er&nbsp;n\u00f8dvendige for alle de mange mennesker, der p\u00e5 den ene eller anden m\u00e5de er henvist til&nbsp;kanten af arbejdsmarkedet.<\/p>\n\n\n\n<p>At der kommer en mangfoldighed ogs\u00e5 af organisationer, institutioner og&nbsp;social\u00f8konomiske virksomheder er effekter, som vi p\u00e5 ingen m\u00e5de m\u00e5 underkende betydningen af. De spiller en vigtig rolle i skabelsen&nbsp;af en identitet, der i h\u00f8jere grad bygger p\u00e5 mennesket og ikke er skabt ud fra et handikap.<\/p>\n\n\n\n<p>M\u00e5let med dette er for mig ikke at skabe en ny klasse af idoler i forhold til handikap, der kan sl\u00e5 andre med handikap i hovedet med at de kan noget, som ikke alle kan. For alle med handikap kan naturligvis ikke ikke det samme&nbsp;&#8211; og skal heller ikke kunne det. Men m\u00e5ske kan vi hver is\u00e6r finde vores \u201chylde\u201d og det indhold i vores liv, som g\u00f8r os til glade og tilfredse medborgere &#8211; og ikke kun til&nbsp;\u201cden handikappede\u201d.<\/p>\n\n\n\n<p>Men i en verden, hvor der sker en stadig mere fokusering p\u00e5 effektivitet p\u00e5 den ene side er det n\u00f8dvendigt p\u00e5 den anden side at skabe en kultur, der opsamler og udvikler de mange&nbsp;evner, der er blandt os med handikap. Og&nbsp;at de bliver brugt til at styrke mangfoldigheden. Det er med til at s\u00e6tte fokus p\u00e5, at det styrende i vores liv ikke er vores handikap. Det er med til at styrke&nbsp;de muligheder f\u00e6llesskabet giver os&nbsp;for at bruge alles evner &#8211; og de muligheder vi ogs\u00e5 giver samfundet for at bruge det vi kan!<\/p>\n","protected":false},"excerpt":{"rendered":"<p>Jeg bliver s\u00e5 glad, n\u00e5r vi f\u00e5r en chance for at vise, at mennesker med handikap har vigtige ressourcer, der kan bruges i vores f\u00e6llesskab&nbsp;til at styrke mangfoldigheden. Det er pr\u00e6cis, hvad der sker, n\u00e5r vi f.eks. med&nbsp;uddelingen af handikapprisen &hellip; <a href=\"https:\/\/jan-jakobsen.dk\/?p=7058\">L\u00e6s resten <span class=\"meta-nav\">&rarr;<\/span><\/a><\/p>\n","protected":false},"author":3,"featured_media":6307,"comment_status":"open","ping_status":"open","sticky":false,"template":"","format":"standard","meta":{"footnotes":""},"categories":[4,3,1],"tags":[742,744,741,746,737,372,747,745,743],"class_list":["post-7058","post","type-post","status-publish","format-standard","has-post-thumbnail","hentry","category-blog","category-handicapdebat","category-uncategorized","tag-amalie-bille-nyvang","tag-cafe-ingeborg","tag-handikappris","tag-huset-ventura","tag-magnus-joensson","tag-mangfoldighed","tag-socialoekonomiske-virksomheder","tag-specialisterne","tag-tv-glad"],"_links":{"self":[{"href":"https:\/\/jan-jakobsen.dk\/index.php?rest_route=\/wp\/v2\/posts\/7058","targetHints":{"allow":["GET"]}}],"collection":[{"href":"https:\/\/jan-jakobsen.dk\/index.php?rest_route=\/wp\/v2\/posts"}],"about":[{"href":"https:\/\/jan-jakobsen.dk\/index.php?rest_route=\/wp\/v2\/types\/post"}],"author":[{"embeddable":true,"href":"https:\/\/jan-jakobsen.dk\/index.php?rest_route=\/wp\/v2\/users\/3"}],"replies":[{"embeddable":true,"href":"https:\/\/jan-jakobsen.dk\/index.php?rest_route=%2Fwp%2Fv2%2Fcomments&post=7058"}],"version-history":[{"count":9,"href":"https:\/\/jan-jakobsen.dk\/index.php?rest_route=\/wp\/v2\/posts\/7058\/revisions"}],"predecessor-version":[{"id":60362,"href":"https:\/\/jan-jakobsen.dk\/index.php?rest_route=\/wp\/v2\/posts\/7058\/revisions\/60362"}],"wp:featuredmedia":[{"embeddable":true,"href":"https:\/\/jan-jakobsen.dk\/index.php?rest_route=\/wp\/v2\/media\/6307"}],"wp:attachment":[{"href":"https:\/\/jan-jakobsen.dk\/index.php?rest_route=%2Fwp%2Fv2%2Fmedia&parent=7058"}],"wp:term":[{"taxonomy":"category","embeddable":true,"href":"https:\/\/jan-jakobsen.dk\/index.php?rest_route=%2Fwp%2Fv2%2Fcategories&post=7058"},{"taxonomy":"post_tag","embeddable":true,"href":"https:\/\/jan-jakobsen.dk\/index.php?rest_route=%2Fwp%2Fv2%2Ftags&post=7058"}],"curies":[{"name":"wp","href":"https:\/\/api.w.org\/{rel}","templated":true}]}}