{"id":7032,"date":"2017-03-08T07:30:18","date_gmt":"2017-03-08T06:30:18","guid":{"rendered":"http:\/\/jan-jakobsen.dk\/?p=7032"},"modified":"2024-05-05T05:43:12","modified_gmt":"2024-05-05T03:43:12","slug":"tanke-paa-8-marts","status":"publish","type":"post","link":"https:\/\/jan-jakobsen.dk\/?p=7032","title":{"rendered":"Tanke om 8. marts"},"content":{"rendered":"<div class=\"wp-block-image\">\n<figure class=\"alignleft size-full is-resized\"><img loading=\"lazy\" decoding=\"async\" width=\"440\" height=\"240\" src=\"https:\/\/jan-jakobsen.dk\/https:\/\/jan-jakobsen.dk\/wp-content\/uploads\/2017\/03\/zetkin_art_full.jpg\" alt=\"\" class=\"wp-image-7033\" style=\"width:300px\" srcset=\"https:\/\/jan-jakobsen.dk\/http:\/\/jan-jakobsen.dk\/wp-content\/uploads\/2017\/03\/zetkin_art_full.jpg 440w, https:\/\/jan-jakobsen.dk\/http:\/\/jan-jakobsen.dk\/wp-content\/uploads\/2017\/03\/zetkin_art_full-300x164.jpg 300w\" sizes=\"auto, (max-width: 440px) 100vw, 440px\" \/><\/figure>\n<\/div>\n\n\n<p>Endnu engang er det 8. marts og v\u00e6rd at markere den internationale kvindedag. En dag, der fremviser sejre og nederlag, der alle er sn\u00e6vert forbundet med den politiske situation.<br>Selvf\u00f8lgelig klarer nogle&nbsp;kvinder sig godt m\u00e5lt i poster.&nbsp;Desv\u00e6rre er det ofte dem, der minder mest om magtens m\u00e6nd, der \u201cg\u00f8r sig\u201d- &nbsp;og sj\u00e6ldent dem,&nbsp;der ser kvindekampen i en bred sammenh\u00e6ng; dens mange muligheder og dens betydning for en \u00e6ndring af samfundet.<\/p>\n\n\n\n<!--more-->\n\n\n\n<p>Som den socialistiske kvindefork\u00e6mper Klara Zetkin sagde det: \u201cKapitalisterne spekulerer i to&nbsp;faktorer: Kvinder som arbejdskraft&nbsp;skal betales s\u00e5 d\u00e5rligt som muligt, og konkurrencen fra kvindelig arbejdskraft skal medvirke til at s\u00e6nke l\u00f8nnen for mandlige arbejdere s\u00e5 meget som muligt.\u201d Et forhold, der grundl\u00e6ggende ikke er \u00e6ndret p\u00e5 efter mere end 100 \u00e5rs kvindekamp. God 8. marts.<\/p>\n","protected":false},"excerpt":{"rendered":"<p>Endnu engang er det 8. marts og v\u00e6rd at markere den internationale kvindedag. En dag, der fremviser sejre og nederlag, der alle er sn\u00e6vert forbundet med den politiske situation.Selvf\u00f8lgelig klarer nogle&nbsp;kvinder sig godt m\u00e5lt i poster.&nbsp;Desv\u00e6rre er det ofte dem, &hellip; <a href=\"https:\/\/jan-jakobsen.dk\/?p=7032\">L\u00e6s resten <span class=\"meta-nav\">&rarr;<\/span><\/a><\/p>\n","protected":false},"author":3,"featured_media":6210,"comment_status":"open","ping_status":"open","sticky":false,"template":"","format":"standard","meta":{"footnotes":""},"categories":[357],"tags":[732,734,733],"class_list":["post-7032","post","type-post","status-publish","format-standard","has-post-thumbnail","hentry","category-stroetanker","tag-8-marts","tag-klara-zetkin","tag-kvindekamp"],"_links":{"self":[{"href":"https:\/\/jan-jakobsen.dk\/index.php?rest_route=\/wp\/v2\/posts\/7032","targetHints":{"allow":["GET"]}}],"collection":[{"href":"https:\/\/jan-jakobsen.dk\/index.php?rest_route=\/wp\/v2\/posts"}],"about":[{"href":"https:\/\/jan-jakobsen.dk\/index.php?rest_route=\/wp\/v2\/types\/post"}],"author":[{"embeddable":true,"href":"https:\/\/jan-jakobsen.dk\/index.php?rest_route=\/wp\/v2\/users\/3"}],"replies":[{"embeddable":true,"href":"https:\/\/jan-jakobsen.dk\/index.php?rest_route=%2Fwp%2Fv2%2Fcomments&post=7032"}],"version-history":[{"count":10,"href":"https:\/\/jan-jakobsen.dk\/index.php?rest_route=\/wp\/v2\/posts\/7032\/revisions"}],"predecessor-version":[{"id":60369,"href":"https:\/\/jan-jakobsen.dk\/index.php?rest_route=\/wp\/v2\/posts\/7032\/revisions\/60369"}],"wp:featuredmedia":[{"embeddable":true,"href":"https:\/\/jan-jakobsen.dk\/index.php?rest_route=\/wp\/v2\/media\/6210"}],"wp:attachment":[{"href":"https:\/\/jan-jakobsen.dk\/index.php?rest_route=%2Fwp%2Fv2%2Fmedia&parent=7032"}],"wp:term":[{"taxonomy":"category","embeddable":true,"href":"https:\/\/jan-jakobsen.dk\/index.php?rest_route=%2Fwp%2Fv2%2Fcategories&post=7032"},{"taxonomy":"post_tag","embeddable":true,"href":"https:\/\/jan-jakobsen.dk\/index.php?rest_route=%2Fwp%2Fv2%2Ftags&post=7032"}],"curies":[{"name":"wp","href":"https:\/\/api.w.org\/{rel}","templated":true}]}}