{"id":7029,"date":"2017-03-07T13:48:01","date_gmt":"2017-03-07T12:48:01","guid":{"rendered":"http:\/\/jan-jakobsen.dk\/?p=7029"},"modified":"2024-05-05T05:49:42","modified_gmt":"2024-05-05T03:49:42","slug":"stiller-op-til-repraesentantskabet-i-muskelsvindfonden","status":"publish","type":"post","link":"https:\/\/jan-jakobsen.dk\/?p=7029","title":{"rendered":"Stiller op til repr\u00e6sentantskabet i Muskelsvindfonden"},"content":{"rendered":"<div class=\"wp-block-image\">\n<figure class=\"alignleft size-large is-resized\"><img loading=\"lazy\" decoding=\"async\" width=\"620\" height=\"851\" src=\"https:\/\/jan-jakobsen.dk\/https:\/\/jan-jakobsen.dk\/wp-content\/uploads\/2014\/10\/VGF9791-1-620x851.jpg\" alt=\"\" class=\"wp-image-6459\" style=\"width:300px\" srcset=\"https:\/\/jan-jakobsen.dk\/http:\/\/jan-jakobsen.dk\/wp-content\/uploads\/2014\/10\/VGF9791-1-620x851.jpg 620w, https:\/\/jan-jakobsen.dk\/http:\/\/jan-jakobsen.dk\/wp-content\/uploads\/2014\/10\/VGF9791-1-219x300.jpg 219w, https:\/\/jan-jakobsen.dk\/http:\/\/jan-jakobsen.dk\/wp-content\/uploads\/2014\/10\/VGF9791-1.jpg 1457w\" sizes=\"auto, (max-width: 620px) 100vw, 620px\" \/><\/figure>\n<\/div>\n\n\n<p><em>Her kan du l\u00e6se den begrundelse, som jeg har sendt til Muskelsvindfondens hjemmeside og til vores blad Muskelkraft.<\/em><\/p>\n\n\n\n<p>Jeg har i 9 \u00e5r siddet i repr\u00e6sentantskabet og vil gerne forts\u00e6tte.<br>Der er mange handikappolitiske dagsordener, vi i Muskelsvindfonden skal sikre os indflydelse p\u00e5. Ikke mindst lovgivning, der bedrer retssikkerheden i kommunerne, debatten om aktiv d\u00f8dshj\u00e6lp, mangfoldigheden i Muskelsvindfonden og vores progressive indflydelse i hele handikapbev\u00e6gelsen og DH. Det er kun nogle af de emner, jeg ser som vigtige.<\/p>\n\n\n\n<!--more-->\n\n\n\n<p>Jeg kender den politiske virkelighed og hvordan vi kommunikativt bruger rammerne &#8211; og at vi ogs\u00e5 m\u00e5 kunne bryde med dem for at skabe os et liv som resten af befolkningen. Vi m\u00e5 sikre det f\u00e6llesskab, vi vil v\u00e6re en del af.<\/p>\n\n\n\n<p>Vi har bl.a. med \u201dPlads til forskelle\u201d skabt stadig nye handikappolitiske m\u00e5l til gavn for alle med handikap. En rolle vi stadig har, selv om det har v\u00e6ret en stor opgave for en ny formand at f\u00e5 fodf\u00e6ste efter Evald. Jeg ser det som vellykket. Vi har en f\u00e6lles retning, der styrker b\u00e5de Muskelsvindfonden og bev\u00e6gelsen.<\/p>\n\n\n\n<p>Jeg vil bidrage til denne udvikling og er ikke et sekund i tvivl om at vi sammen fortsat vil og kan skabe vigtige resultater for medlemmerne, handikapbev\u00e6gelsen og mangfoldigheden. Det er derfor vi er her.<\/p>\n\n\n\n<p>P\u00e5 Muskelsvindfondens hjemmeside kan du se <a href=\"https:\/\/muskelsvindfonden.dk\/for-medlemmer\/landsmoede-2017\/kandidater-2017\/\" target=\"_blank\" rel=\"noopener\">alle de kandidater, der indtil videre stiller op<\/a>.<\/p>\n","protected":false},"excerpt":{"rendered":"<p>Her kan du l\u00e6se den begrundelse, som jeg har sendt til Muskelsvindfondens hjemmeside og til vores blad Muskelkraft. Jeg har i 9 \u00e5r siddet i repr\u00e6sentantskabet og vil gerne forts\u00e6tte.Der er mange handikappolitiske dagsordener, vi i Muskelsvindfonden skal sikre os &hellip; <a href=\"https:\/\/jan-jakobsen.dk\/?p=7029\">L\u00e6s resten <span class=\"meta-nav\">&rarr;<\/span><\/a><\/p>\n","protected":false},"author":3,"featured_media":6307,"comment_status":"open","ping_status":"open","sticky":false,"template":"","format":"standard","meta":{"footnotes":""},"categories":[4,762,3,1],"tags":[607,153,194,692,412,430],"class_list":["post-7029","post","type-post","status-publish","format-standard","has-post-thumbnail","hentry","category-blog","category-debat-om-aktiv-doedshjaelp","category-handicapdebat","category-uncategorized","tag-aktiv-doedshjaelp","tag-danske-handicaporganisationer","tag-faellesskab","tag-handikap","tag-muskelsvindfonden","tag-velfaerd"],"_links":{"self":[{"href":"https:\/\/jan-jakobsen.dk\/index.php?rest_route=\/wp\/v2\/posts\/7029","targetHints":{"allow":["GET"]}}],"collection":[{"href":"https:\/\/jan-jakobsen.dk\/index.php?rest_route=\/wp\/v2\/posts"}],"about":[{"href":"https:\/\/jan-jakobsen.dk\/index.php?rest_route=\/wp\/v2\/types\/post"}],"author":[{"embeddable":true,"href":"https:\/\/jan-jakobsen.dk\/index.php?rest_route=\/wp\/v2\/users\/3"}],"replies":[{"embeddable":true,"href":"https:\/\/jan-jakobsen.dk\/index.php?rest_route=%2Fwp%2Fv2%2Fcomments&post=7029"}],"version-history":[{"count":5,"href":"https:\/\/jan-jakobsen.dk\/index.php?rest_route=\/wp\/v2\/posts\/7029\/revisions"}],"predecessor-version":[{"id":60373,"href":"https:\/\/jan-jakobsen.dk\/index.php?rest_route=\/wp\/v2\/posts\/7029\/revisions\/60373"}],"wp:featuredmedia":[{"embeddable":true,"href":"https:\/\/jan-jakobsen.dk\/index.php?rest_route=\/wp\/v2\/media\/6307"}],"wp:attachment":[{"href":"https:\/\/jan-jakobsen.dk\/index.php?rest_route=%2Fwp%2Fv2%2Fmedia&parent=7029"}],"wp:term":[{"taxonomy":"category","embeddable":true,"href":"https:\/\/jan-jakobsen.dk\/index.php?rest_route=%2Fwp%2Fv2%2Fcategories&post=7029"},{"taxonomy":"post_tag","embeddable":true,"href":"https:\/\/jan-jakobsen.dk\/index.php?rest_route=%2Fwp%2Fv2%2Ftags&post=7029"}],"curies":[{"name":"wp","href":"https:\/\/api.w.org\/{rel}","templated":true}]}}