{"id":7026,"date":"2017-03-07T08:57:18","date_gmt":"2017-03-07T07:57:18","guid":{"rendered":"http:\/\/jan-jakobsen.dk\/?p=7026"},"modified":"2024-05-05T05:45:54","modified_gmt":"2024-05-05T03:45:54","slug":"krop-og-handikap","status":"publish","type":"post","link":"https:\/\/jan-jakobsen.dk\/?p=7026","title":{"rendered":"Krop og handikap\u00a0"},"content":{"rendered":"<div class=\"wp-block-image\">\n<figure class=\"alignleft size-full is-resized\"><a href=\"https:\/\/jan-jakobsen.dk\/https:\/\/jan-jakobsen.dk\/wp-content\/uploads\/2017\/03\/screenshot.png\"><img loading=\"lazy\" decoding=\"async\" width=\"626\" height=\"660\" src=\"https:\/\/jan-jakobsen.dk\/https:\/\/jan-jakobsen.dk\/wp-content\/uploads\/2017\/03\/screenshot.png\" alt=\"\" class=\"wp-image-7027\" style=\"width:300px\" srcset=\"https:\/\/jan-jakobsen.dk\/http:\/\/jan-jakobsen.dk\/wp-content\/uploads\/2017\/03\/screenshot.png 626w, https:\/\/jan-jakobsen.dk\/http:\/\/jan-jakobsen.dk\/wp-content\/uploads\/2017\/03\/screenshot-285x300.png 285w, https:\/\/jan-jakobsen.dk\/http:\/\/jan-jakobsen.dk\/wp-content\/uploads\/2017\/03\/screenshot-620x654.png 620w\" sizes=\"auto, (max-width: 626px) 100vw, 626px\" \/><\/a><\/figure>\n<\/div>\n\n\n<p>&#8220;Norsk politiker vejer blot 17 kilo: Nu hyldes han for sine n\u00f8genbilleder\u201d.&nbsp;S\u00e5dan l\u00f8d en overskrift i BT for nogle dage siden. Det er en diskussion, der k\u00f8rer med j\u00e6vne mellemrum: Hvordan vi, der lever med et handikap, formidler om vores eget&nbsp;handikap.<\/p>\n\n\n\n<p>I den forbindelse vil jeg gerne stille sp\u00f8rgsm\u00e5lstegn ved, hvad det er man hylder&nbsp;Torstein Lerhol for med denne historie.&nbsp;L\u00e6ser man p\u00e5&nbsp;Torstein Lerhols Facebook-profil kan man ogs\u00e5 spore en vis skepsis hos ham selv&nbsp;i forhold til, hvad der sker, n\u00e5r historier g\u00e5r viralt og det ikke er til at styre, hvad den enkelte avis f\u00e5r ud af det oprindelige budskab.&nbsp;<\/p>\n\n\n\n<!--more-->\n\n\n\n<p>Jeg f\u00f8ler mig p\u00e5 ingen m\u00e5de st\u00f8dt over, at&nbsp;Torstein Lerhol lader sig fotografere n\u00f8gen og beslutter sig for at offentligg\u00f8re disse fotos. Jeg er heller ikke et sekund i tvivl om, at&nbsp;Torstein Lerhols intention med disse&nbsp;fotos er at udvide forst\u00e5elsen af mangfoldighed og at vise, at trods handikap er vi ikke kun sj\u00e6l og intellekt, men ogs\u00e5 krop.<\/p>\n\n\n\n<p>Jeg skal ikke ben\u00e6gte, at et velkendt billede af mennesker med handikap er en insisteren p\u00e5 at se os som asexuelle og \u201cuden krop&#8221;. Hvilket vi formodentlig&nbsp;ikke er i st\u00f8rre omfang end resten af befolkningen. Her ser jeg ikke handikap som den reelle barriere, men mere en generel betragtning om mangfoldighed og \u201csk\u00f8nhedsidealer\u201d.<\/p>\n\n\n\n<p>Intentionen er klar nok. P\u00e5 sin blog skriver Torstein Lerhol \u201c&#8230;Sv\u00e6rt mange av oss tror at utseendet er en av de viktigste ingrediensene for fremgang og et vellykket liv. Sp\u00f8rsm\u00e5let er om dette er riktig, og hvis det er riktig, burde det v\u00e6re slik?\u201d<\/p>\n\n\n\n<p>For mig er sp\u00f8rgsm\u00e5let ikke, om vi b\u00f8r bruge fotos, som&nbsp;Torstein Lerhol g\u00f8r her. Det er kun&nbsp;Torstein Lerhols afg\u00f8relse, hvad han g\u00f8r.<\/p>\n\n\n\n<p>Men det er v\u00e6rd at g\u00f8re nogle reflektioner om effekten. Ikke mindst set i sammenh\u00e6ng med, om det&nbsp;skaber en st\u00f8rre forst\u00e5else og indsigt i vores liv med et handikap. Eller tjener det mere til at tilfredsstille den nyfigenhed, der er omkring noget, der opleves som \u201canderledes\u201d. Det er det dilemma, der er v\u00e6rd at dv\u00e6le ved, n\u00e5r en konsekvens b\u00e5de kan v\u00e6re fortr\u00e6ngning af kroppen, som bestemt heller ikke er&nbsp;hensigtsm\u00e6ssig eller et forst\u00f8rret fokus p\u00e5 den specifikke sammenh\u00e6ng \u201ckrop og handikap\u201d.<\/p>\n\n\n\n<p>Sarah Glerup er en af de herhjemme, der&nbsp;har sat ord p\u00e5, hvad problematikken handikap og krop best\u00e5r i. Selv om temaet i Sarah Glerups&nbsp;artikel g\u00e5r mere direkte p\u00e5 sexualitet, beskriver hendes artikel&nbsp;pr\u00e6cist min skepsis:<\/p>\n\n\n\n<p>\u201c&#8230;Vi m\u00e5 forklare os selv og vores afvigelser. Vi m\u00e5 kort sagt smide kludene for flertallet og stille op til Sp\u00f8rge-J\u00f8rgen med enhver, der gider at lege. Den leg er b\u00e5de tr\u00e6ttende, fremmedg\u00f8rende og aldeles uegnet som forspil. For n\u00e5r en debat eller fotoudstilling begynder og ender med de diagnoser, der g\u00f8r nogen af os anderledes end flertallet, n\u00e5r vi aldrig til at tale om de ting, vi har til f\u00e6lles uanset handicap\u2026\u201d 1)<\/p>\n\n\n\n<p>Det er vanskeligt at l\u00f8srive vores handikap fra udseende i det omfang, det handler om synlige handikap, og det mener jeg heller ikke vi skal. Jeg har dog p\u00e5&nbsp;Torstein Lerhols blog og Instagram set langt flere fotos, der underst\u00f8tter netop det, der synes at v\u00e6re en af hans direkte pointer: at livet kan og&nbsp;skal leves uanset handicap og at netop det at have et v\u00e6rdigt liv ikke m\u00e5 v\u00e6re afh\u00e6ngigt af handikap. Alts\u00e5 ikke en fremh\u00e6vning af vores handikap, men netop fokus p\u00e5 andre og f\u00e6lles mellemmenneskelige v\u00e6rdier.<\/p>\n\n\n\n<p>Jeg har personligt sv\u00e6rt ved at f\u00e5 \u00f8je p\u00e5 koblingen, hvis det basale&nbsp;budskab i virkeligheden er, at&nbsp;udseendet ikke er en v\u00e6sentlig&nbsp;ingrediens for et vellykket liv med et handikap&nbsp;og p\u00e5 den anden side till\u00e6gges en betydning specifikt set i forhold til handicap.<\/p>\n\n\n\n<p><em>1) <a href=\"https:\/\/www.information.dk\/kultur\/2014\/01\/kroebling-kend-krop\" target=\"_blank\" rel=\"noopener\">&#8220;Kr\u00f8bling, kend din krop&#8221; &#8211; anmeldelse af udstillingen \u201cLigelyst\u201d, af Sarah Glerup i dagbladet Information 14. januar 2014<\/a>.<\/em><\/p>\n\n\n\n<p><em>L\u00e6s <a href=\"http:\/\/www.bt.dk\/nyheder\/klar-laest-norsk-politiker-vejer-17-kilo-nu-hyldes-han-for-sine-noegenbilleder-der\" target=\"_blank\" rel=\"noopener\">artiklen i BT om&nbsp;Torstein Lerhol her<\/a>.<\/em><\/p>\n","protected":false},"excerpt":{"rendered":"<p>&#8220;Norsk politiker vejer blot 17 kilo: Nu hyldes han for sine n\u00f8genbilleder\u201d.&nbsp;S\u00e5dan l\u00f8d en overskrift i BT for nogle dage siden. Det er en diskussion, der k\u00f8rer med j\u00e6vne mellemrum: Hvordan vi, der lever med et handikap, formidler om vores &hellip; <a href=\"https:\/\/jan-jakobsen.dk\/?p=7026\">L\u00e6s resten <span class=\"meta-nav\">&rarr;<\/span><\/a><\/p>\n","protected":false},"author":3,"featured_media":6307,"comment_status":"open","ping_status":"open","sticky":false,"template":"","format":"standard","meta":{"footnotes":""},"categories":[4,3,1],"tags":[731,692,730,729,728],"class_list":["post-7026","post","type-post","status-publish","format-standard","has-post-thumbnail","hentry","category-blog","category-handicapdebat","category-uncategorized","tag-bt","tag-handikap","tag-krop","tag-noegenfotos","tag-torstein-lerhol"],"_links":{"self":[{"href":"https:\/\/jan-jakobsen.dk\/index.php?rest_route=\/wp\/v2\/posts\/7026","targetHints":{"allow":["GET"]}}],"collection":[{"href":"https:\/\/jan-jakobsen.dk\/index.php?rest_route=\/wp\/v2\/posts"}],"about":[{"href":"https:\/\/jan-jakobsen.dk\/index.php?rest_route=\/wp\/v2\/types\/post"}],"author":[{"embeddable":true,"href":"https:\/\/jan-jakobsen.dk\/index.php?rest_route=\/wp\/v2\/users\/3"}],"replies":[{"embeddable":true,"href":"https:\/\/jan-jakobsen.dk\/index.php?rest_route=%2Fwp%2Fv2%2Fcomments&post=7026"}],"version-history":[{"count":4,"href":"https:\/\/jan-jakobsen.dk\/index.php?rest_route=\/wp\/v2\/posts\/7026\/revisions"}],"predecessor-version":[{"id":60371,"href":"https:\/\/jan-jakobsen.dk\/index.php?rest_route=\/wp\/v2\/posts\/7026\/revisions\/60371"}],"wp:featuredmedia":[{"embeddable":true,"href":"https:\/\/jan-jakobsen.dk\/index.php?rest_route=\/wp\/v2\/media\/6307"}],"wp:attachment":[{"href":"https:\/\/jan-jakobsen.dk\/index.php?rest_route=%2Fwp%2Fv2%2Fmedia&parent=7026"}],"wp:term":[{"taxonomy":"category","embeddable":true,"href":"https:\/\/jan-jakobsen.dk\/index.php?rest_route=%2Fwp%2Fv2%2Fcategories&post=7026"},{"taxonomy":"post_tag","embeddable":true,"href":"https:\/\/jan-jakobsen.dk\/index.php?rest_route=%2Fwp%2Fv2%2Ftags&post=7026"}],"curies":[{"name":"wp","href":"https:\/\/api.w.org\/{rel}","templated":true}]}}