{"id":7012,"date":"2017-03-03T12:13:05","date_gmt":"2017-03-03T11:13:05","guid":{"rendered":"http:\/\/jan-jakobsen.dk\/?p=7012"},"modified":"2017-04-14T08:44:11","modified_gmt":"2017-04-14T06:44:11","slug":"endnu-en-sag-om-respiratorbrugere-der-lades-i-stikken-goer-dog-noget","status":"publish","type":"post","link":"https:\/\/jan-jakobsen.dk\/?p=7012","title":{"rendered":"Endnu en sag om respiratorbrugere, der lades i stikken &#8211; g\u00f8r dog noget!"},"content":{"rendered":"<p><em>Region Hovedstaden er n\u00f8dt til at g\u00f8re op med den \u00f8konomit\u00e6nkning, der gang p\u00e5 gang skaber farlige og uholdbare situationer for respiratorbrugere i regionen.\u00a0<\/em><\/p>\n<p><a href=\"https:\/\/jan-jakobsen.dk\/https:\/\/jan-jakobsen.dk\/wp-content\/uploads\/2017\/03\/Lars-Lindqvist.png\"><img loading=\"lazy\" decoding=\"async\" class=\"alignleft wp-image-7013\" src=\"https:\/\/jan-jakobsen.dk\/https:\/\/jan-jakobsen.dk\/wp-content\/uploads\/2017\/03\/Lars-Lindqvist-273x300.png\" alt=\"\" width=\"275\" height=\"303\" srcset=\"https:\/\/jan-jakobsen.dk\/http:\/\/jan-jakobsen.dk\/wp-content\/uploads\/2017\/03\/Lars-Lindqvist-273x300.png 273w, https:\/\/jan-jakobsen.dk\/http:\/\/jan-jakobsen.dk\/wp-content\/uploads\/2017\/03\/Lars-Lindqvist-620x682.png 620w, https:\/\/jan-jakobsen.dk\/http:\/\/jan-jakobsen.dk\/wp-content\/uploads\/2017\/03\/Lars-Lindqvist.png 647w\" sizes=\"auto, (max-width: 275px) 100vw, 275px\" \/><\/a>&#8220;Vi f\u00e5r mange henvendelser fra respiratorbrugere, der klager over, at det vrimler med forskellige folk i deres hjem, ofte ogs\u00e5 vikarer, som de kun ser den ene gang. Det er kun et halvt \u00e5r siden, at Region Hovedstaden m\u00e5tte fratage et firma hele 24 respiratorbrugere efter gentagne \u201cleverancesvigt\u201d, som de s\u00e5 smukt kalder det\u201d, fort\u00e6ller J\u00f8rgen Lenger.<\/p>\n<p>Det kunne man l\u00e6se p\u00e5 Muskelsvindfondens hjemmeside i tirsdags efter det i et indslag p\u00e5\u00a0TV2 Lorry mandag aften\u00a0kom frem, at den 54-\u00e5rige spastiker og respirationsbruger\u00a0Lars Lindqvist har v\u00e6ret uden det opsyn fra\u00a0det private plejefirma, CareLink,\u00a0som Region Hovedstaden efter udbud\u00a0har indg\u00e5et aftale med og som\u00a0Lars Lindqvist\u00a0er afh\u00e6ngig af hj\u00e6lp fra\u00a0d\u00f8gnet rundt.\u00a0<!--more--><\/p>\n<p>Det er ikke f\u00f8rste gang, at\u00a0TV2 Lorry er p\u00e5 bes\u00f8g hos\u00a0Lars Lindqvist om dette emne. Allerede i august 2016 bragte\u00a0TV2 Lorry\u00a0et indslag om n\u00f8jagtigt\u00a0den samme problematik. P\u00e5 TVs hjemmeside kan man l\u00e6se, at\u00a0n\u00e5r firmaet aflyser vagter, skal Lars Lindqvists for\u00e6ldre k\u00f8re 100 kilometer fra deres hjem i G\u00f8rlev for at st\u00f8tte deres s\u00f8n.\u00a0Man oplyser ogs\u00e5, at siden juni\u00a0m\u00e5ned sidste \u00e5r Lars Lindqvists for\u00e6ldre\u00a0v\u00e6ret hos ham 32 gange, fordi CareLink ikke har levet op til den forpligtelse man har indg\u00e5et aftale om.<\/p>\n<p>J\u00f8rgen Lenger fort\u00e6ller videre p\u00e5 Muskelsvindfondens hjemmeside, at i de tilf\u00e6lde\u00a0\u201c&#8230;m\u00e5 p\u00e5r\u00f8rende tr\u00e6de til, eller ogs\u00e5 er man n\u00f8dt til at blive indlagt p\u00e5 Respirationscenter \u00d8st. Her kan man s\u00e5 ligge og fylde op i en seng, hvor der ellers kunne ligge et menneske, der har brug for behandling, og som s\u00e5 ikke f\u00e5r den n\u00f8dvendige behandling! Med andre ord vedr\u00f8rer problemet ikke n\u00f8dvendigvis kun den p\u00e5g\u00e6ldende selv.\u201d<\/p>\n<p>Sammenholdt med det,\u00a0J\u00f8rgen Lenger siger \u00f8verst i denne artikel handler det ikke om, at der er et firma, der har nogle svipsere, men om hele den m\u00e5de\u00a0Region Hovedstaden giver firmaer et monopol\u00a0p\u00e5 opgaver, man s\u00e5 ikke er i stand til at l\u00f8se.<\/p>\n<p>Det er ganske enkelt uholdbart, at Region Hovedstaden af \u00e5benlyst \u00f8konomiske grunde laver aftaler med firmaer, der alene baserer sig p\u00e5 \u00f8konomiske parametre. Og det l\u00f8ses ikke ved at at Regionen pendler videre til et nyt firma, der s\u00e5 f\u00e5r lov til at pr\u00f8ve kr\u00e6fter med opgaven.<\/p>\n<p>Den helt store fejl ligger i den \u00f8konomit\u00e6nkning, der ligger bag, og den forsvinder f\u00f8rst i det \u00f8jeblik Regionen i stedet t\u00e6nker i kvalitet og sikkerhed for borgerne.<\/p>\n<p>Problemet er for J\u00f8rgen Lenger at se ganske enkelt:\u00a0\u201cRegionen burde have l\u00e6rt lektien fra tidligere sager og efterh\u00e5nden have forst\u00e5et, at deres konstruktion med rammeaftaler og firmaer med monopol m\u00e5ske nok kan begrundes i \u00f8konomi, men p\u00e5 ingen m\u00e5de kan begrundes i borgernes behov for behandling og hj\u00e6lp. Det er meget sigende, at disse aftaler med plejefirmaer indg\u00e5s af Regionens Center for \u00d8konomi, der n\u00e6ppe nogen sinde har m\u00f8dt en respiratorbruger. S\u00e5 problemet ligger simpelt hen i Region Hovedstaden tilgang til respirationsbehandlingen\u201d, siger han.<\/p>\n<p>Det er s\u00f8rgeligt, at \u00f8konomifolk kan f\u00e5 lov til at f\u00e5 s\u00e5 meget indflydelse, at de i bogstaveligste forstand kan f\u00e5 lov til at skabe en meget grundl\u00e6ggende usikkerhed i menneskers liv.<\/p>\n<p>Jeg kan kun tilslutte mig den lige s\u00e5 enkle\u00a0l\u00f8sning, som J\u00f8rgen Lenger foresl\u00e5r: at brugerne selv f\u00e5r lov at v\u00e6lge det firma, der skal levere hj\u00e6lpen. I det tilf\u00e6lde vil man stadig kunne konkurrere &#8211; ikke som nu p\u00e5 \u00f8konomi, men p\u00e5 kvalitet, n\u00e5r nu konkurrenceparametret betyder s\u00e5 meget for Region Hovedstaden.<\/p>\n<p>&nbsp;<\/p>\n<p>&nbsp;<\/p>\n<p><em>Se de to indslag om\u00a0Lars Lindqvist p\u00e5\u00a0TV2 Lorry og l\u00e6s mere om sagen her:\u00a0<\/em><\/p>\n<p>05. aug 2016 kl. 20:12\u00a0<a href=\"http:\/\/www.tv2lorry.dk\/artikel\/spastiker-i-livsfare-lars-svigtes-af-vikarbureau\">http:\/\/www.tv2lorry.dk\/artikel\/spastiker-i-livsfare-lars-svigtes-af-vikarbureau<\/a><\/p>\n<p>27. feb 2017 kl. 20:47\u00a0<a href=\"http:\/\/www.tv2lorry.dk\/artikel\/spastiker-i-livsfare-plejefirma-aflyser-vagter-igen-og-igen\">http:\/\/www.tv2lorry.dk\/artikel\/spastiker-i-livsfare-plejefirma-aflyser-vagter-igen-og-igen<\/a><\/p>\n<p>L\u00e6s Muskelsvindfondens indl\u00e6g &#8220;Lad borgerne v\u00e6lge selv\u201d her:\u00a0<a href=\"https:\/\/muskelsvindfonden.dk\/nyheder\/lad-borgerne-vaelge-selv\/\">https:\/\/muskelsvindfonden.dk\/nyheder\/lad-borgerne-vaelge-selv\/<\/a><\/p>\n","protected":false},"excerpt":{"rendered":"<p>Region Hovedstaden er n\u00f8dt til at g\u00f8re op med den \u00f8konomit\u00e6nkning, der gang p\u00e5 gang skaber farlige og uholdbare situationer for respiratorbrugere i regionen.\u00a0 &#8220;Vi f\u00e5r mange henvendelser fra respiratorbrugere, der klager over, at det vrimler med forskellige folk i &hellip; <a href=\"https:\/\/jan-jakobsen.dk\/?p=7012\">L\u00e6s resten <span class=\"meta-nav\">&rarr;<\/span><\/a><\/p>\n","protected":false},"author":3,"featured_media":6307,"comment_status":"open","ping_status":"open","sticky":false,"template":"","format":"standard","meta":{"footnotes":""},"categories":[4,1],"tags":[721,723,724,412,719,420,722,720,725],"class_list":["post-7012","post","type-post","status-publish","format-standard","has-post-thumbnail","hentry","category-blog","category-uncategorized","tag-joergen-lenger","tag-lars-lindqvist","tag-monopol","tag-muskelsvindfonden","tag-region-hovedstaden","tag-respiratorbruger","tag-spastiker","tag-tv2-lorry","tag-oekonomitaenkning"],"_links":{"self":[{"href":"https:\/\/jan-jakobsen.dk\/index.php?rest_route=\/wp\/v2\/posts\/7012","targetHints":{"allow":["GET"]}}],"collection":[{"href":"https:\/\/jan-jakobsen.dk\/index.php?rest_route=\/wp\/v2\/posts"}],"about":[{"href":"https:\/\/jan-jakobsen.dk\/index.php?rest_route=\/wp\/v2\/types\/post"}],"author":[{"embeddable":true,"href":"https:\/\/jan-jakobsen.dk\/index.php?rest_route=\/wp\/v2\/users\/3"}],"replies":[{"embeddable":true,"href":"https:\/\/jan-jakobsen.dk\/index.php?rest_route=%2Fwp%2Fv2%2Fcomments&post=7012"}],"version-history":[{"count":6,"href":"https:\/\/jan-jakobsen.dk\/index.php?rest_route=\/wp\/v2\/posts\/7012\/revisions"}],"predecessor-version":[{"id":7214,"href":"https:\/\/jan-jakobsen.dk\/index.php?rest_route=\/wp\/v2\/posts\/7012\/revisions\/7214"}],"wp:featuredmedia":[{"embeddable":true,"href":"https:\/\/jan-jakobsen.dk\/index.php?rest_route=\/wp\/v2\/media\/6307"}],"wp:attachment":[{"href":"https:\/\/jan-jakobsen.dk\/index.php?rest_route=%2Fwp%2Fv2%2Fmedia&parent=7012"}],"wp:term":[{"taxonomy":"category","embeddable":true,"href":"https:\/\/jan-jakobsen.dk\/index.php?rest_route=%2Fwp%2Fv2%2Fcategories&post=7012"},{"taxonomy":"post_tag","embeddable":true,"href":"https:\/\/jan-jakobsen.dk\/index.php?rest_route=%2Fwp%2Fv2%2Ftags&post=7012"}],"curies":[{"name":"wp","href":"https:\/\/api.w.org\/{rel}","templated":true}]}}