{"id":6980,"date":"2017-02-24T07:00:25","date_gmt":"2017-02-24T06:00:25","guid":{"rendered":"http:\/\/jan-jakobsen.dk\/?p=6980"},"modified":"2017-04-14T08:34:21","modified_gmt":"2017-04-14T06:34:21","slug":"velfaerdssamfundet-som-drivkraft-for-udvikling","status":"publish","type":"post","link":"https:\/\/jan-jakobsen.dk\/?p=6980","title":{"rendered":"Velf\u00e6rdssamfundet som drivkraft for\u00a0udvikling"},"content":{"rendered":"<p><img loading=\"lazy\" decoding=\"async\" class=\"alignleft wp-image-6981\" src=\"https:\/\/jan-jakobsen.dk\/https:\/\/jan-jakobsen.dk\/wp-content\/uploads\/2017\/02\/screenshot-4-300x263.png\" alt=\"\" width=\"300\" height=\"263\" srcset=\"https:\/\/jan-jakobsen.dk\/http:\/\/jan-jakobsen.dk\/wp-content\/uploads\/2017\/02\/screenshot-4-300x263.png 300w, https:\/\/jan-jakobsen.dk\/http:\/\/jan-jakobsen.dk\/wp-content\/uploads\/2017\/02\/screenshot-4-620x544.png 620w, https:\/\/jan-jakobsen.dk\/http:\/\/jan-jakobsen.dk\/wp-content\/uploads\/2017\/02\/screenshot-4.png 966w\" sizes=\"auto, (max-width: 300px) 100vw, 300px\" \/>For nogle dage siden l\u00e6ste jeg et debatindl\u00e6g p\u00e5 Politiken om iv\u00e6rks\u00e6ttere, der b\u00e5de s\u00e5 positivt p\u00e5 og\u00a0nyder godt af det danske velf\u00e6rdssamfund og de muligheder, det giver os for at udvikle.<\/p>\n<p>Indl\u00e6gget var positivt nyt og befriende\u00a0i forhold til de dybt neoliberale og trivielle\u00a0udmeldinger, vi plejer at h\u00f8re om, hvad det er der driver \u201cinitiativ\u201d og \u201cvirkelyst\u201d.<!--more--><\/p>\n<p>Skal man tro mennesker som Joachim B. Olsen og Ole Birk Olesen, er det eneste, der kan drive mennesket frem og give ild i r\u00f8ven, jo total forarmelse og social udpinthed. Et dogme, man s\u00e5 forf\u00f8lger med et fut, der g\u00f8r at jeg ihvertfald ofte helst\u00a0ser dem\u00a0p\u00e5 vej til deres neoliberale paradis i en anden galakse drevet af\u00a0egen hellig ild\u00a0akkompagneret af \u201cFly me to the moon\u201d.<\/p>\n<p>Det er positivt, at der er andre tilgange til velf\u00e6rdssamfundet, der netop betoner tryghed og det, at vi har et sikkerhedsnet som en drivkraft og ikke en h\u00e6msko for udvikling.<\/p>\n<p>Der er ingen tvivl om, at det giver samarbejdsflader, der netop kan v\u00e6re med til at styrke rammen om den danske velf\u00e6rdsmodel og virke som en fornyende l\u00f8ftestang, der kan give\u00a0ikke mindst mennesker, der bliver sat udenfor samfundet, et nyt h\u00e5b om, at der er plads til alle.<\/p>\n<p>Jeg er ikke s\u00e5 naiv, at jeg tror, at det n\u00e6rmest middelalderlige syn, der pr\u00e6ger de neoliberale\u00a0forestillinger om drivkraft, nu forsvinder med et trylleslag. Men jeg ser det mindste tegn p\u00e5 spr\u00e6kker som et positivt skridt i den rigtige retning.<\/p>\n<p>Jeg h\u00e5ber, at flere kommer til samme konklusion, for dybest set er det et udtryk for, at der er en ny forst\u00e5else p\u00e5 vej af, at vores\u00a0danske velf\u00e6rdssmodel har noget at byde p\u00e5, der kun tilsyneladende kan lade sig realisere i lande, der er l\u00e6ngere fremme i den liberale proces. Det\u00a0er en styrke &#8211; ikke mindst for f\u00e6llesskabet\u00a0&#8211; som med en indsigt i, at der er et andet samspil og andre drivkr\u00e6fter end de, der ellers aktuelt bliver forherliget.\u00a0Og den dimension er i allerh\u00f8jeste grad noget, der skal med i betragtningerne.<\/p>\n<p><a href=\"http:\/\/politiken.dk\/debat\/debatindlaeg\/art5841034\/Iv\u00e6rks\u00e6ttere-springer-l\u00e6ngere-n\u00e5r-velf\u00e6rdsstatens-sikkerhedsnet-er-sp\u00e6ndt-ud\" target=\"_blank\">L\u00e6s debatindl\u00e6gget i Politiken her.<\/a><\/p>\n","protected":false},"excerpt":{"rendered":"<p>For nogle dage siden l\u00e6ste jeg et debatindl\u00e6g p\u00e5 Politiken om iv\u00e6rks\u00e6ttere, der b\u00e5de s\u00e5 positivt p\u00e5 og\u00a0nyder godt af det danske velf\u00e6rdssamfund og de muligheder, det giver os for at udvikle. Indl\u00e6gget var positivt nyt og befriende\u00a0i forhold til &hellip; <a href=\"https:\/\/jan-jakobsen.dk\/?p=6980\">L\u00e6s resten <span class=\"meta-nav\">&rarr;<\/span><\/a><\/p>\n","protected":false},"author":3,"featured_media":6307,"comment_status":"open","ping_status":"open","sticky":false,"template":"","format":"standard","meta":{"footnotes":""},"categories":[4,1],"tags":[713,711,712,431],"class_list":["post-6980","post","type-post","status-publish","format-standard","has-post-thumbnail","hentry","category-blog","category-uncategorized","tag-drivkraft","tag-ivaerksaettere","tag-neoliberal","tag-velfaerdssamfund"],"_links":{"self":[{"href":"https:\/\/jan-jakobsen.dk\/index.php?rest_route=\/wp\/v2\/posts\/6980","targetHints":{"allow":["GET"]}}],"collection":[{"href":"https:\/\/jan-jakobsen.dk\/index.php?rest_route=\/wp\/v2\/posts"}],"about":[{"href":"https:\/\/jan-jakobsen.dk\/index.php?rest_route=\/wp\/v2\/types\/post"}],"author":[{"embeddable":true,"href":"https:\/\/jan-jakobsen.dk\/index.php?rest_route=\/wp\/v2\/users\/3"}],"replies":[{"embeddable":true,"href":"https:\/\/jan-jakobsen.dk\/index.php?rest_route=%2Fwp%2Fv2%2Fcomments&post=6980"}],"version-history":[{"count":8,"href":"https:\/\/jan-jakobsen.dk\/index.php?rest_route=\/wp\/v2\/posts\/6980\/revisions"}],"predecessor-version":[{"id":7205,"href":"https:\/\/jan-jakobsen.dk\/index.php?rest_route=\/wp\/v2\/posts\/6980\/revisions\/7205"}],"wp:featuredmedia":[{"embeddable":true,"href":"https:\/\/jan-jakobsen.dk\/index.php?rest_route=\/wp\/v2\/media\/6307"}],"wp:attachment":[{"href":"https:\/\/jan-jakobsen.dk\/index.php?rest_route=%2Fwp%2Fv2%2Fmedia&parent=6980"}],"wp:term":[{"taxonomy":"category","embeddable":true,"href":"https:\/\/jan-jakobsen.dk\/index.php?rest_route=%2Fwp%2Fv2%2Fcategories&post=6980"},{"taxonomy":"post_tag","embeddable":true,"href":"https:\/\/jan-jakobsen.dk\/index.php?rest_route=%2Fwp%2Fv2%2Ftags&post=6980"}],"curies":[{"name":"wp","href":"https:\/\/api.w.org\/{rel}","templated":true}]}}