{"id":6971,"date":"2017-02-21T08:30:48","date_gmt":"2017-02-21T07:30:48","guid":{"rendered":"http:\/\/jan-jakobsen.dk\/?p=6971"},"modified":"2017-04-14T08:13:12","modified_gmt":"2017-04-14T06:13:12","slug":"hykleriet-paa-bjerget","status":"publish","type":"post","link":"https:\/\/jan-jakobsen.dk\/?p=6971","title":{"rendered":"Jubel hos DA"},"content":{"rendered":"<p><a href=\"https:\/\/jan-jakobsen.dk\/https:\/\/jan-jakobsen.dk\/wp-content\/uploads\/2017\/02\/screenshot-3.png\"><img loading=\"lazy\" decoding=\"async\" class=\"alignleft wp-image-6972\" src=\"https:\/\/jan-jakobsen.dk\/https:\/\/jan-jakobsen.dk\/wp-content\/uploads\/2017\/02\/screenshot-3-620x240.png\" alt=\"\" width=\"350\" height=\"136\" srcset=\"https:\/\/jan-jakobsen.dk\/http:\/\/jan-jakobsen.dk\/wp-content\/uploads\/2017\/02\/screenshot-3-620x240.png 620w, https:\/\/jan-jakobsen.dk\/http:\/\/jan-jakobsen.dk\/wp-content\/uploads\/2017\/02\/screenshot-3-300x116.png 300w, https:\/\/jan-jakobsen.dk\/http:\/\/jan-jakobsen.dk\/wp-content\/uploads\/2017\/02\/screenshot-3.png 720w\" sizes=\"auto, (max-width: 350px) 100vw, 350px\" \/><\/a><\/p>\n<p>Antallet af f\u00f8rtidspensioner, der gives i Danmark, er faldet til under\u00a0det halve i l\u00f8bet af de sidste fire \u00e5r. Det f\u00e5r\u00a0arbejdsgiverne til at juble kunne man l\u00e6se i <a href=\"http:\/\/politiken.dk\/oekonomi\/art5835553\/Arbejdsgiverne-er-glade-Der-er-ingen-nemme-f\u00f8rtidspensioner-l\u00e6ngere\" target=\"_blank\">Politiken s\u00f8ndag den 19. februar<\/a>\u00a0og i <a href=\"https:\/\/www.avisen.dk\/arbejdsgiverne-jubler-slut-med-nemme-foertidspension_430850.aspx\" target=\"_blank\">Avisen.dk<\/a> samme dag.<\/p>\n<p>Det kan jo ikke undre nogen, at \u00a0arbejdsgiverne jubler over denne &#8220;gl\u00e6delige nyhed&#8221;.\u00a0Desv\u00e6rre f\u00f8rer den ikke flere reflektioner med sig. Dertil er gl\u00e6den alt for stor. Problemet er dog, at det desv\u00e6rre ikke resulterer i, at flere f\u00e5r en tilknytning til arbejdsmarkedet p\u00e5 rimelige vilk\u00e5r. Til rimelige vilk\u00e5r h\u00f8rer desv\u00e6rre fleksjobreformen, der blev vedtaget lige f\u00f8r julen 2012 og tr\u00e5dte i kraft 1. januar 2013. Med den fulgte ogs\u00e5 ressourceforl\u00f8b og restriktioner i tilkendelsen af f\u00f8rtidspensioner.<!--more--><\/p>\n<p>Jeg har lavet en lille opg\u00f8relse over udviklingen det sidste \u00e5r, som med al \u00f8nskelig tydelighed viser udviklingen. Den bygger p\u00e5 de sidst opgjorte tal.<\/p>\n<p>Fra 3. kvartal 2015 til og med 3. kvartal 2016 er antallet af f\u00f8rtidspensionister faldet med\u00a09.579 personer til trods for, at antallet af af diagnoser er steget &#8211; vel at m\u00e6rke alvorlige sygdomme, der i v\u00e6sentlig grad p\u00e5virker arbejdsevnen.<\/p>\n<p>Det hindrer ikke arbejdsgiverne og deres forening i at juble. For her er det bundlinjen, der t\u00e6ller.<\/p>\n<p>Selv om der er lagt mange ressourcer i skabelsen af fleksjob, er det kun lykkedes at skabe en tilgang p\u00e5 3.886 fleksjob inden for et \u00e5r. Sk\u00e5nejobs har heller ikke f\u00e5et det store boost p\u00e5 trods af, at ikke mindst LEV har gjort en k\u00e6mpe indsats for at skabe flere jobs. Jeg vil dermed ikke konkludere, at LEV\u2019s indsats ikke er lykkedes, for tallene kan jo d\u00e6kke over, at der er sket en stor afgang i sk\u00e5nejobs andre steder.\u00a0En nettotilgang p\u00e5 196 jobs er dog ikke noget, der kan kaldes et opl\u00f8ftende resultat.<\/p>\n<p>Generelt viser opg\u00f8relsen at mennesker med handikap m\u00e5 udg\u00f8re en stadig st\u00f8rre andel af personer p\u00e5 kontanthj\u00e6lp. Antallet p\u00e5 kontanthj\u00e6lp i opg\u00f8relsen\u00a0d\u00e6kker over\u00a0de kontanthj\u00e6lpsmodtagere, der hverken er i aktivering eller ledige og det betyder, at mennesker med handikap i langt h\u00f8jere grad sendes i aktivering. Det bekr\u00e6ftes ogs\u00e5 i artiklen i Politiken, hvor Dansk Arbejdsgiverforening med stor tilfredshed konstaterer, at syge med diagnoser, som det er muligt <em>p\u00e5 langt sigt at helbrede<\/em>, nu bliver\u00a0sendt i aktivering i stedet for pension.<\/p>\n<p>Politiken n\u00e6vner i artiklen, at der har v\u00e6ret et meget markant fald i antallet af psykisk syge, som f\u00e5r tildelt f\u00f8rtidspension. Det samme sker for personer\u00a0med sygdomme i bev\u00e6geapparatet som for eksempel diskusprolaps.<\/p>\n<p>B\u00e5de sygdomme i bev\u00e6geapparatet og psykiske lidelser er, selv om det er muligt p\u00e5 langt sigt at helbrede dem, yderst\u00a0problematiske.<\/p>\n<p>Jublen over, at mennesker presses s\u00e5 h\u00e5rdt, som DA gl\u00e6der sig s\u00e5 meget over, burde erstattes af skam over, at man ikke medvirker til at skaffe flere jobs p\u00e5 s\u00e6rlige vilk\u00e5r.\u00a0For\u00a0uligheden stiger &#8211; ikke mindst blandt mennesker med handikap. Mennesker med handikap s\u00e6ttes i en udsigtsl\u00f8s position som en arbejdskraftreserve, der med nuv\u00e6rende politik aldrig giver mulighed for et job eller pension, men et liv p\u00e5 ydelser, der er officielt er tilt\u00e6nkt kortvarig hj\u00e6lp.<\/p>\n<p>Det skal ses i lyset af, at\u00a0der trods konventioner og b\u00e6rende handikappolitiske principper\u00a0som\u00a0ligebehandling, kompensation, sektoransvarlighed og solidaritet, mangler\u00a0muligheder for at skabe jobs, der svarer til arbejdsevnen. Alene i min kommune mangler if\u00f8lge et estimat, der bygger p\u00e5 en unders\u00f8gelse fra slutningen af 2014,\u00a0op imod 700 jobs p\u00e5 s\u00e6rlige vilk\u00e5r. Alene det er omkring 20% af den tilgang, der samlet set\u00a0har v\u00e6ret i fleksjob i hele Danmark\u00a0det sidste \u00e5r.<\/p>\n<p>Rollen som l\u00f8npressere skaber mods\u00e6tninger til den \u00f8vrige befolkning. Fagforeningerne overser dette faktum og stiller\u00a0ikke krav, der gavner alle. Konsekvenserne af f\u00f8rtidspensions- og fleksjobreform synes aldrig at v\u00e6re g\u00e5et op for fagbev\u00e6gelsen.<\/p>\n<p>Der er langt f\u00e6rre unge med handikap, der f\u00e5r en\u00a0uddannelse til trods for at antallet af f\u00f8rtidspensioner er faldet til det halve. Det bliver ofte italesat, hvor vigtigt det er, at mennesker med handikap selv er en aktiv og samfundsforandrende kraft der yder det helt n\u00f8dvendige pres for at konventioner og gode viljer fastholdes.<\/p>\n<p>Desv\u00e6rre er der alligevel\u00a0mange mennesker med handikap, der f\u00f8ler sig overfl\u00f8dige,\u00a0u\u00f8nskede og en byrde i dette samfund. Noget vi har til f\u00e6lles med mange andre\u00a0p\u00e5 kanten af arbejdsmarkedet. Konkurrencestaten udskiller med sit syn p\u00e5 mennesket kun som en arbejdskraft\u00a0stadig flere fra arbejdsmarkedet og skaber stadig flere barrierer. Det betyder igen\u00a0stadig st\u00f8rre mistillid mellem borger p\u00e5 den ene side og kommunerne og deres organisation KL p\u00e5 den anden side.<\/p>\n<p>Der skal n\u00f8dvendigvis findes l\u00f8sninger. Nogle af dem burde komme fra DA, der p\u00e5 ingen m\u00e5de har medvirket til at skabe et rummeligt arbejdsmarked.<\/p>\n","protected":false},"excerpt":{"rendered":"<p>Antallet af f\u00f8rtidspensioner, der gives i Danmark, er faldet til under\u00a0det halve i l\u00f8bet af de sidste fire \u00e5r. Det f\u00e5r\u00a0arbejdsgiverne til at juble kunne man l\u00e6se i Politiken s\u00f8ndag den 19. februar\u00a0og i Avisen.dk samme dag. Det kan jo &hellip; <a href=\"https:\/\/jan-jakobsen.dk\/?p=6971\">L\u00e6s resten <span class=\"meta-nav\">&rarr;<\/span><\/a><\/p>\n","protected":false},"author":3,"featured_media":6307,"comment_status":"open","ping_status":"open","sticky":false,"template":"","format":"standard","meta":{"footnotes":""},"categories":[4,3,1],"tags":[163,20,218,167,708,709,710,413],"class_list":["post-6971","post","type-post","status-publish","format-standard","has-post-thumbnail","hentry","category-blog","category-handicapdebat","category-uncategorized","tag-arbejdsmarked","tag-fleksjobreform","tag-fortidspension","tag-kompensation","tag-lev","tag-ligebehandling","tag-sektoransvarlighed","tag-solidaritet"],"_links":{"self":[{"href":"https:\/\/jan-jakobsen.dk\/index.php?rest_route=\/wp\/v2\/posts\/6971","targetHints":{"allow":["GET"]}}],"collection":[{"href":"https:\/\/jan-jakobsen.dk\/index.php?rest_route=\/wp\/v2\/posts"}],"about":[{"href":"https:\/\/jan-jakobsen.dk\/index.php?rest_route=\/wp\/v2\/types\/post"}],"author":[{"embeddable":true,"href":"https:\/\/jan-jakobsen.dk\/index.php?rest_route=\/wp\/v2\/users\/3"}],"replies":[{"embeddable":true,"href":"https:\/\/jan-jakobsen.dk\/index.php?rest_route=%2Fwp%2Fv2%2Fcomments&post=6971"}],"version-history":[{"count":8,"href":"https:\/\/jan-jakobsen.dk\/index.php?rest_route=\/wp\/v2\/posts\/6971\/revisions"}],"predecessor-version":[{"id":7191,"href":"https:\/\/jan-jakobsen.dk\/index.php?rest_route=\/wp\/v2\/posts\/6971\/revisions\/7191"}],"wp:featuredmedia":[{"embeddable":true,"href":"https:\/\/jan-jakobsen.dk\/index.php?rest_route=\/wp\/v2\/media\/6307"}],"wp:attachment":[{"href":"https:\/\/jan-jakobsen.dk\/index.php?rest_route=%2Fwp%2Fv2%2Fmedia&parent=6971"}],"wp:term":[{"taxonomy":"category","embeddable":true,"href":"https:\/\/jan-jakobsen.dk\/index.php?rest_route=%2Fwp%2Fv2%2Fcategories&post=6971"},{"taxonomy":"post_tag","embeddable":true,"href":"https:\/\/jan-jakobsen.dk\/index.php?rest_route=%2Fwp%2Fv2%2Ftags&post=6971"}],"curies":[{"name":"wp","href":"https:\/\/api.w.org\/{rel}","templated":true}]}}