{"id":6954,"date":"2017-02-18T09:45:51","date_gmt":"2017-02-18T08:45:51","guid":{"rendered":"http:\/\/jan-jakobsen.dk\/?p=6954"},"modified":"2017-04-14T08:15:40","modified_gmt":"2017-04-14T06:15:40","slug":"hvad-der-er-dansk-ikke-hvem","status":"publish","type":"post","link":"https:\/\/jan-jakobsen.dk\/?p=6954","title":{"rendered":"Hvad der er dansk &#8211; ikke hvem"},"content":{"rendered":"<p><img loading=\"lazy\" decoding=\"async\" class=\"alignleft wp-image-6955\" src=\"https:\/\/jan-jakobsen.dk\/https:\/\/jan-jakobsen.dk\/wp-content\/uploads\/2017\/02\/screenshot-1-620x334.png\" alt=\"\" width=\"350\" height=\"189\" srcset=\"https:\/\/jan-jakobsen.dk\/http:\/\/jan-jakobsen.dk\/wp-content\/uploads\/2017\/02\/screenshot-1-620x334.png 620w, https:\/\/jan-jakobsen.dk\/http:\/\/jan-jakobsen.dk\/wp-content\/uploads\/2017\/02\/screenshot-1-300x162.png 300w, https:\/\/jan-jakobsen.dk\/http:\/\/jan-jakobsen.dk\/wp-content\/uploads\/2017\/02\/screenshot-1.png 954w\" sizes=\"auto, (max-width: 350px) 100vw, 350px\" \/><br \/>\nFredag aften fik jeg set lidt af en TV-udsendelse med Birthe R\u00f8nn Hornbech. Udsendelsen handlede for en stor dels vedkommende naturligvis om Br\u00f8ndby Strand, hvor Birthe R\u00f8nn Hornbech bor, og som af et folketingsflertal, der heldigvis er meget marginalt,\u00a0er udr\u00e5bt til et af de steder i Danmark, hvor der bor for f\u00e5\u00a0danskere. Det s\u00e5kaldte <a href=\"https:\/\/jan-jakobsen.dk\/?p=6948\">forslag V 38<\/a>, som jeg kort omtalte forleden dag.<!--more--><\/p>\n<p>Nu er det langtfra alt, jeg er enig med Birthe R\u00f8nn Hornbech i, men det var befriende at se, at der er \u00a0borgerlige politikere, der ser og er bevidst om det skred mod h\u00f8jre, der sker i Danmark &#8211; og taler h\u00f8jlydt imod det.<\/p>\n<p>En af de ting, jeg syntes var essentielt var, at hun gerne vil v\u00e6re med til at diskutere, hvad der er dansk, men ikke, hvem der er dansk. Noget, der for mig at se rummer en grundl\u00e6ggende anerkendelse af andre mennesker og andre kulturer, men med en ret til at fastholde grundl\u00e6ggende v\u00e6rdier for os hver is\u00e6r.<\/p>\n<p>For jeg tror egentlig mere p\u00e5, at vi som mennesker hver is\u00e6r har nogle grundl\u00e6ggende v\u00e6rdier, der betyder noget mere for os end en massiv samh\u00f8righedsf\u00f8lelse, der med et ord, der ofte bruges af nationalister, kan sammenfattes som &#8220;danskhed\u201d. Naturligvis har vi en f\u00e6lles historie, men det bevirker ikke, at jeg har en automatisk samh\u00f8righedsf\u00f8lelse med kr\u00e6fter der er st\u00e6rkt nationalistiske. Jeg synes ikke det p\u00e5 nogen m\u00e5de er eller b\u00f8r v\u00e6re forbundet med danskhed at smide breve i postkassen hos mennesker med opfordring til, at de skal tage hjem til deres \u201ceget land\u201d. De bor faktisk i Danmark, s\u00e5 i min begrebsverden er de danskere.<\/p>\n<p>Jeg ser det heller ikke som en del af dansk kultur at g\u00f8re sig til tilh\u00e6ngere af medlidenhedsdrab p\u00e5 b\u00f8rn med handikap, som L\u00e6ger for Aktiv D\u00f8dshj\u00e6lp g\u00f8r sig til eksponent for med et forslag, de har fremlagt. Jeg har v\u00e6ret med til at skrive netop et debatindl\u00e6g om det sammen med de andre stiftere af IKKE D\u00d8D ENDNU. <a href=\"http:\/\/politiken.dk\/debat\/debatindlaeg\/art5833892\/L\u00e6ger-for-Aktiv-D\u00f8dshj\u00e6lp-vil-sl\u00e5-nyf\u00f8dte-b\u00f8rn-med-handikap-ihjel\" target=\"_blank\">Indl\u00e6gget kan l\u00e6ses her<\/a>.<\/p>\n<p>Faktisk ser jeg begge eksempler som en individualisering og dybest set et h\u00f8jreskred, der er v\u00e6rd at k\u00e6mpe imod &#8211; og i virkeligheden for den solidariske kultur med plads til alle former for mangfoldighed som dansk. En f\u00e6lles indsats for det velf\u00e6rdssamfund, vi i generationer har b\u00e5ret frem i f\u00e6llesskab. Ikke altid uden at krydse klinger, men med en f\u00e6lles retning. Og man kan vel godt, med\u00a0Birthe R\u00f8nn Hornbechs ord, kalde det en diskussion om, hvad og ikke hvem, der er dansk.<\/p>\n","protected":false},"excerpt":{"rendered":"<p>Fredag aften fik jeg set lidt af en TV-udsendelse med Birthe R\u00f8nn Hornbech. Udsendelsen handlede for en stor dels vedkommende naturligvis om Br\u00f8ndby Strand, hvor Birthe R\u00f8nn Hornbech bor, og som af et folketingsflertal, der heldigvis er meget marginalt,\u00a0er udr\u00e5bt &hellip; <a href=\"https:\/\/jan-jakobsen.dk\/?p=6954\">L\u00e6s resten <span class=\"meta-nav\">&rarr;<\/span><\/a><\/p>\n","protected":false},"author":3,"featured_media":6307,"comment_status":"open","ping_status":"open","sticky":false,"template":"","format":"standard","meta":{"footnotes":""},"categories":[4,3,1],"tags":[704,702,703,690,705],"class_list":["post-6954","post","type-post","status-publish","format-standard","has-post-thumbnail","hentry","category-blog","category-handicapdebat","category-uncategorized","tag-beslutningsforslag-v-38","tag-birthe-roenn-hornbech","tag-danskhed","tag-ikke-doed-endnu","tag-laeger-for-aktiv-doedshjaelp"],"_links":{"self":[{"href":"https:\/\/jan-jakobsen.dk\/index.php?rest_route=\/wp\/v2\/posts\/6954","targetHints":{"allow":["GET"]}}],"collection":[{"href":"https:\/\/jan-jakobsen.dk\/index.php?rest_route=\/wp\/v2\/posts"}],"about":[{"href":"https:\/\/jan-jakobsen.dk\/index.php?rest_route=\/wp\/v2\/types\/post"}],"author":[{"embeddable":true,"href":"https:\/\/jan-jakobsen.dk\/index.php?rest_route=\/wp\/v2\/users\/3"}],"replies":[{"embeddable":true,"href":"https:\/\/jan-jakobsen.dk\/index.php?rest_route=%2Fwp%2Fv2%2Fcomments&post=6954"}],"version-history":[{"count":3,"href":"https:\/\/jan-jakobsen.dk\/index.php?rest_route=\/wp\/v2\/posts\/6954\/revisions"}],"predecessor-version":[{"id":7193,"href":"https:\/\/jan-jakobsen.dk\/index.php?rest_route=\/wp\/v2\/posts\/6954\/revisions\/7193"}],"wp:featuredmedia":[{"embeddable":true,"href":"https:\/\/jan-jakobsen.dk\/index.php?rest_route=\/wp\/v2\/media\/6307"}],"wp:attachment":[{"href":"https:\/\/jan-jakobsen.dk\/index.php?rest_route=%2Fwp%2Fv2%2Fmedia&parent=6954"}],"wp:term":[{"taxonomy":"category","embeddable":true,"href":"https:\/\/jan-jakobsen.dk\/index.php?rest_route=%2Fwp%2Fv2%2Fcategories&post=6954"},{"taxonomy":"post_tag","embeddable":true,"href":"https:\/\/jan-jakobsen.dk\/index.php?rest_route=%2Fwp%2Fv2%2Ftags&post=6954"}],"curies":[{"name":"wp","href":"https:\/\/api.w.org\/{rel}","templated":true}]}}