{"id":6948,"date":"2017-02-16T06:00:56","date_gmt":"2017-02-16T05:00:56","guid":{"rendered":"http:\/\/jan-jakobsen.dk\/?p=6948"},"modified":"2017-04-14T08:16:46","modified_gmt":"2017-04-14T06:16:46","slug":"v-38-det-er-folketingets-opfattelse-men-vi-er-lige-danske","status":"publish","type":"post","link":"https:\/\/jan-jakobsen.dk\/?p=6948","title":{"rendered":"V 38 &#8211; Det er Folketingets opfattelse&#8230; men vi er lige danske!"},"content":{"rendered":"<p><a href=\"https:\/\/jan-jakobsen.dk\/https:\/\/jan-jakobsen.dk\/wp-content\/uploads\/2017\/02\/seja.jpg\"><img loading=\"lazy\" decoding=\"async\" class=\"alignleft wp-image-6949\" src=\"https:\/\/jan-jakobsen.dk\/https:\/\/jan-jakobsen.dk\/wp-content\/uploads\/2017\/02\/seja-300x199.jpg\" alt=\"\" width=\"350\" height=\"233\" srcset=\"https:\/\/jan-jakobsen.dk\/http:\/\/jan-jakobsen.dk\/wp-content\/uploads\/2017\/02\/seja-300x199.jpg 300w, https:\/\/jan-jakobsen.dk\/http:\/\/jan-jakobsen.dk\/wp-content\/uploads\/2017\/02\/seja-620x412.jpg 620w\" sizes=\"auto, (max-width: 350px) 100vw, 350px\" \/><\/a><\/p>\n<p>&#8220;Det er Folketingets opfattelse, at danskere ikke b\u00f8r v\u00e6re i mindretal i boligomr\u00e5der i Danmark.&#8221; S\u00e5dan lyder det i det beslutningsforslag som Dansk Folkeparti, Venstre, Liberal Alliance og Konservativt Folkeparti med kun \u00e9n stemmes flertal fik igennem Folketinget\u00a0torsdag den 9. februar.<!--more--><\/p>\n<p>Der er ikke s\u00e5 meget at sige til et forslag af denne karakter. Flertallet deklasserer mennesker af anden etnisk herkomst ved ikke at se landets indbyggere som danskere.<br \/>\nVenstres\u00a0indf\u00f8dsretsordf\u00f8rer Jan E. J\u00f8rgensen (V) erkendte ellers helt berettiget i\u00a0l\u00f8rdags, at formuleringen i udtalelsen var \u00bbkvajet\u00ab. Senere igen har Venstre s\u00e5 meldt ud, at man\u00a0 st\u00e5r fuldt ud ved den udtalelse om at v\u00e6re\u00a0danskere, som det borgerlige flertal vedtog i Folketinget.<\/p>\n<p>Til debatten om,\u00a0hvem der er\u00a0dansker, kan jeg kun f\u00f8je til, at jeg har hj\u00e6lpere som vil v\u00e6re\u00a0det beslutningstagerne i flertallet kalder ikke-dansk. Alle mine hj\u00e6lpere\u00a0er dygtige folk og vi ser hinanden som lige danske. Hvad enten folketingets marginaliserede flertal er enige eller ej.<\/p>\n","protected":false},"excerpt":{"rendered":"<p>&#8220;Det er Folketingets opfattelse, at danskere ikke b\u00f8r v\u00e6re i mindretal i boligomr\u00e5der i Danmark.&#8221; S\u00e5dan lyder det i det beslutningsforslag som Dansk Folkeparti, Venstre, Liberal Alliance og Konservativt Folkeparti med kun \u00e9n stemmes flertal fik igennem Folketinget\u00a0torsdag den 9. &hellip; <a href=\"https:\/\/jan-jakobsen.dk\/?p=6948\">L\u00e6s resten <span class=\"meta-nav\">&rarr;<\/span><\/a><\/p>\n","protected":false},"author":3,"featured_media":6307,"comment_status":"open","ping_status":"open","sticky":false,"template":"","format":"standard","meta":{"footnotes":""},"categories":[4,1],"tags":[700,425,701,699],"class_list":["post-6948","post","type-post","status-publish","format-standard","has-post-thumbnail","hentry","category-blog","category-uncategorized","tag-danskere-i-mindretal","tag-folketing","tag-lige-danske","tag-v-38-9-februar-2017"],"_links":{"self":[{"href":"https:\/\/jan-jakobsen.dk\/index.php?rest_route=\/wp\/v2\/posts\/6948","targetHints":{"allow":["GET"]}}],"collection":[{"href":"https:\/\/jan-jakobsen.dk\/index.php?rest_route=\/wp\/v2\/posts"}],"about":[{"href":"https:\/\/jan-jakobsen.dk\/index.php?rest_route=\/wp\/v2\/types\/post"}],"author":[{"embeddable":true,"href":"https:\/\/jan-jakobsen.dk\/index.php?rest_route=\/wp\/v2\/users\/3"}],"replies":[{"embeddable":true,"href":"https:\/\/jan-jakobsen.dk\/index.php?rest_route=%2Fwp%2Fv2%2Fcomments&post=6948"}],"version-history":[{"count":5,"href":"https:\/\/jan-jakobsen.dk\/index.php?rest_route=\/wp\/v2\/posts\/6948\/revisions"}],"predecessor-version":[{"id":7194,"href":"https:\/\/jan-jakobsen.dk\/index.php?rest_route=\/wp\/v2\/posts\/6948\/revisions\/7194"}],"wp:featuredmedia":[{"embeddable":true,"href":"https:\/\/jan-jakobsen.dk\/index.php?rest_route=\/wp\/v2\/media\/6307"}],"wp:attachment":[{"href":"https:\/\/jan-jakobsen.dk\/index.php?rest_route=%2Fwp%2Fv2%2Fmedia&parent=6948"}],"wp:term":[{"taxonomy":"category","embeddable":true,"href":"https:\/\/jan-jakobsen.dk\/index.php?rest_route=%2Fwp%2Fv2%2Fcategories&post=6948"},{"taxonomy":"post_tag","embeddable":true,"href":"https:\/\/jan-jakobsen.dk\/index.php?rest_route=%2Fwp%2Fv2%2Ftags&post=6948"}],"curies":[{"name":"wp","href":"https:\/\/api.w.org\/{rel}","templated":true}]}}