{"id":6945,"date":"2017-02-13T14:09:16","date_gmt":"2017-02-13T13:09:16","guid":{"rendered":"http:\/\/jan-jakobsen.dk\/?p=6945"},"modified":"2017-04-14T08:18:48","modified_gmt":"2017-04-14T06:18:48","slug":"trapper","status":"publish","type":"post","link":"https:\/\/jan-jakobsen.dk\/?p=6945","title":{"rendered":"Trapper"},"content":{"rendered":"<p><iframe loading=\"lazy\" src=\"https:\/\/www.youtube.com\/embed\/EUjyRBl5qLg\" width=\"350\" height=\"198\" frameborder=\"0\" allowfullscreen=\"allowfullscreen\"><\/iframe><br \/>\nFor 3-4 \u00e5r siden lavede jeg et lille eksperiment. Jeg k\u00f8rte en eftermiddag gennem min by og tog et foto af alle de steder jeg ikke kunne komme ind p\u00e5 grund af trapper &#8211; b\u00e5de til butikker, opgange og i bymilj\u00f8et. Det blev til mere end 200 fotos og denne film, hvor komponisten Tom Sonntag har stillet musikken til r\u00e5dighed. Det g\u00e5r lidt hurtigt, men du skal heller ikke dv\u00e6le ved den enkelte trappe&#8230; Du skal have indtryk af omfanget!<\/p>\n<p>Filmen er aktuel, n\u00e5r vi taler lov om ikke-diskrimination af mennesker med handikap, s\u00e5 derfor kommer den ud her p\u00e5 siden nu. Tilg\u00e6ngelighed er ikke med, som det ser ud lige nu, i det lovforslag man vil l\u00e6gge frem.<\/p>\n","protected":false},"excerpt":{"rendered":"<p>For 3-4 \u00e5r siden lavede jeg et lille eksperiment. Jeg k\u00f8rte en eftermiddag gennem min by og tog et foto af alle de steder jeg ikke kunne komme ind p\u00e5 grund af trapper &#8211; b\u00e5de til butikker, opgange og i &hellip; <a href=\"https:\/\/jan-jakobsen.dk\/?p=6945\">L\u00e6s resten <span class=\"meta-nav\">&rarr;<\/span><\/a><\/p>\n","protected":false},"author":3,"featured_media":6306,"comment_status":"open","ping_status":"open","sticky":false,"template":"","format":"standard","meta":{"footnotes":""},"categories":[3,1,659],"tags":[130,692,224,698,697],"class_list":["post-6945","post","type-post","status-publish","format-standard","has-post-thumbnail","hentry","category-handicapdebat","category-uncategorized","category-video","tag-diskrimination","tag-handikap","tag-tilgaengelighed","tag-tom-sonntag","tag-trapper"],"_links":{"self":[{"href":"https:\/\/jan-jakobsen.dk\/index.php?rest_route=\/wp\/v2\/posts\/6945","targetHints":{"allow":["GET"]}}],"collection":[{"href":"https:\/\/jan-jakobsen.dk\/index.php?rest_route=\/wp\/v2\/posts"}],"about":[{"href":"https:\/\/jan-jakobsen.dk\/index.php?rest_route=\/wp\/v2\/types\/post"}],"author":[{"embeddable":true,"href":"https:\/\/jan-jakobsen.dk\/index.php?rest_route=\/wp\/v2\/users\/3"}],"replies":[{"embeddable":true,"href":"https:\/\/jan-jakobsen.dk\/index.php?rest_route=%2Fwp%2Fv2%2Fcomments&post=6945"}],"version-history":[{"count":4,"href":"https:\/\/jan-jakobsen.dk\/index.php?rest_route=\/wp\/v2\/posts\/6945\/revisions"}],"predecessor-version":[{"id":7196,"href":"https:\/\/jan-jakobsen.dk\/index.php?rest_route=\/wp\/v2\/posts\/6945\/revisions\/7196"}],"wp:featuredmedia":[{"embeddable":true,"href":"https:\/\/jan-jakobsen.dk\/index.php?rest_route=\/wp\/v2\/media\/6306"}],"wp:attachment":[{"href":"https:\/\/jan-jakobsen.dk\/index.php?rest_route=%2Fwp%2Fv2%2Fmedia&parent=6945"}],"wp:term":[{"taxonomy":"category","embeddable":true,"href":"https:\/\/jan-jakobsen.dk\/index.php?rest_route=%2Fwp%2Fv2%2Fcategories&post=6945"},{"taxonomy":"post_tag","embeddable":true,"href":"https:\/\/jan-jakobsen.dk\/index.php?rest_route=%2Fwp%2Fv2%2Ftags&post=6945"}],"curies":[{"name":"wp","href":"https:\/\/api.w.org\/{rel}","templated":true}]}}