{"id":6935,"date":"2017-02-11T09:50:47","date_gmt":"2017-02-11T08:50:47","guid":{"rendered":"http:\/\/jan-jakobsen.dk\/?p=6935"},"modified":"2017-02-11T09:52:43","modified_gmt":"2017-02-11T08:52:43","slug":"kl-vil-samarbejde-om","status":"publish","type":"post","link":"https:\/\/jan-jakobsen.dk\/?p=6935","title":{"rendered":"KL vil samarbejde &#8211; om ?"},"content":{"rendered":"<p><a href=\"https:\/\/jan-jakobsen.dk\/https:\/\/jan-jakobsen.dk\/wp-content\/uploads\/2017\/02\/screenshot.png\"><img loading=\"lazy\" decoding=\"async\" class=\"alignleft wp-image-6937\" src=\"https:\/\/jan-jakobsen.dk\/https:\/\/jan-jakobsen.dk\/wp-content\/uploads\/2017\/02\/screenshot-300x32.png\" width=\"620\" height=\"67\" srcset=\"https:\/\/jan-jakobsen.dk\/http:\/\/jan-jakobsen.dk\/wp-content\/uploads\/2017\/02\/screenshot-300x32.png 300w, https:\/\/jan-jakobsen.dk\/http:\/\/jan-jakobsen.dk\/wp-content\/uploads\/2017\/02\/screenshot-620x67.png 620w, https:\/\/jan-jakobsen.dk\/http:\/\/jan-jakobsen.dk\/wp-content\/uploads\/2017\/02\/screenshot.png 623w\" sizes=\"auto, (max-width: 620px) 100vw, 620px\" \/><\/a><\/p>\n<p>Jeg h\u00f8rte for f\u00e5 dage siden\u00a0direkt\u00f8r i Kommunernes Landsforening (KL),\u00a0Kristian Heunicke, tale ved et m\u00f8de. Kristian Heunicke\u00a0har bl.a. ansvar for KLs syn p\u00e5 socialomr\u00e5det. I sit indl\u00e6g gjorde\u00a0Kristian Heunicke sig til talsmand for et bedre samarbejde mellem handicaporganisationerne og KL.<\/p>\n<p>Denne sympatiske mission kan ingen have nogen som helst imod &#8211; tv\u00e6rtimod. Det har i \u00e5revis v\u00e6ret en stor mangelvare med b\u00e5de forst\u00e5else og samarbejde om, hvordan kommunerne p\u00e5 den ene side\u00a0l\u00f8ser deres opgaver med omkring den\u00a0\u00f8konomi, som KL skal forsvare for kommunerne,\u00a0og p\u00e5 den anden side borgernes\u00a0retssikkerhed, som s\u00e5vel kommuner som KL gang p\u00e5 gang har udfordret.<!--more--><\/p>\n<p>S\u00e5 stor respekt for direkt\u00f8rens vilje til samarbejde.<\/p>\n<p>Min oplevelse af indl\u00e6gget var dog ogs\u00e5, at han samtidig\u00a0langede kraftigt ud efter kompensationsprincippet p\u00e5 handikapomr\u00e5det.<\/p>\n<p>Det er der s\u00e5dan set ikke noget nyt i. Det er sat stadig mere under pres gennem de sidste \u00e5r ikke mindst under indtryk ag kommuner og KL. Senest og aktuelt med forslaget om brugerbetaling p\u00e5 ledsagelse, som lige har v\u00e6ret i\u00a0h\u00f8ring. Et forslag, der rammer ikke mindst udviklingsh\u00e6mmede h\u00e5rdt, der har brug for ledsagelse af hj\u00e6lpere til eksempelvis ferie.<\/p>\n<p>Det nye og ganske\u00a0foruroligende er, at for mig l\u00f8d det pr\u00e6cist, som\u00a0om KL hermed stiller sp\u00f8rgsm\u00e5lstegn ved\u00a0kompensationsprincippet, samtidig med, at\u00a0kompensation\u00a0opprioriteres\u00a0i\u00a0det udkast til \u00e6ndring af Servicelovens voksenbestemmelser, der ogs\u00e5 netop har v\u00e6ret\u00a0i h\u00f8ring.<\/p>\n<p>I lovforslaget er \u00a7 81 \u00e6ndret, s\u00e5 det\u00a0fremg\u00e5r: &#8220;Desuden er form\u00e5let at medvirke til at sikre, at den enkelte kan fastholde sit aktuelle funktionsniveau og at yde kompensation, omsorg og pleje.&#8221;<\/p>\n<p>Kompensationsprincippet er trukket frem i\u00a0form\u00e5let for den gruppe af paragraffer, der handler om\u00a0en s\u00e6rlig indsats til voksne med nedsat fysisk eller psykisk funktionsevne eller med s\u00e6rlige sociale problemer.\u00a0Kompensation vil som s\u00e5dant f\u00e5 en h\u00f8jere v\u00e6gtning i b\u00e5de lov og grundlag for\u00a0ankeafg\u00f8relser. S\u00e5vel kommuner som\u00a0Ankestyrelsen vil skulle\u00a0til at se p\u00e5, om kompensationsprincippet som et grundl\u00e6ggende form\u00e5l i Servicelovens voksenbestemmelser bliver overholdt.<\/p>\n<p>I nug\u00e6ldende version af Serviceloven forekommer ordet kompensation hverken i form\u00e5let eller andre steder i betydningen at kompensere borgeren.<\/p>\n<p>Det forekommer derfor temmelig mods\u00e6tningsfyldt, at KL i samme moment taler for\u00a0at nedtone kompensationsprincippet. Det er for mig at se toner, der fremmer alt andet end mulighederne for god forst\u00e5else og godt samarbejde.<\/p>\n<p>Dansk handikappolitik har i en lang \u00e5rr\u00e6kke bygget p\u00e5 de grundl\u00e6ggende principper ligebehandling, sektoransvar, kompensation og solidaritet.<\/p>\n<p>Hvis KL v\u00e6lger at udfordre kompensationsprincippet yderligere, kan jeg kun se det\u00a0som en en v\u00e6sentlig\u00a0barriere for et samarbejde. Det kunne v\u00e6re rart at vide, hvad KL egentlig mener med samarbejde og udtrykke sig lidt klarere om, hvad det reelt er, man \u00f8nsker skal ske.<\/p>\n<p>\u00d8ger\u00a0KL presset p\u00e5 kompensationsprincippet, har man efter min mening\u00a0ikke nogen\u00a0sympatisk mission, der giver plads til\u00a0et bedre samarbejde.\u00a0Kompensation et vigtigt handikappolitisk princip, der ikke m\u00e5 s\u00e6ttes over styr. Det skal tv\u00e6rtimod styrkes. Om det giver venner eller ej.<\/p>\n","protected":false},"excerpt":{"rendered":"<p>Jeg h\u00f8rte for f\u00e5 dage siden\u00a0direkt\u00f8r i Kommunernes Landsforening (KL),\u00a0Kristian Heunicke, tale ved et m\u00f8de. Kristian Heunicke\u00a0har bl.a. ansvar for KLs syn p\u00e5 socialomr\u00e5det. I sit indl\u00e6g gjorde\u00a0Kristian Heunicke sig til talsmand for et bedre samarbejde mellem handicaporganisationerne og KL. &hellip; <a href=\"https:\/\/jan-jakobsen.dk\/?p=6935\">L\u00e6s resten <span class=\"meta-nav\">&rarr;<\/span><\/a><\/p>\n","protected":false},"author":3,"featured_media":6307,"comment_status":"open","ping_status":"open","sticky":false,"template":"","format":"standard","meta":{"footnotes":""},"categories":[4,1],"tags":[692,625,597,167,695,623,696],"class_list":["post-6935","post","type-post","status-publish","format-standard","has-post-thumbnail","hentry","category-blog","category-uncategorized","tag-handikap","tag-kl","tag-kommunernes-landsforening","tag-kompensation","tag-kristian-heunicke","tag-servicelov","tag-voksenbestemmelser"],"_links":{"self":[{"href":"https:\/\/jan-jakobsen.dk\/index.php?rest_route=\/wp\/v2\/posts\/6935","targetHints":{"allow":["GET"]}}],"collection":[{"href":"https:\/\/jan-jakobsen.dk\/index.php?rest_route=\/wp\/v2\/posts"}],"about":[{"href":"https:\/\/jan-jakobsen.dk\/index.php?rest_route=\/wp\/v2\/types\/post"}],"author":[{"embeddable":true,"href":"https:\/\/jan-jakobsen.dk\/index.php?rest_route=\/wp\/v2\/users\/3"}],"replies":[{"embeddable":true,"href":"https:\/\/jan-jakobsen.dk\/index.php?rest_route=%2Fwp%2Fv2%2Fcomments&post=6935"}],"version-history":[{"count":5,"href":"https:\/\/jan-jakobsen.dk\/index.php?rest_route=\/wp\/v2\/posts\/6935\/revisions"}],"predecessor-version":[{"id":6942,"href":"https:\/\/jan-jakobsen.dk\/index.php?rest_route=\/wp\/v2\/posts\/6935\/revisions\/6942"}],"wp:featuredmedia":[{"embeddable":true,"href":"https:\/\/jan-jakobsen.dk\/index.php?rest_route=\/wp\/v2\/media\/6307"}],"wp:attachment":[{"href":"https:\/\/jan-jakobsen.dk\/index.php?rest_route=%2Fwp%2Fv2%2Fmedia&parent=6935"}],"wp:term":[{"taxonomy":"category","embeddable":true,"href":"https:\/\/jan-jakobsen.dk\/index.php?rest_route=%2Fwp%2Fv2%2Fcategories&post=6935"},{"taxonomy":"post_tag","embeddable":true,"href":"https:\/\/jan-jakobsen.dk\/index.php?rest_route=%2Fwp%2Fv2%2Ftags&post=6935"}],"curies":[{"name":"wp","href":"https:\/\/api.w.org\/{rel}","templated":true}]}}