{"id":674,"date":"2010-04-04T13:15:02","date_gmt":"2010-04-04T11:15:02","guid":{"rendered":"http:\/\/jan-jakobsen.dk\/?p=674"},"modified":"2013-07-25T21:19:24","modified_gmt":"2013-07-25T19:19:24","slug":"vi-har-et-dilemma-der-skal-l%c3%b8ses","status":"publish","type":"post","link":"https:\/\/jan-jakobsen.dk\/?p=674","title":{"rendered":"Vi har et dilemma, der skal l\u00f8ses"},"content":{"rendered":"<p>Vi har i Danmark i dag et dilemma omkring borgere med handicap. Formanden for Socialchefforeningen Ole Pass har bragt r\u00f8re ved p\u00e5 en ubehagelig og unuanceret m\u00e5de at f\u00f8je ind i debatten, at mennesker med handicap kr\u00e6ver ind. Man kan mene, hvad man vil om Ole Pass&#8217; m\u00e5de at debattere p\u00e5, men han p\u00e5peger et felt, hvor vi er n\u00f8dt til at handle &#8211; ikke ved at sk\u00e6re i hj\u00e6lpen, men ved at vurdere, om opgaverne ligger rigtigt hos \u00f8konomisk pressede socialchefer, der tilsyneladende mangler socialt overblik (jeg tillader mig her at v\u00e6re tilsvarende unuanceret i mit syn p\u00e5 socialchefer, som Ole Pass er i sit syn p\u00e5 mennesker med handicap. Jeg g\u00f8r det, fordi jeg endnu ikke har h\u00f8rt nogle socialchefer undsige sig deres formand).<br \/>\n<!--more-->Jeg vil melde mig i r\u00e6kken af dem, der mener, at mere statslighed p\u00e5 omr\u00e5det vil v\u00e6re at foretr\u00e6kke, fordi kommunerne ikke har den forn\u00f8dne \u00f8konomi og bevllingskapacitet.<br \/>\nKommunerne er kompenseret over bloktilskuddene for en lang r\u00e6kke handicap-opgaver, som h\u00f8rer under sektoransvarligheden. Det er dog eksempelvis ikke ensbetydende med at tilg\u00e6ngeligheden i byrummet bliver indt\u00e6nkt i n\u00e6vnev\u00e6rdig grad.<br \/>\nP\u00e5 samme m\u00e5de omkring BPA. Her er der en stor forskel p\u00e5 kommunerne, hvor de er kompenseret ud fra et gennemsnit. Blot ved at sammenligne den kommune, jeg selv bor i og nabokommunen, s\u00e5 er der dobbelt s\u00e5 mange brugere af BPA i nabokommunen som i min&#8230; og det skyldes ikke kun et manglende behov, men ogs\u00e5 en mere restriktiv og n\u00e5r alt kommer til alt en tvivlsom praksis i tildeling. Pengene bliver i kommunen, men kan reelt lige s\u00e5 godt blive til asfalt, skoler eller noget andet.<br \/>\nEn af konsekvenserne af dette er, at kommunerne laver kasset\u00e6nkning og kun er utilfreds med ordninger, man ikke har &#8220;overskud&#8221; p\u00e5 (en merindt\u00e6gt, der kan anvendes p\u00e5 andre omr\u00e5der).<br \/>\nKommunalt selvstyre er et issue for SF&#8217;ere, men for at sikre et f\u00e6lles udgangspunkt mener jeg, at statsligg\u00f8relse af omr\u00e5det vil v\u00e6re at foretr\u00e6kke. Der findes i forvejen organer, der kontrollerer kommunernes forvaltning af statsmidler, s\u00e5 udvidelse af bureaukratiet vil ikke v\u00e6re noget argument i denne sammenh\u00e6ng.<br \/>\nJeg synes, det nuv\u00e6rende debat er uv\u00e6rdig for et samfund af den st\u00f8bning, som vi har skabt. Den bliver stadig mere accentueret i de kommende \u00e5r, hvis vi ikke er i stand til at finde en l\u00f8sning, der fungerer. Det fremmer et samfund, hvor mennesker med s\u00e6rlige behov vil blive lagt for had. Personligt betragter jeg det som en naturlig konsekvens af den proces vi har v\u00e6ret igennem omkring indvandrere og omkring oml\u00e6gningen fra solidaritet til privat forsikring. Derfor synes jeg ogs\u00e5 at SF og den \u00f8vrige venstrefl\u00f8j har en s\u00e6rlig forpligtelse til at v\u00e6re aktive i at l\u00f8se dette dilemma.<\/p>\n","protected":false},"excerpt":{"rendered":"<p>Vi har i Danmark i dag et dilemma omkring borgere med handicap. Formanden for Socialchefforeningen Ole Pass har bragt r\u00f8re ved p\u00e5 en ubehagelig og unuanceret m\u00e5de at f\u00f8je ind i debatten, at mennesker med handicap kr\u00e6ver ind. Man kan &hellip; <a href=\"https:\/\/jan-jakobsen.dk\/?p=674\">L\u00e6s resten <span class=\"meta-nav\">&rarr;<\/span><\/a><\/p>\n","protected":false},"author":3,"featured_media":0,"comment_status":"open","ping_status":"open","sticky":false,"template":"","format":"standard","meta":{"footnotes":""},"categories":[3,1],"tags":[18,13,12,16,11,15,17,14],"class_list":["post-674","post","type-post","status-publish","format-standard","hentry","category-handicapdebat","category-uncategorized","tag-had","tag-handicapkonvention","tag-hjlpemidler","tag-kommune","tag-ole-pass","tag-stat","tag-udgifter","tag-venstreflj"],"_links":{"self":[{"href":"https:\/\/jan-jakobsen.dk\/index.php?rest_route=\/wp\/v2\/posts\/674","targetHints":{"allow":["GET"]}}],"collection":[{"href":"https:\/\/jan-jakobsen.dk\/index.php?rest_route=\/wp\/v2\/posts"}],"about":[{"href":"https:\/\/jan-jakobsen.dk\/index.php?rest_route=\/wp\/v2\/types\/post"}],"author":[{"embeddable":true,"href":"https:\/\/jan-jakobsen.dk\/index.php?rest_route=\/wp\/v2\/users\/3"}],"replies":[{"embeddable":true,"href":"https:\/\/jan-jakobsen.dk\/index.php?rest_route=%2Fwp%2Fv2%2Fcomments&post=674"}],"version-history":[{"count":4,"href":"https:\/\/jan-jakobsen.dk\/index.php?rest_route=\/wp\/v2\/posts\/674\/revisions"}],"predecessor-version":[{"id":2275,"href":"https:\/\/jan-jakobsen.dk\/index.php?rest_route=\/wp\/v2\/posts\/674\/revisions\/2275"}],"wp:attachment":[{"href":"https:\/\/jan-jakobsen.dk\/index.php?rest_route=%2Fwp%2Fv2%2Fmedia&parent=674"}],"wp:term":[{"taxonomy":"category","embeddable":true,"href":"https:\/\/jan-jakobsen.dk\/index.php?rest_route=%2Fwp%2Fv2%2Fcategories&post=674"},{"taxonomy":"post_tag","embeddable":true,"href":"https:\/\/jan-jakobsen.dk\/index.php?rest_route=%2Fwp%2Fv2%2Ftags&post=674"}],"curies":[{"name":"wp","href":"https:\/\/api.w.org\/{rel}","templated":true}]}}