{"id":6701,"date":"2016-12-03T16:43:25","date_gmt":"2016-12-03T15:43:25","guid":{"rendered":"http:\/\/jan-jakobsen.dk\/?p=6701"},"modified":"2016-12-04T18:39:53","modified_gmt":"2016-12-04T17:39:53","slug":"internationale-dag-for-mennesker-med-handicap","status":"publish","type":"post","link":"https:\/\/jan-jakobsen.dk\/?p=6701","title":{"rendered":"Internationale dag for mennesker med handicap"},"content":{"rendered":"<p><iframe loading=\"lazy\" title=\"Den internationale dag for mennesker med handicap\" width=\"640\" height=\"360\" src=\"https:\/\/www.youtube.com\/embed\/lL1XQewqNhE?feature=oembed\" frameborder=\"0\" allow=\"accelerometer; autoplay; clipboard-write; encrypted-media; gyroscope; picture-in-picture; web-share\" referrerpolicy=\"strict-origin-when-cross-origin\" allowfullscreen><\/iframe><br \/>\nI dag er det den internationale dag for mennesker med handicap. Over hele verden markeres dagen &#8211; og er med til at skabe samh\u00f8righed.<br \/>\nVi skal fejre resultater &#8211; og t\u00e6nke p\u00e5, hvordan vi bliver endnu bedre til at skabe en inkluderende verden for alle mennesker. Der er lang vej endnu, men vi er i bev\u00e6gelse og vi rykker.<!--more--><\/p>\n<p>Politikerne har ret i, at der er lande, hvor perspektiverne ved at have et handicap er meget mere dystre end i Danmark. Men hvis konklusionen er, at vi s\u00e5 bare kan l\u00e6ne os tilbage i Danmark, tager de de politikere, der mener det, totalt fejl. De kan ikke v\u00e6re mere p\u00e5 afveje.<br \/>\nDen 1. december l\u00f8d opfordringen fra min egen moderorganisation, Muskelsvindfonden, at vi skal tage styringen af den lokale debat om frikommunefors\u00f8g. At vi skal berige kommunalpolitikerne med ideer til forbedringer. At vi skal komme ud af den vanet\u00e6nkning, at det altid handler om at finde p\u00e5 forringelser!<br \/>\nMuskelsvindfonden opfordrer handicaporganisationer, handicapr\u00e5d og lokale afdelinger af Danske Handicaporganisationer til at g\u00e5 i offensiven i stedet for altid at v\u00e6re i den defensive rolle. Og det er pr\u00e6cis hvad 3. december handler om: at erobre dagsordenen og ikke overlade den til nedsk\u00e6ringspolitikere uanset hvor i det politiske spektrum de befinder sig.<br \/>\nDet er altid en rar fornemmelse at v\u00e6re med til at vende en stemning og f\u00e5 fokus p\u00e5 konstruktive forslag.<br \/>\nMuskelsvindfonden g\u00e5r selv forrest med forslag, vi kan bruge i det lokale arbejde.<br \/>\nOg det er lokalt skal vi styrke os selv netop med konstruktive ideer. Det styrker os ikke kun i andres syn p\u00e5 os. Det styrker ogs\u00e5 vores tro p\u00e5 os selv.<br \/>\nVi bringer os selv ind i den politiske kamp og viser, at vi ikke vil leve p\u00e5 sidelinien. Vi er i front, hvor tingene sker &#8211; lokalt som nationalt. Grib bolden og kom med jeres forslag gennem handicaporganisationerne, handicapr\u00e5dene og de lokale afdelinger af Danske Handicaporganisationer.<br \/>\nOg god 3. december. Husk: vi k\u00e6mper hver dag &#8211; og bliver ved!<\/p>\n","protected":false},"excerpt":{"rendered":"<p>I dag er det den internationale dag for mennesker med handicap. Over hele verden markeres dagen &#8211; og er med til at skabe samh\u00f8righed. Vi skal fejre resultater &#8211; og t\u00e6nke p\u00e5, hvordan vi bliver endnu bedre til at skabe &hellip; <a href=\"https:\/\/jan-jakobsen.dk\/?p=6701\">L\u00e6s resten <span class=\"meta-nav\">&rarr;<\/span><\/a><\/p>\n","protected":false},"author":3,"featured_media":6306,"comment_status":"open","ping_status":"open","sticky":false,"template":"","format":"standard","meta":{"footnotes":""},"categories":[4,3,1,659],"tags":[],"class_list":["post-6701","post","type-post","status-publish","format-standard","has-post-thumbnail","hentry","category-blog","category-handicapdebat","category-uncategorized","category-video"],"_links":{"self":[{"href":"https:\/\/jan-jakobsen.dk\/index.php?rest_route=\/wp\/v2\/posts\/6701","targetHints":{"allow":["GET"]}}],"collection":[{"href":"https:\/\/jan-jakobsen.dk\/index.php?rest_route=\/wp\/v2\/posts"}],"about":[{"href":"https:\/\/jan-jakobsen.dk\/index.php?rest_route=\/wp\/v2\/types\/post"}],"author":[{"embeddable":true,"href":"https:\/\/jan-jakobsen.dk\/index.php?rest_route=\/wp\/v2\/users\/3"}],"replies":[{"embeddable":true,"href":"https:\/\/jan-jakobsen.dk\/index.php?rest_route=%2Fwp%2Fv2%2Fcomments&post=6701"}],"version-history":[{"count":4,"href":"https:\/\/jan-jakobsen.dk\/index.php?rest_route=\/wp\/v2\/posts\/6701\/revisions"}],"predecessor-version":[{"id":6707,"href":"https:\/\/jan-jakobsen.dk\/index.php?rest_route=\/wp\/v2\/posts\/6701\/revisions\/6707"}],"wp:featuredmedia":[{"embeddable":true,"href":"https:\/\/jan-jakobsen.dk\/index.php?rest_route=\/wp\/v2\/media\/6306"}],"wp:attachment":[{"href":"https:\/\/jan-jakobsen.dk\/index.php?rest_route=%2Fwp%2Fv2%2Fmedia&parent=6701"}],"wp:term":[{"taxonomy":"category","embeddable":true,"href":"https:\/\/jan-jakobsen.dk\/index.php?rest_route=%2Fwp%2Fv2%2Fcategories&post=6701"},{"taxonomy":"post_tag","embeddable":true,"href":"https:\/\/jan-jakobsen.dk\/index.php?rest_route=%2Fwp%2Fv2%2Ftags&post=6701"}],"curies":[{"name":"wp","href":"https:\/\/api.w.org\/{rel}","templated":true}]}}