{"id":668,"date":"2010-04-03T15:29:07","date_gmt":"2010-04-03T13:29:07","guid":{"rendered":"http:\/\/jan-jakobsen.dk\/?p=668"},"modified":"2013-07-25T21:20:17","modified_gmt":"2013-07-25T19:20:17","slug":"pas-pa-pass","status":"publish","type":"post","link":"https:\/\/jan-jakobsen.dk\/?p=668","title":{"rendered":"Melder pas, Pass"},"content":{"rendered":"<table border=\"0\" cellspacing=\"0\" cellpadding=\"0\" width=\"100%\">\n<tbody>\n<tr>\n<td id=\"MSOZoneCell_WebPartWPQ2\" valign=\"top\">For f\u00e5 dage siden havde Jyllandsposten et indl\u00e6g med formanden for Danske Socialchefer, Ole Pass, hvori han siger: \u00bbVi bliver i kommunerne m\u00f8dt med et enormt forventningspres fra borgere med handicap, som hele tiden forventer, at kommunen skal betale for det bedste og det nyeste teknologiske hj\u00e6lpemiddel.\u00ab <a title=\"Socialchef: Sk\u00e6r i handicaphj\u00e6lpen\" href=\"http:\/\/jp.dk\/indland\/indland_politik\/article2027845.ece\" target=\"_blank\">Du kan l\u00e6se indl\u00e6gget her<\/a>.<\/p>\n<p>Om udtalelsen skyldes Ole Pass&#8217; trang til at at komme med provokerende indspark i en debat &#8211; eller det blot er lang tid siden han synes, har har v\u00e6ret i medierne &#8211; skal jeg ikke blande mig i, men jeg m\u00e5 konstatere, at det er lykkedes ham at provokere mig. Af flere grunde.\u00a0Ole Pass synes her at udtale sig p\u00e5 vegne af alle landets socialchefer, og det er derfor vigtigt at reagere p\u00e5 et s\u00e5dant indl\u00e6g. Reagerer vi ikke, s\u00e5 vil det st\u00e5 uimodsagt &#8211; og pludselig st\u00e5r vi i en situation, hvor det bliver &#8216;en almengyldig sandhed&#8217;, at mennesker med handicap er kr\u00e6vende. Det vil s\u00e5 legitimere, at kommunerne arbejder efter det som et faktum.<\/p>\n<p>Der kan v\u00e6re mange grunde til, at Ole Pass melder ud, som han g\u00f8r. Generelt betragter jeg manden som s\u00e5 vidende, at han burde kunne gennemskue, hvad han kan blive brugt til i en debat &#8211; og derfor burde have udtrykt sig noget anderledes, hvis han blot vil debat om gr\u00e6nser for velf\u00e6rd. Derfor frygter jeg \u00e6rligt talt, at Ole Pass faktisk mener det, han siger i citatet.<\/p>\n<p>Det skal naturligvis s\u00e6ttes ind i en sammenh\u00e6ng. Denne sammenh\u00e6ng er klar nok: at kommunerne er \u00f8konomisk tr\u00e6ngt og ikke kan se sig ud af de stigende udgifter, der er p\u00e5 specialomr\u00e5det, som jo ogs\u00e5 omfatter handicap. Det er bem\u00e6rkelsesv\u00e6rdigt, at han i indll\u00e6gget helt tydeligt g\u00e5r efter hj\u00e6lpemiddelomr\u00e5det &#8211; hvilket ogs\u00e5 styrker min frygt for, at manden rent faktisk mener det.<\/p>\n<p>Ole Pass kan have ret i, at det giver et h\u00e5rdt tryk p\u00e5 kommunerne, men jeg mener ikke, at det er noget argument for at sl\u00e5 nedad &#8211; at sl\u00e5 p\u00e5 os, der har brug for hj\u00e6lpemidler. Det er naturligvis et politisk valg, som\u00a0Ole Pass\u00a0kan tr\u00e6ffe, men efter min mening lidt u\u00e6stetisk p\u00e5 baggrund af, at han repr\u00e6senterer alle socialchefer i Danmark gennem sin forening. Han kunne med st\u00f8rre rette kritisere, at der ikke er den forn\u00f8dne balance mellem kommunal og statslig financiering p\u00e5 omr\u00e5det. Det ville v\u00e6re mere fair og mere forst\u00e5eligt.<\/p>\n<p>Pass&#8217;es turen frem er ogs\u00e5 kontroversiel p\u00e5 den m\u00e5de, at hvis han f\u00e5r magt som agt vil det v\u00e6re et brud p\u00e5 dels den handicapkonvention, Danmark har underskrevet og forpligtet sig til at overholde og dels kr\u00e6ve et brud\u00a0med hele den danske\u00a0 socialpolitiske tradition.\u00a0<\/p>\n<p>Dette handler mere om afbureaukratisering, om \u00e6ndringer i handicapgruppen, om teknologisk udvikling og om at der generelt i kommunerne er et \u00f8konomisk pres, som er politisk betinget end om at mennesker med handicap er blevet um\u00e5deholdent kr\u00e6vende. Med det udgangspunkt vil der v\u00e6re et meget bedre grundlag for at tage en diskussion op om, hvordan udgifterne skal fordeles mellem stat og kommune og hvordan vi f\u00e5r de snitflader, der kan sikre, at det sker uden et voldsomt bureaukrati og uden at der sker en overkompensation. Kort sagt: en fair behandling af mennesker med handicap.<\/p>\n<p>Jeg tillader mig sluttelig at drage tvivl om de tal, som Ole Pass bruger som argument for, at mennesker med handicap skulle v\u00e6re kr\u00e6vende uden at jeg har haft mulighed for at kontrollere dem.<\/td>\n<\/tr>\n<\/tbody>\n<\/table>\n","protected":false},"excerpt":{"rendered":"<p>For f\u00e5 dage siden havde Jyllandsposten et indl\u00e6g med formanden for Danske Socialchefer, Ole Pass, hvori han siger: \u00bbVi bliver i kommunerne m\u00f8dt med et enormt forventningspres fra borgere med handicap, som hele tiden forventer, at kommunen skal betale for &hellip; <a href=\"https:\/\/jan-jakobsen.dk\/?p=668\">L\u00e6s resten <span class=\"meta-nav\">&rarr;<\/span><\/a><\/p>\n","protected":false},"author":3,"featured_media":0,"comment_status":"open","ping_status":"open","sticky":false,"template":"","format":"standard","meta":{"footnotes":""},"categories":[4,3],"tags":[13,12,11],"class_list":["post-668","post","type-post","status-publish","format-standard","hentry","category-blog","category-handicapdebat","tag-handicapkonvention","tag-hjlpemidler","tag-ole-pass"],"_links":{"self":[{"href":"https:\/\/jan-jakobsen.dk\/index.php?rest_route=\/wp\/v2\/posts\/668","targetHints":{"allow":["GET"]}}],"collection":[{"href":"https:\/\/jan-jakobsen.dk\/index.php?rest_route=\/wp\/v2\/posts"}],"about":[{"href":"https:\/\/jan-jakobsen.dk\/index.php?rest_route=\/wp\/v2\/types\/post"}],"author":[{"embeddable":true,"href":"https:\/\/jan-jakobsen.dk\/index.php?rest_route=\/wp\/v2\/users\/3"}],"replies":[{"embeddable":true,"href":"https:\/\/jan-jakobsen.dk\/index.php?rest_route=%2Fwp%2Fv2%2Fcomments&post=668"}],"version-history":[{"count":6,"href":"https:\/\/jan-jakobsen.dk\/index.php?rest_route=\/wp\/v2\/posts\/668\/revisions"}],"predecessor-version":[{"id":2413,"href":"https:\/\/jan-jakobsen.dk\/index.php?rest_route=\/wp\/v2\/posts\/668\/revisions\/2413"}],"wp:attachment":[{"href":"https:\/\/jan-jakobsen.dk\/index.php?rest_route=%2Fwp%2Fv2%2Fmedia&parent=668"}],"wp:term":[{"taxonomy":"category","embeddable":true,"href":"https:\/\/jan-jakobsen.dk\/index.php?rest_route=%2Fwp%2Fv2%2Fcategories&post=668"},{"taxonomy":"post_tag","embeddable":true,"href":"https:\/\/jan-jakobsen.dk\/index.php?rest_route=%2Fwp%2Fv2%2Ftags&post=668"}],"curies":[{"name":"wp","href":"https:\/\/api.w.org\/{rel}","templated":true}]}}