{"id":6659,"date":"2016-11-25T08:45:18","date_gmt":"2016-11-25T07:45:18","guid":{"rendered":"http:\/\/jan-jakobsen.dk\/?p=6659"},"modified":"2016-11-25T08:51:02","modified_gmt":"2016-11-25T07:51:02","slug":"naar-angsten-breder-sig","status":"publish","type":"post","link":"https:\/\/jan-jakobsen.dk\/?p=6659","title":{"rendered":"N\u00e5r angsten breder sig"},"content":{"rendered":"<p><strong><em><img loading=\"lazy\" decoding=\"async\" class=\"alignleft size-large wp-image-6661\" src=\"https:\/\/jan-jakobsen.dk\/https:\/\/jan-jakobsen.dk\/wp-content\/uploads\/2016\/11\/Angst-620x207.png\" alt=\"angst\" width=\"620\" height=\"207\" srcset=\"https:\/\/jan-jakobsen.dk\/http:\/\/jan-jakobsen.dk\/wp-content\/uploads\/2016\/11\/Angst-620x207.png 620w, https:\/\/jan-jakobsen.dk\/http:\/\/jan-jakobsen.dk\/wp-content\/uploads\/2016\/11\/Angst-300x100.png 300w, https:\/\/jan-jakobsen.dk\/http:\/\/jan-jakobsen.dk\/wp-content\/uploads\/2016\/11\/Angst.png 1200w\" sizes=\"auto, (max-width: 620px) 100vw, 620px\" \/><br \/>\nAt skabe forandring er b\u00e5de et sp\u00f8rgsm\u00e5l om personligt engagement og kollektiv villen. I dette blogindl\u00e6g pr\u00f8ver jeg nogle sp\u00e6de fors\u00f8g p\u00e5 at indkredse, hvad jeg mener at kunne bidrage med &#8211; og har naturligvis ogs\u00e5 nogle hip til den type politikere, der vil holde os nede. Det er s\u00e5dan set der, jeg starter.<\/em><\/strong><\/p>\n<p>Dette handler ikke kun om handicap. Det handler ogs\u00e5 om en tilgang til andre mennesker. Det kommer til udtryk i udtalelser som\u00a0\u201cde er for dumme\u201d, \u201cde er for dovne\u201d, \u201cde er for kr\u00e6vende\u201d, \u201cde er for sexuelt afvigende\u201d, \u201cde har den forkerte uddannelse\u201d, \u201cde f\u00f8der de forkerte b\u00f8rn\u201d, \u201cde er for fattige\u201d, \u201cde f\u00e5r b\u00f8rn jeg ikke vil betale til\u201d,\u00a0 \u201cde er for handicappede\u201d og hvad nu det ellers kan v\u00e6re man finder p\u00e5 at sige om andre.<!--more--><\/p>\n<p>Nogle danske politikere er p\u00e5 samme m\u00e5de gode til at antyde, at mennesker med handicap slet ikke har noget at klage over herhjemme. Uden skam n\u00e6vner de, at mennesker med handicap i Danmark jo har det langt bedre end flygtninge med handicap i Uganda eller Syrien.<\/p>\n<p>Det er sandt nok, men der er jo ingen herhjemme, der lever under direkte fysisk trussel. Derfor forst\u00e5r jeg ikke, hvorfor mennesker med handicap s\u00e6rligt skal mindes om, hvor godt vi har det. Det synes som om det er vigtigt for nogle politikere at f\u00e5 pointeret, at vi faktisk har det bedre end vi umiddelbart er berettiget til &#8211; mens de betragter det som noget af det mest naturlige, at de selv har ret til det gode liv.<\/p>\n<p>Jeg ser det som vores f\u00e6lles ret og pligt at stille krav til udviklingen af vores samfund. Uanset, hvor i verden du lever b\u00e5de med eller uden et handicap er det en ret at v\u00e6re en del af f\u00e6llesskabet, som det er d\u00e9r, hvor vi bor. Men den m\u00e5de, nogle politikere ser p\u00e5 os, n\u00e5r de fort\u00e6ller, at vi slet ikke har noget at klage over, er i alt for h\u00f8j grad med til at holde os fast i roller som de, der ikke har helt samme ret til at blande os.<\/p>\n<p>Netop at blive fastholdt i roller og af nogen m\u00e5ske endda blive set ned p\u00e5, skaber utryghed og angst. Vi bliver isolerede og har dermed langt mindre slagkraft og indflydelse end vi b\u00f8r have. Angsten g\u00f8r os ude af stand til at udvikle os og v\u00e6re den n\u00f8dvendige st\u00f8tte for b\u00e5de hinanden og for andre.<\/p>\n<p>M\u00e5ske virker det latterligt at blive bange for en regerings\u00e6ndring her i landet. M\u00e5ske er det ude af proportion. Alligevel g\u00e5r det igen p\u00e5 de sociale medier, n\u00e5r jeg kigger ind i grupper: \u201cJeg er bange\u201d. Og angst er ikke en ressource. Det er en destruktiv kraft, der langt fra er brugbar. Det er en af de ting jeg har besluttet mig p\u00e5, at mit liv handler om. At komme angsten til livs. I stedet v\u00e6re med til at skabe f\u00e6llesskaber. At g\u00f8re os til os, der levere modspillet og medspillet.<\/p>\n<p>Selv voksede jeg op det man vil kalde i trygge rammer. Men det var under den kolde krig. Under Cubakrisen. Under Mellem\u00f8sten-krisen. Under Vietnamkrigen. Under Orton-bev\u00e6gelsen. Og under er det helt rigtige ord, for trods tryghed n\u00e5ede budskabet om grundl\u00e6ggende utryghed frem og stod lysende klart i min barnehjerne: jeg kan intet alene. Jeg kan intet, og hvad nu, hvis de voksne er v\u00e6k &#8211; d\u00f8r eller glemmer mig.<\/p>\n<p>At holde den angst I live var intet problem. Den n\u00e6rmest kom som eksplosioner af den snak og de filmklip fjernsynet forsynede os med. De overskrifter i aviserne, jeg s\u00e5 sm\u00e5t var begyndt at kunne l\u00e6se selv overlod heller intet til fantasien. Hvad overskrifterne ikke form\u00e5ede, det kunne fotos af br\u00e6ndende b\u00f8rn p\u00e5 flugt napalmbomber malende fort\u00e6lle. Den grundige bog med forsidens nattedunkle tage med sirener, den manende titel \u201cHvis krigen kommer\u201d og detaljerede illustrationer og instrukserne til overlevelse af et atomangreb lod heller ingen tvivl tilbage.<\/p>\n<p>Jeg vil ikke tr\u00e6tte mere med den angst, som det tog mig mange \u00e5r at komme af med. Blot konstatere, at jeg kan kende angsten n\u00e5r jeg ser den &#8211; heldigvis har jeg med tiden f\u00e5et mange redskaber til at komme den til livs. Jeg ved blot, at angsten m\u00e5 og skal overvindes. At vi m\u00e5 v\u00e6re indstillet p\u00e5 sammen med andre at skabe den n\u00f8dvendige forandring.<\/p>\n<p>En ting ved jeg helt sikkert. Vi skal som handicapbev\u00e6gelse ikke selv v\u00e6re med til at skabe grobund for endnu mere angst og usikkerhed. Det synes jeg alligevel ikke vi er for gode til. Det kan aldrig v\u00e6re vores opgave at skabe frygt &#8211; ligesom det heller ikke er vores opgave at bilde nogen ind, at alt er lyser\u00f8dt. Det bliver i h\u00f8j grad et sp\u00f8rgsm\u00e5l om balance.<\/p>\n<p>Vi skal ikke skabe un\u00f8dig frygt for kommuners overgreb. Jeg har selv n\u00e6vnt Aarhus og Favrskov som aktuelle eksempler. De bliver til symboler p\u00e5 noget der skaber frygt blandt os. Det har reformerne af f\u00f8rtidspension og fleksjob ogs\u00e5 gjort sammen med de mange andre reformer vi har set &#8211; og ikke uden grund.<\/p>\n<p>Vores opgave er at hj\u00e6lpe hinanden frem til de f\u00e6llesskaber, der styrker vores evne til at bidrage til f\u00e6lles forst\u00e5else af handicap i et inkluderende samfund. For det er derhen vi skal &#8211; og det handler om et f\u00e6llesskab, der g\u00f8r op med mange rammer, der med tiden er sat op om os. Foruds\u00e6tningen er, at angst og panik ikke f\u00e5r overtag.<\/p>\n<p>Jeg kan ikke med et trylleslag fjerne angst for alle de, der lider af den og gribes af m\u00f8rke tanker. Jeg kan v\u00e6re med til at s\u00e6tte ord p\u00e5. Jeg kan appellere til alle de, der skriver om vores liv fordi de selv er en del af handicapbev\u00e6gelsen p\u00e5 grund af et handicap. Jeg kan appellere til alle de, de arbejder professionelt i vores organisationer.<\/p>\n<p>Jeg kan v\u00e6re \u00e9n af dem, der stiller de sp\u00f8rgsm\u00e5l, der skal til for at vi f\u00e5r mod til at tage debatten med de politikere og de embedsfolk, der tilsyneladende ser os som en \u00f8konomisk byrde for samfundet. Som derfor fostrer de ideer, at vi skal isoleres fra samfundet i stedet for at blive brugt som den ressource, som vi for mig at se repr\u00e6senterer.<\/p>\n<p>Jeg kan v\u00e6re \u00e9n af mange, der er med til at vise modargumenterne og bringe dem til live. En af dem, der sikrer, at der kommer argumenter p\u00e5 bordet, der g\u00f8r op med fordomme, \u00f8konomiske teorier og manglende menneskelig indsigt og respekt.<\/p>\n<p>Jeg kan v\u00e6re blandt de mange, der kan v\u00e6re med til at d\u00e6mme op for den \u00f8konomiske t\u00e6nkning, der udl\u00f8ste den b\u00f8lge af reformer, der p\u00e5 afg\u00f8rende vis har \u00e6ndret livet p\u00e5 for mange med handicap. Det har skabt en grundl\u00e6ggende mistillid mellem nogle kommuner og deres borgere. Skal den genskabes, er det n\u00f8dvendigt, at ogs\u00e5 politikere viser forst\u00e5else og respekt for andre menneskers liv.<\/p>\n<p>Jeg kan v\u00e6re blandt de, der fort\u00e6ller min gode historie og s\u00e5r den tvivl, der f\u00e5r endnu flere til at g\u00f8re op med den \u00f8konomit\u00e6nkning, der skader f\u00e6llesskabet og g\u00f8r, at vi kan finde hinanden igen.<\/p>\n<p>P\u00e5 den m\u00e5de bliver vi flere og flere, der bryder med angsten og viser, at vi b\u00e5de kan og vil det f\u00e6llesskab, hvor vi yder og nyder uden f\u00f8rst og fremmest at se de gustne motiver hos hinanden. Selvf\u00f8lgelig er de der ogs\u00e5. Ellers ville vi ikke have n\u00f8dvendigt at skabe frygt og stille sp\u00f8rgsm\u00e5lstegn ved andres ret til at v\u00e6re f\u00f8dt som mennesker.<\/p>\n","protected":false},"excerpt":{"rendered":"<p>At skabe forandring er b\u00e5de et sp\u00f8rgsm\u00e5l om personligt engagement og kollektiv villen. I dette blogindl\u00e6g pr\u00f8ver jeg nogle sp\u00e6de fors\u00f8g p\u00e5 at indkredse, hvad jeg mener at kunne bidrage med &#8211; og har naturligvis ogs\u00e5 nogle hip til den &hellip; <a href=\"https:\/\/jan-jakobsen.dk\/?p=6659\">L\u00e6s resten <span class=\"meta-nav\">&rarr;<\/span><\/a><\/p>\n","protected":false},"author":3,"featured_media":6307,"comment_status":"open","ping_status":"open","sticky":false,"template":"","format":"standard","meta":{"footnotes":""},"categories":[4,3,1],"tags":[],"class_list":["post-6659","post","type-post","status-publish","format-standard","has-post-thumbnail","hentry","category-blog","category-handicapdebat","category-uncategorized"],"_links":{"self":[{"href":"https:\/\/jan-jakobsen.dk\/index.php?rest_route=\/wp\/v2\/posts\/6659","targetHints":{"allow":["GET"]}}],"collection":[{"href":"https:\/\/jan-jakobsen.dk\/index.php?rest_route=\/wp\/v2\/posts"}],"about":[{"href":"https:\/\/jan-jakobsen.dk\/index.php?rest_route=\/wp\/v2\/types\/post"}],"author":[{"embeddable":true,"href":"https:\/\/jan-jakobsen.dk\/index.php?rest_route=\/wp\/v2\/users\/3"}],"replies":[{"embeddable":true,"href":"https:\/\/jan-jakobsen.dk\/index.php?rest_route=%2Fwp%2Fv2%2Fcomments&post=6659"}],"version-history":[{"count":5,"href":"https:\/\/jan-jakobsen.dk\/index.php?rest_route=\/wp\/v2\/posts\/6659\/revisions"}],"predecessor-version":[{"id":6665,"href":"https:\/\/jan-jakobsen.dk\/index.php?rest_route=\/wp\/v2\/posts\/6659\/revisions\/6665"}],"wp:featuredmedia":[{"embeddable":true,"href":"https:\/\/jan-jakobsen.dk\/index.php?rest_route=\/wp\/v2\/media\/6307"}],"wp:attachment":[{"href":"https:\/\/jan-jakobsen.dk\/index.php?rest_route=%2Fwp%2Fv2%2Fmedia&parent=6659"}],"wp:term":[{"taxonomy":"category","embeddable":true,"href":"https:\/\/jan-jakobsen.dk\/index.php?rest_route=%2Fwp%2Fv2%2Fcategories&post=6659"},{"taxonomy":"post_tag","embeddable":true,"href":"https:\/\/jan-jakobsen.dk\/index.php?rest_route=%2Fwp%2Fv2%2Ftags&post=6659"}],"curies":[{"name":"wp","href":"https:\/\/api.w.org\/{rel}","templated":true}]}}