{"id":6623,"date":"2016-11-18T17:00:48","date_gmt":"2016-11-18T16:00:48","guid":{"rendered":"http:\/\/jan-jakobsen.dk\/?p=6623"},"modified":"2016-11-19T10:58:01","modified_gmt":"2016-11-19T09:58:01","slug":"6623","status":"publish","type":"post","link":"https:\/\/jan-jakobsen.dk\/?p=6623","title":{"rendered":"Lige nu holder vi et v\u00e5gent \u00f8je&#8230;"},"content":{"rendered":"<p><a href=\"https:\/\/jan-jakobsen.dk\/https:\/\/jan-jakobsen.dk\/wp-content\/uploads\/2016\/11\/Flipboard.png\"><img loading=\"lazy\" decoding=\"async\" class=\"alignleft wp-image-6626 size-large\" style=\"border: 1px solid black;\" src=\"https:\/\/jan-jakobsen.dk\/https:\/\/jan-jakobsen.dk\/wp-content\/uploads\/2016\/11\/Flipboard-620x348.png\" alt=\"flipboard\" width=\"620\" height=\"348\" srcset=\"https:\/\/jan-jakobsen.dk\/http:\/\/jan-jakobsen.dk\/wp-content\/uploads\/2016\/11\/Flipboard-620x348.png 620w, https:\/\/jan-jakobsen.dk\/http:\/\/jan-jakobsen.dk\/wp-content\/uploads\/2016\/11\/Flipboard-300x169.png 300w, https:\/\/jan-jakobsen.dk\/http:\/\/jan-jakobsen.dk\/wp-content\/uploads\/2016\/11\/Flipboard.png 1436w\" sizes=\"auto, (max-width: 620px) 100vw, 620px\" \/><\/a><br \/>\n<em><strong>Enkelte kommuner er altid i stand til at tiltr\u00e6kke sig opm\u00e6rksomhed. Ikke mindst Aarhus. De har nu f\u00e5et f\u00f8lgeskab af Favskov kommune, der har foresl\u00e5et at sende dyre handicappede p\u00e5 plejehjem. Kommunerne fors\u00f8ger at l\u00f8se et \u00f8konomisk problem og glemmer vores rettigheder. Det er ikke holdbart i l\u00e6ngden, at kommunerne og deres forening KL fors\u00f8ger sig med l\u00f8sninger, der er \u201cp\u00e5 kanten\u201d.<\/strong><\/em><!--more--><\/p>\n<p>Mange mennesker med handica\u00e5 holder lige nu \u00f8je med\u00a0nogle f\u00e5\u00a0kommuner. Enkelte er altid i stand til at tiltr\u00e6kke sig\u00a0opm\u00e6rksomhed. Ikke mindst Aarhus.\u00a0De har\u00a0en\u00a0ildhu og et g\u00e5p\u00e5-mod, som det sj\u00e6ldent f\u00f8r er\u00a0set, n\u00e5r det g\u00e6lder Borgerstyret Personlig Assistance (BPA). Deres forhold til BPA har\u00a0i en \u00e5rr\u00e6kke v\u00e6ret s\u00e6rdeles\u00a0ansp\u00e6ndt.<\/p>\n<p>Det er ret skr\u00e6mmende, at det er Aarhus, der er blevet en af de mest ih\u00e6rdige kommuner i fors\u00f8gene p\u00e5 at underminere den hj\u00e6lperordning, som man var foregangskommune for at indf\u00f8re tilbage i 70\u2019erne. Dengang\u00a0h\u00f8stede man\u00a0mange roser for det og den fik i mange \u00e5r navnet &#8220;\u00c5rhus-ordningen&#8221;1).<\/p>\n<p>Aarhus har nu f\u00e5et f\u00f8lgeskab af Favskov kommune, der i den sidste tid har gjort sig bem\u00e6rket med\u00a0deres forslag om et frikommunefors\u00f8g, de vil gennemf\u00f8re sammen med\u00a06 andre kommuner. Forslaget er at\u00a0sende dyre handicappede p\u00e5 plejehjem.<\/p>\n<p>Selve tankegangen er alvorlig, s\u00e5 det er malplaceret at g\u00f8re sig morsom p\u00e5 bekostning af den ellers\u00a0noget staklede kommune, der nu i flere omgange har m\u00e5ttet \u00e6ndre p\u00e5, hvad det egentlig er, de vil med projektet.<\/p>\n<p>Der er tale om\u00a0nogle meget kontante l\u00f8sninger, hvor tanken er: vi har\u00a0en gruppe borgere, der koster kommunen mange penge. Det l\u00f8ser vi ved at fjerne dem fra deres eget hjem. P\u00e5 den m\u00e5de\u00a0spares borgerne i Favrskov\u00a0kommune for mange un\u00f8dige udgifter.<\/p>\n<p>Et paradoks er, at man kun t\u00e6nker i \u00f8konomimodeller og glemmer at se p\u00e5 retssikkerhed og livsudfoldelse disse mennesker har i dag\u00a0&#8211;\u00a0en ret vi ellers har v\u00e6ret f\u00e6lles om at\u00a0st\u00e5 fast p\u00e5, at mennesker med handicap ogs\u00e5 skal have.<\/p>\n<p>Vurderingen er tilsyneladende, at det skal v\u00e6re legalt at v\u00e6gte, hvor godt en liv er, n\u00e5r man har alvorlig handicap eller sygdom &#8211; og at det er OK at fjerne \u00a0selv\u00a0de f\u00e5 muligheder, man har tilbage i sin livsudfoldelse af hensyn til \u00f8konomi.\u00a0Modellen peger samtidig ogs\u00e5 i en helt anden retning end\u00a0den\u00a0inklusion, der andre steder i samfundet\u00a0er et m\u00e5l.<\/p>\n<p>Kommunerne fors\u00f8ger at l\u00f8se\u00a0et\u00a0\u00f8konomisk\u00a0et problem. De glemmer vores rettigheder,\u00a0der bliver sat til side eller er totalt frav\u00e6rende. Den \u00f8konomiske side m\u00e5 vi omvendt heller ikke negligere.\u00a0Det betyder langt\u00a0fra, at vi skal acceptere alle de ideer kommunerne har. Vi skal fastholde at \u00f8konomi og rettigheder h\u00f8rer sammen.<\/p>\n<p>Mens vi retter \u00f8jnene mod enkelte ekstraordin\u00e6rt uvorne kommuner, er der andre, der arbejder med modeller,\u00a0der p\u00e5 sigt ogs\u00e5\u00a0kan vise sig at v\u00e6re undergravende for os. De er dog mere p\u00e5passelige med medieomtaler og har knapt s\u00e5 svulstige argumenter. Specielt efter man har set den medfart som Favrskov fik. M\u00e5let er dog stadig at begr\u00e6nse \u00f8konomien og f\u00e5 anbragt svage grupper i plejetilbud.<\/p>\n<p>Der er intet unaturligt i, at kommuner pr\u00f8ver at l\u00f8se deres opgaver p\u00e5 nye m\u00e5der &#8211; og spare penge for den sags skyld. Det har man n\u00e6rmest altid gjort, men det har v\u00e6ret inden for nogle rammer og med et vist filter, som man i denne sammenh\u00e6ng har smidt ad h\u2026\u2026 til.<\/p>\n<p>Det er ikke holdbart i l\u00e6ngden, at kommunerne og deres forening KL\u00a0fors\u00f8ger sig med l\u00f8sninger, der er \u201cp\u00e5 kanten\u201d eller direkte\u00a0ulovlige.<\/p>\n<p>Vil man noget, der kan bruges i virkeligheden, m\u00e5 man ryste op med l\u00f8sninger, der respekterer b\u00e5de mennesker og\u00a0den g\u00e6ldende\u00a0sociallovgivning, vi har her i landet. I stedet sl\u00e5r man ned p\u00e5 enkelte s\u00e6rligt s\u00e5rbare\u00a0grupper og spreder angst.<\/p>\n<p>&nbsp;<\/p>\n<ol>\n<li>\n<h6>L\u00e6s J\u00f8rgen Lengers fremragende artikel: &#8220;<a href=\"http:\/\/modkraft.dk\/blogindl\u00e6g\/mennesker-med-et-handicap-erobrede-selv-deres-frihed\" target=\"_blank\">Mennesker med et handicap erobrede selv deres frihed<\/a>&#8221; &#8211; artiklen s\u00e6tter hele ordningen i perspektiv.<\/h6>\n<\/li>\n<\/ol>\n","protected":false},"excerpt":{"rendered":"<p>Enkelte kommuner er altid i stand til at tiltr\u00e6kke sig opm\u00e6rksomhed. Ikke mindst Aarhus. De har nu f\u00e5et f\u00f8lgeskab af Favskov kommune, der har foresl\u00e5et at sende dyre handicappede p\u00e5 plejehjem. Kommunerne fors\u00f8ger at l\u00f8se et \u00f8konomisk problem og glemmer &hellip; <a href=\"https:\/\/jan-jakobsen.dk\/?p=6623\">L\u00e6s resten <span class=\"meta-nav\">&rarr;<\/span><\/a><\/p>\n","protected":false},"author":3,"featured_media":6307,"comment_status":"open","ping_status":"open","sticky":false,"template":"","format":"standard","meta":{"footnotes":""},"categories":[4,3,1],"tags":[652,657,651,653,654,655,656,627,52],"class_list":["post-6623","post","type-post","status-publish","format-standard","has-post-thumbnail","hentry","category-blog","category-handicapdebat","category-uncategorized","tag-aarhus","tag-aarhus-ordningen","tag-borgerstyret-personlig-assistance-bpa","tag-favskov","tag-frikommuneforsoeg","tag-handicappede","tag-hjaelperordning","tag-plejehjem","tag-okonomi"],"_links":{"self":[{"href":"https:\/\/jan-jakobsen.dk\/index.php?rest_route=\/wp\/v2\/posts\/6623","targetHints":{"allow":["GET"]}}],"collection":[{"href":"https:\/\/jan-jakobsen.dk\/index.php?rest_route=\/wp\/v2\/posts"}],"about":[{"href":"https:\/\/jan-jakobsen.dk\/index.php?rest_route=\/wp\/v2\/types\/post"}],"author":[{"embeddable":true,"href":"https:\/\/jan-jakobsen.dk\/index.php?rest_route=\/wp\/v2\/users\/3"}],"replies":[{"embeddable":true,"href":"https:\/\/jan-jakobsen.dk\/index.php?rest_route=%2Fwp%2Fv2%2Fcomments&post=6623"}],"version-history":[{"count":10,"href":"https:\/\/jan-jakobsen.dk\/index.php?rest_route=\/wp\/v2\/posts\/6623\/revisions"}],"predecessor-version":[{"id":6636,"href":"https:\/\/jan-jakobsen.dk\/index.php?rest_route=\/wp\/v2\/posts\/6623\/revisions\/6636"}],"wp:featuredmedia":[{"embeddable":true,"href":"https:\/\/jan-jakobsen.dk\/index.php?rest_route=\/wp\/v2\/media\/6307"}],"wp:attachment":[{"href":"https:\/\/jan-jakobsen.dk\/index.php?rest_route=%2Fwp%2Fv2%2Fmedia&parent=6623"}],"wp:term":[{"taxonomy":"category","embeddable":true,"href":"https:\/\/jan-jakobsen.dk\/index.php?rest_route=%2Fwp%2Fv2%2Fcategories&post=6623"},{"taxonomy":"post_tag","embeddable":true,"href":"https:\/\/jan-jakobsen.dk\/index.php?rest_route=%2Fwp%2Fv2%2Ftags&post=6623"}],"curies":[{"name":"wp","href":"https:\/\/api.w.org\/{rel}","templated":true}]}}