{"id":6581,"date":"2016-11-16T12:00:25","date_gmt":"2016-11-16T11:00:25","guid":{"rendered":"http:\/\/jan-jakobsen.dk\/?p=6581"},"modified":"2016-11-16T11:54:27","modified_gmt":"2016-11-16T10:54:27","slug":"vi-samles-om-indhold","status":"publish","type":"post","link":"https:\/\/jan-jakobsen.dk\/?p=6581","title":{"rendered":"Vi samles om at p\u00e5virke"},"content":{"rendered":"<p>Det er fredag. Dagen har v\u00e6ret hektisk. Pakke alt respirationsudstyr og afsted til Musholm, hvor der venter en god netv\u00e6rksweekend sammen med en masse aktive i Muskelsvindfonden fra bl.a. de lokale DH-afdelinger og Handicapr\u00e5dene ude i kommunerne.<!--more--><a href=\"https:\/\/jan-jakobsen.dk\/https:\/\/jan-jakobsen.dk\/wp-content\/uploads\/2016\/11\/15025356_10154702528739481_1421821117292982822_o.jpg\"><img loading=\"lazy\" decoding=\"async\" class=\"alignleft size-medium wp-image-6611\" src=\"https:\/\/jan-jakobsen.dk\/https:\/\/jan-jakobsen.dk\/wp-content\/uploads\/2016\/11\/15025356_10154702528739481_1421821117292982822_o-300x169.jpg\" alt=\"15025356_10154702528739481_1421821117292982822_o\" width=\"300\" height=\"169\" srcset=\"https:\/\/jan-jakobsen.dk\/http:\/\/jan-jakobsen.dk\/wp-content\/uploads\/2016\/11\/15025356_10154702528739481_1421821117292982822_o-300x169.jpg 300w, https:\/\/jan-jakobsen.dk\/http:\/\/jan-jakobsen.dk\/wp-content\/uploads\/2016\/11\/15025356_10154702528739481_1421821117292982822_o-620x349.jpg 620w, https:\/\/jan-jakobsen.dk\/http:\/\/jan-jakobsen.dk\/wp-content\/uploads\/2016\/11\/15025356_10154702528739481_1421821117292982822_o.jpg 2000w\" sizes=\"auto, (max-width: 300px) 100vw, 300px\" \/><\/a>Det blev en sp\u00e6ndende weekend, hvor der ikke mindst blev lejlighed til at f\u00e5 et overblik over alt det, der sker ude i kommunerne og de mange forskellige udfordringer vi st\u00e5r over for.<\/p>\n<p>Jeg vil sk\u00e5ne for\u00a0en systematisk gennemgang af weekend&#8217;en, men fors\u00f8ge at sl\u00e5 ned de steder, hvor jeg ser, vi er n\u00f8dt til at g\u00f8re vores indflydelse g\u00e6ldende fremover.<\/p>\n<p><a href=\"https:\/\/jan-jakobsen.dk\/https:\/\/jan-jakobsen.dk\/wp-content\/uploads\/2016\/11\/15002324_10154702529934481_7292222333118162003_o.jpg\"><img loading=\"lazy\" decoding=\"async\" class=\"alignright size-medium wp-image-6607\" src=\"https:\/\/jan-jakobsen.dk\/https:\/\/jan-jakobsen.dk\/wp-content\/uploads\/2016\/11\/15002324_10154702529934481_7292222333118162003_o-300x169.jpg\" alt=\"15002324_10154702529934481_7292222333118162003_o\" width=\"300\" height=\"169\" srcset=\"https:\/\/jan-jakobsen.dk\/http:\/\/jan-jakobsen.dk\/wp-content\/uploads\/2016\/11\/15002324_10154702529934481_7292222333118162003_o-300x169.jpg 300w, https:\/\/jan-jakobsen.dk\/http:\/\/jan-jakobsen.dk\/wp-content\/uploads\/2016\/11\/15002324_10154702529934481_7292222333118162003_o-620x349.jpg 620w, https:\/\/jan-jakobsen.dk\/http:\/\/jan-jakobsen.dk\/wp-content\/uploads\/2016\/11\/15002324_10154702529934481_7292222333118162003_o.jpg 2000w\" sizes=\"auto, (max-width: 300px) 100vw, 300px\" \/><\/a>Mit indtryk er, at mange aktive i Muskelsvindfonden oplever &#8220;frustrationer&#8221; for fremtiden. Is\u00e6r\u00a0den generation af aldrende handicappolitisk aktive, jeg selv tilh\u00f8rer, har en nerv\u00f8sitet for, hvad der sker, n\u00e5r vi ikke orker mere. Jeg deler ikke helt bekymringen. Vi har mange unge, der er s\u00e6rdeles aktive b\u00e5de n\u00e5r det g\u00e6lder handicappolitik og v\u00e6re synlige i samfundet.<\/p>\n<p><a href=\"https:\/\/jan-jakobsen.dk\/https:\/\/jan-jakobsen.dk\/wp-content\/uploads\/2016\/11\/15039647_10154702529139481_6521564191075458979_o.jpg\"><img loading=\"lazy\" decoding=\"async\" class=\"alignleft size-medium wp-image-6608\" src=\"https:\/\/jan-jakobsen.dk\/https:\/\/jan-jakobsen.dk\/wp-content\/uploads\/2016\/11\/15039647_10154702529139481_6521564191075458979_o-300x169.jpg\" alt=\"15039647_10154702529139481_6521564191075458979_o\" width=\"300\" height=\"169\" srcset=\"https:\/\/jan-jakobsen.dk\/http:\/\/jan-jakobsen.dk\/wp-content\/uploads\/2016\/11\/15039647_10154702529139481_6521564191075458979_o-300x169.jpg 300w, https:\/\/jan-jakobsen.dk\/http:\/\/jan-jakobsen.dk\/wp-content\/uploads\/2016\/11\/15039647_10154702529139481_6521564191075458979_o-620x349.jpg 620w, https:\/\/jan-jakobsen.dk\/http:\/\/jan-jakobsen.dk\/wp-content\/uploads\/2016\/11\/15039647_10154702529139481_6521564191075458979_o.jpg 1996w\" sizes=\"auto, (max-width: 300px) 100vw, 300px\" \/><\/a>Som den generation, der er &#8220;p\u00e5 vej ud af arenaen&#8221; m\u00e5 vi ikke forvente, at unge medlemmer skal g\u00f8re, som &#8220;vi altid har gjort&#8221;. Vi skal v\u00e6re \u00e5bne for nye m\u00e5der og ikke\u00a0fastholde en forventning om, at det vi har gjort, er det eneste, der fungerer. Det handler dybest set om tillid og at turde give slip, n\u00e5r den tid kommer. Generationsskiftet\u00a0sker ikke ved pres, men vel at vise perspektiver. Her kan ikke mindst unge pr\u00e6ge. Vi skal se nye, vigtige v\u00e6rdier i\u00a0de unges indsats og fremme ideerne.<\/p>\n<p><a href=\"https:\/\/jan-jakobsen.dk\/https:\/\/jan-jakobsen.dk\/wp-content\/uploads\/2016\/11\/15000760_10154702528769481_8748903009300436853_o.jpg\"><img loading=\"lazy\" decoding=\"async\" class=\"alignright size-medium wp-image-6609\" src=\"https:\/\/jan-jakobsen.dk\/https:\/\/jan-jakobsen.dk\/wp-content\/uploads\/2016\/11\/15000760_10154702528769481_8748903009300436853_o-300x169.jpg\" alt=\"15000760_10154702528769481_8748903009300436853_o\" width=\"300\" height=\"169\" srcset=\"https:\/\/jan-jakobsen.dk\/http:\/\/jan-jakobsen.dk\/wp-content\/uploads\/2016\/11\/15000760_10154702528769481_8748903009300436853_o-300x169.jpg 300w, https:\/\/jan-jakobsen.dk\/http:\/\/jan-jakobsen.dk\/wp-content\/uploads\/2016\/11\/15000760_10154702528769481_8748903009300436853_o-620x349.jpg 620w, https:\/\/jan-jakobsen.dk\/http:\/\/jan-jakobsen.dk\/wp-content\/uploads\/2016\/11\/15000760_10154702528769481_8748903009300436853_o.jpg 1969w\" sizes=\"auto, (max-width: 300px) 100vw, 300px\" \/><\/a>Et tema p\u00e5 weekend&#8217;en var den s\u00e5kaldte hverdagsaktivisme. Evnen til at starte med udgangspunkt i os selv og helt banalt udvikle nogle aktiviteter, der st\u00f8tter vores liv med et handicap. En af de ideer, der kom frem var at skabe et net af f.eks. garvede brugere af Borgerstyret Personlig Assistance (BPA) eller garvede respiratorbrugere, der kan st\u00f8tte unge brugere. Det er ideer fyldt med perspektiver &#8211; og samtidig virke befordrende for en dialog hen over alder.<\/p>\n<p><a href=\"https:\/\/jan-jakobsen.dk\/https:\/\/jan-jakobsen.dk\/wp-content\/uploads\/2016\/11\/14991373_10154702528974481_8672476311455028241_o.jpg\"><img loading=\"lazy\" decoding=\"async\" class=\"alignleft size-medium wp-image-6610\" src=\"https:\/\/jan-jakobsen.dk\/https:\/\/jan-jakobsen.dk\/wp-content\/uploads\/2016\/11\/14991373_10154702528974481_8672476311455028241_o-300x169.jpg\" alt=\"14991373_10154702528974481_8672476311455028241_o\" width=\"300\" height=\"169\" srcset=\"https:\/\/jan-jakobsen.dk\/http:\/\/jan-jakobsen.dk\/wp-content\/uploads\/2016\/11\/14991373_10154702528974481_8672476311455028241_o-300x169.jpg 300w, https:\/\/jan-jakobsen.dk\/http:\/\/jan-jakobsen.dk\/wp-content\/uploads\/2016\/11\/14991373_10154702528974481_8672476311455028241_o-620x349.jpg 620w, https:\/\/jan-jakobsen.dk\/http:\/\/jan-jakobsen.dk\/wp-content\/uploads\/2016\/11\/14991373_10154702528974481_8672476311455028241_o.jpg 2000w\" sizes=\"auto, (max-width: 300px) 100vw, 300px\" \/><\/a>Det allervigtigste er dog at vi form\u00e5r at styrke vores indsats i kommunerne. Det er samtidig det sv\u00e6reste, for hver kommune har deres tilgang til handicap. nogle mere &#8220;kreative&#8221; og agressive end andre. Skr\u00e6keksempler her er vel Aarhus og Favrskov, men aldre kommuner r\u00f8rer ogs\u00e5 p\u00e5 sig, n\u00e5r det g\u00e6lder om at overbevise\u00a0befolkningen om, at vi er dyre og kr\u00e6vende.<\/p>\n<p>Jeg har de sidste uger v\u00e6ret med til for <a href=\"http:\/\/www.lobpa.dk\">LOBPA<\/a>\u00a0at gennemf\u00f8re en r\u00e6kke <a href=\"https:\/\/jan-jakobsen.dk\/?p=6598\">workshops<\/a>, der skal s\u00e6tte flere af os i stand til at virke som debatt\u00f8rer p\u00e5 de sociale medier. Det store &#8220;problem&#8221; er, at de fleste danskere ved for lidt om handicap og derfor bliver usikre &#8211; det giver nogle kommuner og nogle sparepolitikere et spillerum, vi kan d\u00e6mme op for b\u00e5de ved at p\u00e5virke borgere og politikere.<\/p>\n<p>P\u00e5virkningen m\u00e5 ske b\u00e5de via sociale medier men ogs\u00e5 gennem det lokale arbejde i Danske Handicaporganisationer (DH). Ikke mindst Muskelsvindfonden m\u00e5 v\u00e6re aktive &#8211; og det var netop det netv\u00e6rksweekend&#8217;en viste: at vi kan og vil. Og det er ad den vej flere f\u00e5r lyst at v\u00e6re aktive. M\u00e5let er vigtigt: kompensation og inklusion. Metoderne skifter med tiden &#8211; og det er vi n\u00f8dt til at have \u00f8je for.<\/p>\n","protected":false},"excerpt":{"rendered":"<p>Det er fredag. Dagen har v\u00e6ret hektisk. Pakke alt respirationsudstyr og afsted til Musholm, hvor der venter en god netv\u00e6rksweekend sammen med en masse aktive i Muskelsvindfonden fra bl.a. de lokale DH-afdelinger og Handicapr\u00e5dene ude i kommunerne.<\/p>\n","protected":false},"author":3,"featured_media":6307,"comment_status":"open","ping_status":"open","sticky":false,"template":"","format":"standard","meta":{"footnotes":""},"categories":[4,3,1],"tags":[650,624,649,647,412,648],"class_list":["post-6581","post","type-post","status-publish","format-standard","has-post-thumbnail","hentry","category-blog","category-handicapdebat","category-uncategorized","tag-borgerstyret-personlig-assistance","tag-bpa","tag-hverdagsaktivisme","tag-musholm","tag-muskelsvindfonden","tag-netvaerksweekend"],"_links":{"self":[{"href":"https:\/\/jan-jakobsen.dk\/index.php?rest_route=\/wp\/v2\/posts\/6581","targetHints":{"allow":["GET"]}}],"collection":[{"href":"https:\/\/jan-jakobsen.dk\/index.php?rest_route=\/wp\/v2\/posts"}],"about":[{"href":"https:\/\/jan-jakobsen.dk\/index.php?rest_route=\/wp\/v2\/types\/post"}],"author":[{"embeddable":true,"href":"https:\/\/jan-jakobsen.dk\/index.php?rest_route=\/wp\/v2\/users\/3"}],"replies":[{"embeddable":true,"href":"https:\/\/jan-jakobsen.dk\/index.php?rest_route=%2Fwp%2Fv2%2Fcomments&post=6581"}],"version-history":[{"count":7,"href":"https:\/\/jan-jakobsen.dk\/index.php?rest_route=\/wp\/v2\/posts\/6581\/revisions"}],"predecessor-version":[{"id":6606,"href":"https:\/\/jan-jakobsen.dk\/index.php?rest_route=\/wp\/v2\/posts\/6581\/revisions\/6606"}],"wp:featuredmedia":[{"embeddable":true,"href":"https:\/\/jan-jakobsen.dk\/index.php?rest_route=\/wp\/v2\/media\/6307"}],"wp:attachment":[{"href":"https:\/\/jan-jakobsen.dk\/index.php?rest_route=%2Fwp%2Fv2%2Fmedia&parent=6581"}],"wp:term":[{"taxonomy":"category","embeddable":true,"href":"https:\/\/jan-jakobsen.dk\/index.php?rest_route=%2Fwp%2Fv2%2Fcategories&post=6581"},{"taxonomy":"post_tag","embeddable":true,"href":"https:\/\/jan-jakobsen.dk\/index.php?rest_route=%2Fwp%2Fv2%2Ftags&post=6581"}],"curies":[{"name":"wp","href":"https:\/\/api.w.org\/{rel}","templated":true}]}}