{"id":6574,"date":"2016-11-13T08:00:35","date_gmt":"2016-11-13T07:00:35","guid":{"rendered":"http:\/\/jan-jakobsen.dk\/?p=6574"},"modified":"2016-11-14T04:35:41","modified_gmt":"2016-11-14T03:35:41","slug":"serviceloven-de-skal-ikke-saare-os-med-en-spydspids","status":"publish","type":"post","link":"https:\/\/jan-jakobsen.dk\/?p=6574","title":{"rendered":"Serviceloven: de skal ikke s\u00e5re os med en spydspids"},"content":{"rendered":"<p><img loading=\"lazy\" decoding=\"async\" class=\"alignleft wp-image-6588\" src=\"https:\/\/jan-jakobsen.dk\/https:\/\/jan-jakobsen.dk\/wp-content\/uploads\/2016\/11\/Ledsage-620x620.jpg\" alt=\"ledsage\" width=\"400\" height=\"400\" srcset=\"https:\/\/jan-jakobsen.dk\/http:\/\/jan-jakobsen.dk\/wp-content\/uploads\/2016\/11\/Ledsage-620x620.jpg 620w, https:\/\/jan-jakobsen.dk\/http:\/\/jan-jakobsen.dk\/wp-content\/uploads\/2016\/11\/Ledsage-150x150.jpg 150w, https:\/\/jan-jakobsen.dk\/http:\/\/jan-jakobsen.dk\/wp-content\/uploads\/2016\/11\/Ledsage-300x300.jpg 300w, https:\/\/jan-jakobsen.dk\/http:\/\/jan-jakobsen.dk\/wp-content\/uploads\/2016\/11\/Ledsage.jpg 1000w\" sizes=\"auto, (max-width: 400px) 100vw, 400px\" \/>Der er talt en del om Serviceloven i den sidste uges tid. Om den vil v\u00e6re et gode eller eller den vil forringe vilk\u00e5rene for os med handicap. Det er ogs\u00e5 sagt, at handicaporganisationerne jubler.<\/p>\n<p>Det er m\u00e5ske lidt store ord, selv om jeg selv er en af dem, der er glad for, at indsatskataloget og \u00f8get selvbestemmelse for kommunerne er r\u00f8get ud. Det er nemlig vigtigt, at vi forst\u00e5r, at det ville v\u00e6re en rigtig stejl glidebane, der for alvor ville blive en trussel mod retssikkerheden, det kunne have medf\u00f8rt. Men der er stadig meget kritisable punkter i forslaget til ny Servicelov.<!--more--><\/p>\n<p>Den allerv\u00e6rste er en anden glidebane, der <b>skal<\/b> undg\u00e5s. Det er de mange is\u00e6r udviklingsh\u00e6mmede, der har brug for ledsagelse &#8211; og\u00a0som de nu p\u00e5 forslag fra socialministeren m\u00e5 tilk\u00f8be, hvis de vil p\u00e5 f.eks. ture enkelte dage. Det er ganske alvorligt og den st\u00f8rste fejl i det nye forslag. Det bliver utroligt vigtigt, at vi st\u00e5r sammen mod dette.<\/p>\n<p>Ikke kun &#8211; men ogs\u00e5 &#8211; fordi det g\u00e5r ud over den allersvageste gruppe blandt handicappede. Konsekvensen er nemlig ogs\u00e5, at det er begyndelsen til r\u00f8vtur for os alle. Accepterer vi brugerbetaling her, er argumentet nemt: det er jo rimeligt at det s\u00e5 ogs\u00e5 kommer andre steder.<\/p>\n<p>Ogs\u00e5 derfor er det vigtigt, at vi st\u00e5r sammen imod denne spydspids, der er s\u00e5 s\u00e5rende for hele bev\u00e6gelsen. Vi skal ganske enkelt solidarisk\u00a0st\u00e5 sammen om at afvise det.<\/p>\n<p>Vi skal d\u00e6mme op for\u00a0denne uheldige udvikling hen imod brugerbetaling. Er der nogen blandt os, der ikke forst\u00e5r n\u00f8dvendigheden af helt almindelig solidaritet, s\u00e5 m\u00e5 det da i det mindste v\u00e6re til at forst\u00e5, at lykkes brugerbetaling her, s\u00e5 kommer turen ogs\u00e5 til dig selv, s\u00e5 alene af den grund er det en ide at f\u00e5 fingeren ud.<\/p>\n<p>Det g\u00f8r ikke sagen lettere, n\u00e5r ministeren f\u00e5r ros af eksempelvis af\u00a0S\u00f8lund Musik Festival, som\u00a0i \u00e5revis har k\u00e6mpet for en \u00e6ndring af serviceloven, s\u00e5 der igen bliver skabt mulighed for, at de udviklingsh\u00e6mmede m\u00e5 betale for at f\u00e5 deres kendte medhj\u00e6lpere med p\u00e5 tur. 1)<\/p>\n<p>For mig at se er det en utidig indblanding fra kommercielle interesser, der skader en rimelig ledsageordning, der giver lige muligheder, er solidarisk og kompenserende &#8211; alene p\u00e5 grund af egne sn\u00e6vre interesser.<\/p>\n<p>Det bliver sv\u00e6rere for os at k\u00e6mpe imod brugerbetaling, n\u00e5r ministeren har s\u00e5danne venner &#8211; og giver b\u00e5de ministeren og andre liberalistisk t\u00e6nkende kr\u00e6fter endnu mere blod p\u00e5 tanden i forhold til brugerbetalte l\u00f8sninger.<\/p>\n<p>Det er helt sikkert store og\u00a0vigtige opgaver, vi st\u00e5r over for i den kommende tid, men bare vi st\u00e5r sammen, s\u00e5 g\u00e5r det nok.<\/p>\n<p>&nbsp;<\/p>\n<p><em>1) Her citeret fra:\u00a0<a href=\"http:\/\/lokalavisen.dk\/laenge-ventet-revision-af-serviceloven-er-kun-en-halv-sejr-\/Regionale-nyheder\/20161107\/artikler\/711079866\/1051\">http:\/\/lokalavisen.dk\/laenge-ventet-revision-af-serviceloven-er-kun-en-halv-sejr-\/Regionale-nyheder\/20161107\/artikler\/711079866\/1051<\/a><\/em><\/p>\n<p>&nbsp;<\/p>\n","protected":false},"excerpt":{"rendered":"<p>Der er talt en del om Serviceloven i den sidste uges tid. Om den vil v\u00e6re et gode eller eller den vil forringe vilk\u00e5rene for os med handicap. Det er ogs\u00e5 sagt, at handicaporganisationerne jubler. Det er m\u00e5ske lidt store &hellip; <a href=\"https:\/\/jan-jakobsen.dk\/?p=6574\">L\u00e6s resten <span class=\"meta-nav\">&rarr;<\/span><\/a><\/p>\n","protected":false},"author":3,"featured_media":6307,"comment_status":"open","ping_status":"open","sticky":false,"template":"","format":"standard","meta":{"footnotes":""},"categories":[4,3,1],"tags":[641,640,628,639,623],"class_list":["post-6574","post","type-post","status-publish","format-standard","has-post-thumbnail","hentry","category-blog","category-handicapdebat","category-uncategorized","tag-brugerbetaling","tag-indsatskatalog","tag-ledsagelse","tag-retssikkerhed","tag-servicelov"],"_links":{"self":[{"href":"https:\/\/jan-jakobsen.dk\/index.php?rest_route=\/wp\/v2\/posts\/6574","targetHints":{"allow":["GET"]}}],"collection":[{"href":"https:\/\/jan-jakobsen.dk\/index.php?rest_route=\/wp\/v2\/posts"}],"about":[{"href":"https:\/\/jan-jakobsen.dk\/index.php?rest_route=\/wp\/v2\/types\/post"}],"author":[{"embeddable":true,"href":"https:\/\/jan-jakobsen.dk\/index.php?rest_route=\/wp\/v2\/users\/3"}],"replies":[{"embeddable":true,"href":"https:\/\/jan-jakobsen.dk\/index.php?rest_route=%2Fwp%2Fv2%2Fcomments&post=6574"}],"version-history":[{"count":9,"href":"https:\/\/jan-jakobsen.dk\/index.php?rest_route=\/wp\/v2\/posts\/6574\/revisions"}],"predecessor-version":[{"id":6592,"href":"https:\/\/jan-jakobsen.dk\/index.php?rest_route=\/wp\/v2\/posts\/6574\/revisions\/6592"}],"wp:featuredmedia":[{"embeddable":true,"href":"https:\/\/jan-jakobsen.dk\/index.php?rest_route=\/wp\/v2\/media\/6307"}],"wp:attachment":[{"href":"https:\/\/jan-jakobsen.dk\/index.php?rest_route=%2Fwp%2Fv2%2Fmedia&parent=6574"}],"wp:term":[{"taxonomy":"category","embeddable":true,"href":"https:\/\/jan-jakobsen.dk\/index.php?rest_route=%2Fwp%2Fv2%2Fcategories&post=6574"},{"taxonomy":"post_tag","embeddable":true,"href":"https:\/\/jan-jakobsen.dk\/index.php?rest_route=%2Fwp%2Fv2%2Ftags&post=6574"}],"curies":[{"name":"wp","href":"https:\/\/api.w.org\/{rel}","templated":true}]}}