{"id":6516,"date":"2016-11-04T18:00:50","date_gmt":"2016-11-04T17:00:50","guid":{"rendered":"http:\/\/jan-jakobsen.dk\/?p=6516"},"modified":"2016-11-04T15:12:28","modified_gmt":"2016-11-04T14:12:28","slug":"en-uge-med-nye-angreb-paa-mennesker-med-handicap","status":"publish","type":"post","link":"https:\/\/jan-jakobsen.dk\/?p=6516","title":{"rendered":"En uge med godt og skidt&#8230;"},"content":{"rendered":"<p><a href=\"https:\/\/jan-jakobsen.dk\/https:\/\/jan-jakobsen.dk\/wp-content\/uploads\/2016\/11\/Sk\u00e6rmbillede-2016-11-04-kl.-07.01.22.png\"><img loading=\"lazy\" decoding=\"async\" class=\"alignleft wp-image-6518\" src=\"https:\/\/jan-jakobsen.dk\/https:\/\/jan-jakobsen.dk\/wp-content\/uploads\/2016\/11\/Sk\u00e6rmbillede-2016-11-04-kl.-07.01.22-220x300.png\" alt=\"skaermbillede-2016-11-04-kl-07-01-22\" width=\"330\" height=\"450\" srcset=\"https:\/\/jan-jakobsen.dk\/http:\/\/jan-jakobsen.dk\/wp-content\/uploads\/2016\/11\/Sk\u00e6rmbillede-2016-11-04-kl.-07.01.22-220x300.png 220w, https:\/\/jan-jakobsen.dk\/http:\/\/jan-jakobsen.dk\/wp-content\/uploads\/2016\/11\/Sk\u00e6rmbillede-2016-11-04-kl.-07.01.22.png 546w\" sizes=\"auto, (max-width: 330px) 100vw, 330px\" \/><\/a>I g\u00e5r, torsdag, oplevede vi, at Favrskov Kommune vil s\u00e6tte gang i et frikommunefors\u00f8g, der if\u00f8lge DR vil betyde,\u00a0at sv\u00e6rt handicappede skal flytte ind i et bo-tilbud eller et plejehjem, hvis vedkommende har brug for mere end 20 timers hj\u00e6lp om ugen i eget hjem.<\/p>\n<p>I tirsdags kunne LEV fort\u00e6lle, at\u00a0socialministeren netop har oversendt en rapport til Folketinget med forslag til \u201cforbedret&#8221; ledsagelse efter serviceloven.\u00a0Her har man skruet prisen for helt urealistisk h\u00f8jt op\u00a0\u00a0for den\u00a0ledsagelse, der skal sikre, at alle udviklingsh\u00e6mmede kan komme p\u00e5 ferie og udflugter.<!--more--><\/p>\n<p>Men forslaget om tilk\u00f8b af socialp\u00e6dagogisk ledsagelse, som Socialminister Karen Ellemann\u00a0selv er kommet med,\u00a0f\u00e5r en positiv behandling i arbejdsgruppen. De \u00f8vrige forslag, der\u00a0styrker retten til ledsagelse, dem er\u00a0embedsm\u00e6ndene ikke begejstrede for. De g\u00f8r\u00a0sig, som LEV skriver, &#8220;meget umage for at tegne et billede af, at det vil bringe statskassen p\u00e5 randen af fallit, hvis forslagene skulle gennemf\u00f8res.\u201d Den holdning til tilk\u00f8b sl\u00e5r desv\u00e6rre ogs\u00e5 igennem i den skitse til voksenbestemmelserne i Serviceloven som blev offentliggjort tidligere p\u00e5 dagen i dag.<\/p>\n<p>Tirsdag kunne Dagbladet Information fort\u00e6lle, at\u00a0l\u00f8nnen til handicaphj\u00e6lpere skal v\u00e6re ens over hele landet.\u00a0S\u00e5dan lyder det fra Aarhus Kommune, der efterlyser\u00a0landsd\u00e6kkende takster. Det har man nu henvendt sig til social- og indenrigsminister Karen Ellemann (V) for at g\u00f8re opm\u00e6rksom p\u00e5. Det p\u00e5faldende er, at man ikke bare f\u00f8lger de\u00a0overenskomster, der svarer til omr\u00e5det, men vil have socialministeren til at gribe ind.<\/p>\n<p>Ugen b\u00f8d ogs\u00e5 p\u00e5 noget, der ikke er s\u00e5 ringe endda. Som n\u00e6vnt ovenfor\u00a0blev\u00a0skitsen til voksenbestemmelserne i Serviceloven \u00a0offentliggjort tidligere p\u00e5 dagen. Nu skal den n\u00e6rl\u00e6ses &#8211; og ikke mindst skal den oms\u00e6ttes til konkret lovgivning. Jeg er lettet over, at den ikke umiddelbart ser s\u00e5 slem ud som frygtet. Taberne bliver de, der har brug for ledsagelse, der nu m\u00e5 tilk\u00f8be. Men ogs\u00e5 denne gruppe kunne det v\u00e6re g\u00e5et endnu v\u00e6rre for, hvis der var blevet gjort alvor af indsatskatalog.<\/p>\n<p>At det ikke er g\u00e5et v\u00e6rre,\u00a0tror jeg nu nok mere\u00a0skyldes det relativt st\u00e6rke samarbejdet blandt handicaporganisationerne end noget andet.<\/p>\n<p>For knapt en uge siden deltog jeg i et m\u00f8de, hvor Henrik Dahl fra Liberal Alliance ogs\u00e5 var med i\u00a0debatten. Han afviste det som ren str\u00e5mandsretorik, da jeg sagde, at ideologisk set er de s\u00e5kaldte reformer et opg\u00f8r med velf\u00e6rdsstaten. Han sagde, at alle vil en velf\u00e6rdsstat.<\/p>\n<p>Den sidste uge har der v\u00e6ret mindst 3 anslag rettet direkte mod mennesker med handicap og\u00a0den velf\u00e6rdsstat\u00a0jeg k\u00e6mper for. Jeg er nemlig ikke, som Henrik Dahl, med i et parti, der har som et af sine fem\u00a0frihedsidealer, at\u00a0\u201cligesom man f\u00e5r mulighed for at h\u00f8ste frugterne af sin egen indsats og succes, m\u00e5 man acceptere at neds\u00e6tte sin levestandard, hvis man enten sl\u00f8ser med sine muligheder eller blot er uheldig.\u201d<\/p>\n<p>Mit sorte uheld er, at jeg er f\u00f8dt med et handicap. Men det\u00a0er ikke mig, der er str\u00e5mand &#8211; jeg tror bare p\u00e5 f\u00e6llesskabet. Det synes jeg ogs\u00e5 du skal.<\/p>\n","protected":false},"excerpt":{"rendered":"<p>I g\u00e5r, torsdag, oplevede vi, at Favrskov Kommune vil s\u00e6tte gang i et frikommunefors\u00f8g, der if\u00f8lge DR vil betyde,\u00a0at sv\u00e6rt handicappede skal flytte ind i et bo-tilbud eller et plejehjem, hvis vedkommende har brug for mere end 20 timers hj\u00e6lp &hellip; <a href=\"https:\/\/jan-jakobsen.dk\/?p=6516\">L\u00e6s resten <span class=\"meta-nav\">&rarr;<\/span><\/a><\/p>\n","protected":false},"author":3,"featured_media":0,"comment_status":"open","ping_status":"open","sticky":false,"template":"","format":"standard","meta":{"footnotes":""},"categories":[4,1],"tags":[630,620,469,628,317,627,629,540],"class_list":["post-6516","post","type-post","status-publish","format-standard","hentry","category-blog","category-uncategorized","tag-handicaphjaelpere","tag-henrik-dahl","tag-karen-ellemann","tag-ledsagelse","tag-liberal-alliance","tag-plejehjem","tag-udviklingshaemmede","tag-velfaerdsstat"],"_links":{"self":[{"href":"https:\/\/jan-jakobsen.dk\/index.php?rest_route=\/wp\/v2\/posts\/6516","targetHints":{"allow":["GET"]}}],"collection":[{"href":"https:\/\/jan-jakobsen.dk\/index.php?rest_route=\/wp\/v2\/posts"}],"about":[{"href":"https:\/\/jan-jakobsen.dk\/index.php?rest_route=\/wp\/v2\/types\/post"}],"author":[{"embeddable":true,"href":"https:\/\/jan-jakobsen.dk\/index.php?rest_route=\/wp\/v2\/users\/3"}],"replies":[{"embeddable":true,"href":"https:\/\/jan-jakobsen.dk\/index.php?rest_route=%2Fwp%2Fv2%2Fcomments&post=6516"}],"version-history":[{"count":5,"href":"https:\/\/jan-jakobsen.dk\/index.php?rest_route=\/wp\/v2\/posts\/6516\/revisions"}],"predecessor-version":[{"id":6529,"href":"https:\/\/jan-jakobsen.dk\/index.php?rest_route=\/wp\/v2\/posts\/6516\/revisions\/6529"}],"wp:attachment":[{"href":"https:\/\/jan-jakobsen.dk\/index.php?rest_route=%2Fwp%2Fv2%2Fmedia&parent=6516"}],"wp:term":[{"taxonomy":"category","embeddable":true,"href":"https:\/\/jan-jakobsen.dk\/index.php?rest_route=%2Fwp%2Fv2%2Fcategories&post=6516"},{"taxonomy":"post_tag","embeddable":true,"href":"https:\/\/jan-jakobsen.dk\/index.php?rest_route=%2Fwp%2Fv2%2Ftags&post=6516"}],"curies":[{"name":"wp","href":"https:\/\/api.w.org\/{rel}","templated":true}]}}