{"id":6448,"date":"2016-10-10T05:22:08","date_gmt":"2016-10-10T03:22:08","guid":{"rendered":"http:\/\/jan-jakobsen.dk\/?p=6448"},"modified":"2016-10-10T07:11:59","modified_gmt":"2016-10-10T05:11:59","slug":"hvorfor-skulle-vi-vaere-ofre-fordi-vi-har-et-handicap-karsten-lauritzen","status":"publish","type":"post","link":"https:\/\/jan-jakobsen.dk\/?p=6448","title":{"rendered":"Hvorfor skulle vi v\u00e6re ofre, fordi vi har et handicap, Karsten Lauritzen?"},"content":{"rendered":"<p><a href=\"https:\/\/jan-jakobsen.dk\/https:\/\/jan-jakobsen.dk\/wp-content\/uploads\/2016\/10\/screenshot.png\"><img loading=\"lazy\" decoding=\"async\" class=\"alignleft wp-image-6450\" src=\"https:\/\/jan-jakobsen.dk\/https:\/\/jan-jakobsen.dk\/wp-content\/uploads\/2016\/10\/screenshot.png\" alt=\"screenshot\" width=\"300\" height=\"506\" srcset=\"https:\/\/jan-jakobsen.dk\/http:\/\/jan-jakobsen.dk\/wp-content\/uploads\/2016\/10\/screenshot.png 479w, https:\/\/jan-jakobsen.dk\/http:\/\/jan-jakobsen.dk\/wp-content\/uploads\/2016\/10\/screenshot-178x300.png 178w\" sizes=\"auto, (max-width: 300px) 100vw, 300px\" \/><\/a>Ordene &#8220;Jeg er ordblind, men jeg er ikke et offer\u201d er overskriften p\u00e5\u00a0et interview i Politiken 8. oktober i \u00e5r med skatteminister Karsten Lauritzen (V). I interviewet fort\u00e6ller han, at han har haft sv\u00e6rt ved at l\u00e6se og har store vanskeligheder med stavning og grammatik. Han er tr\u00e6t af, n\u00e5r folk s\u00e6tter lighedstegn mellem hans stavning og intelligens.<\/p>\n<p>Jeg har stor respekt for at han har valgt at fort\u00e6lle om dette usynlige handicap, som selvf\u00f8lgelig har v\u00e6ret af temmelig indgribende karakter hele hans liv. Jeg deler ikke forargelsen over ikke at kunne stave, selv om man er minister. Jeg tror tv\u00e6rtimod at\u00a0Karsten Lauritzens historie kan v\u00e6re med til at f\u00e5 andre til at tage kampen op mod vilk\u00e5r som ordblind, der ellers kan virke som et st\u00e6rkt begr\u00e6nsende handicap.<\/p>\n<p>Men nok om det, for det er slet ikke det, der fik mig til tasterne. Det var de sidste 6 ord i overskriften: \u201c\u2026men jeg er ikke et offer\u2026&#8221;<!--more--><\/p>\n<p>Offer &#8211; er man pr. definition offer, bare fordi man er ordblind, og alts\u00e5 har et handicap? Og hvorfor bliver det s\u00e5 vigtigt at distancere sig fra andre med lignende handicaps, som det lille afsl\u00f8rende ord\u00a0\u201cmen\u201d fort\u00e6ller, at\u00a0Karsten Lauritzen\u00a0reelt gerne vil?<\/p>\n<p>Overskriften er jo ikke grebet ud af luften og i l\u00f8bet af interviewet vendes der ogs\u00e5 tilbage til emnet, idet<br \/>\n\u201c&#8230;Lauritzen understreger, at han ikke vil ynkes eller blive opfattet som et offer for sit mangelfulde skriftsprog.<br \/>\n\u00bbJeg vil simpelthen ikke puttes ned i den der kasse\u00ab, siger ministeren.<br \/>\nOmvendt l\u00e6gger han ikke skjul p\u00e5, at han bliver ked af det, n\u00e5r folk p\u00e5 de sociale medier kobler hans skriftlige form\u00e5en sammen med en p\u00e5stand om inkompetence eller manglende intelligens\u2026&#8221;<\/p>\n<p>F\u00f8rst her synes jeg, at\u00a0Karsten Lauritzen begynder at vove sig ud i noget, der for alvor er problematisk, fordi han p\u00e5 den ene side gerne indr\u00f8mmer, at han har et handicap, mens\u00a0han p\u00e5 den anden side ikke vil rubriceres som offer fordi han har det. Mit sp\u00f8rgsm\u00e5l er s\u00e5: Hvor mange af os andre, der har et handicap, tror Karsten Lauritzen gerne vil rubriceres som ofre?<\/p>\n<p>Synspunktet,\u00a0Karsten Lauritzen g\u00f8r sig til talsmand for, er ikke noget, der er ukendt, men mest et synspunkt, der er velkendt blandt ikke-handicappedes syn p\u00e5 mennesker med handicap. Et syn, der ofte bygger p\u00e5 stereotype opfattelser af mennesker med handicap. Af netop samme grund satte Det Centrale Handicapr\u00e5d netop fokus p\u00e5 dette og ikke mindst p\u00e5 opfattelsen af handicap, som det\u00a0fremstod\u00a0&#8211; og alts\u00e5 tilsyneladende stadig fremst\u00e5r &#8211; i mediebilledet.<\/p>\n<p>I forbindelse med, at\u00a0Det Centrale Handicapr\u00e5dpr\u00e6senterede deres tema, skrev man, at\u00a0\u201c ..unders\u00f8gelser fra andre lande viser, at mennesker med handicap sj\u00e6ldent har en neutral rolle i mediebilledet. De bliver ofte vist enten i en offerrolle eller som eksempel p\u00e5 et liv, der leves p\u00e5 trods af omst\u00e6ndighederne. Desuden repr\u00e6senteres mennesker med handicap ikke antalsm\u00e6ssigt svarende til, hvor stor en del af befolkningen, der har et handicap\u2026&#8221;<\/p>\n<p>En pointe, som\u00a0Det Centrale Handicapr\u00e5ddrog frem med deres tema var, at\u00a0\u201c&#8230;den m\u00e5de, vi allesammen bliver pr\u00e6senteret p\u00e5 i medierne, har betydning for, hvordan vi allesammen opfatter hinanden. Og bliver man underrepr\u00e6senteret eller pr\u00e6senteret som offer, kan det have negativ betydning for ens mulighed for at deltage i samfundet p\u00e5 lige fod med andre\u2026&#8221;<\/p>\n<p>Jeg synes, det er sv\u00e6rt at uddrage meget klare holdninger af\u00a0Karsten Lauritzens udtalelser, der placerer ham som diskriminerende i forhold til mennesker med handicap, men vil, med baggrund i hans egen beretning og egne oplevelser med at blive rubriceret som dum, fordi han har sv\u00e6rt ved at stave, godt kunnet have forventet lidt mere reflektion over, hvem og hvad, der er med til at skabe billederne som ofre.<\/p>\n<p>Jeg opfatter ikke mig selv som offer, fordi jeg har et handicap. Omvendt opfatter jeg heller ikke mig selv som eneren, der ensomt men st\u00e6digt har k\u00e6mpet mig ud af rollen som offer. Jeg ved nemlig, at det hverken er mig eller de tusindvis af andre, der har et handicap, der fastholder os selv i offerrollen. Den reflektion kunne jeg godt have forventet mig af en minister, der ikke er dum. I stedet h\u00f8rer jeg en minister, der siger, at <strong><em>han<\/em><\/strong> ihvertfald ikke er offer &#8211; distancerer sig fra os, som s\u00e5 m\u00e5 v\u00e6re det i hans optik, og politisk fastholder os i den fastl\u00e5ste rolle.<\/p>\n","protected":false},"excerpt":{"rendered":"<p>Ordene &#8220;Jeg er ordblind, men jeg er ikke et offer\u201d er overskriften p\u00e5\u00a0et interview i Politiken 8. oktober i \u00e5r med skatteminister Karsten Lauritzen (V). I interviewet fort\u00e6ller han, at han har haft sv\u00e6rt ved at l\u00e6se og har store &hellip; <a href=\"https:\/\/jan-jakobsen.dk\/?p=6448\">L\u00e6s resten <span class=\"meta-nav\">&rarr;<\/span><\/a><\/p>\n","protected":false},"author":3,"featured_media":6307,"comment_status":"open","ping_status":"open","sticky":false,"template":"","format":"standard","meta":{"footnotes":""},"categories":[4,3,1],"tags":[178,604,62,605],"class_list":["post-6448","post","type-post","status-publish","format-standard","has-post-thumbnail","hentry","category-blog","category-handicapdebat","category-uncategorized","tag-handicap-2","tag-karsten-lauritzen","tag-offer","tag-ordblind"],"_links":{"self":[{"href":"https:\/\/jan-jakobsen.dk\/index.php?rest_route=\/wp\/v2\/posts\/6448","targetHints":{"allow":["GET"]}}],"collection":[{"href":"https:\/\/jan-jakobsen.dk\/index.php?rest_route=\/wp\/v2\/posts"}],"about":[{"href":"https:\/\/jan-jakobsen.dk\/index.php?rest_route=\/wp\/v2\/types\/post"}],"author":[{"embeddable":true,"href":"https:\/\/jan-jakobsen.dk\/index.php?rest_route=\/wp\/v2\/users\/3"}],"replies":[{"embeddable":true,"href":"https:\/\/jan-jakobsen.dk\/index.php?rest_route=%2Fwp%2Fv2%2Fcomments&post=6448"}],"version-history":[{"count":8,"href":"https:\/\/jan-jakobsen.dk\/index.php?rest_route=\/wp\/v2\/posts\/6448\/revisions"}],"predecessor-version":[{"id":6457,"href":"https:\/\/jan-jakobsen.dk\/index.php?rest_route=\/wp\/v2\/posts\/6448\/revisions\/6457"}],"wp:featuredmedia":[{"embeddable":true,"href":"https:\/\/jan-jakobsen.dk\/index.php?rest_route=\/wp\/v2\/media\/6307"}],"wp:attachment":[{"href":"https:\/\/jan-jakobsen.dk\/index.php?rest_route=%2Fwp%2Fv2%2Fmedia&parent=6448"}],"wp:term":[{"taxonomy":"category","embeddable":true,"href":"https:\/\/jan-jakobsen.dk\/index.php?rest_route=%2Fwp%2Fv2%2Fcategories&post=6448"},{"taxonomy":"post_tag","embeddable":true,"href":"https:\/\/jan-jakobsen.dk\/index.php?rest_route=%2Fwp%2Fv2%2Ftags&post=6448"}],"curies":[{"name":"wp","href":"https:\/\/api.w.org\/{rel}","templated":true}]}}