{"id":6399,"date":"2016-10-05T06:00:26","date_gmt":"2016-10-05T04:00:26","guid":{"rendered":"http:\/\/jan-jakobsen.dk\/?p=6399"},"modified":"2016-10-10T07:18:17","modified_gmt":"2016-10-10T05:18:17","slug":"tryk-skal-avle-modtryk","status":"publish","type":"post","link":"https:\/\/jan-jakobsen.dk\/?p=6399","title":{"rendered":"Tryk skal avle modtryk"},"content":{"rendered":"<p><a href=\"https:\/\/jan-jakobsen.dk\/https:\/\/jan-jakobsen.dk\/wp-content\/uploads\/2016\/10\/IMG_3504-kopi-1.jpg\"><img loading=\"lazy\" decoding=\"async\" class=\"alignleft size-large wp-image-6405\" src=\"https:\/\/jan-jakobsen.dk\/https:\/\/jan-jakobsen.dk\/wp-content\/uploads\/2016\/10\/IMG_3504-kopi-1-620x326.jpg\" alt=\"img_3504-kopi\" width=\"620\" height=\"326\" srcset=\"https:\/\/jan-jakobsen.dk\/http:\/\/jan-jakobsen.dk\/wp-content\/uploads\/2016\/10\/IMG_3504-kopi-1-620x326.jpg 620w, https:\/\/jan-jakobsen.dk\/http:\/\/jan-jakobsen.dk\/wp-content\/uploads\/2016\/10\/IMG_3504-kopi-1-300x158.jpg 300w, https:\/\/jan-jakobsen.dk\/http:\/\/jan-jakobsen.dk\/wp-content\/uploads\/2016\/10\/IMG_3504-kopi-1.jpg 1195w\" sizes=\"auto, (max-width: 620px) 100vw, 620px\" \/><\/a><br \/>\nTirsdag 4. oktober var jeg\u00a0p\u00e5 Christiansborg Slotsplads til demonstrationen &#8220;Ja til velf\u00e6rd &#8211; Nej til fattigdom&#8221;. Anledningen var\u00a0Folketingets \u00e5bning. I virkelighedens verden et meget konkret\u00a0symbol p\u00e5, at nu starter folketingets flertal endnu en s\u00e6son af overgreb mod os. De tidligere har v\u00e6ret slemme nok &#8211; og desv\u00e6rre tror jeg kun at vi endnu har set toppen af det isbjerg, der stikker meget dybt.<!--more--><\/p>\n<p>Jeg er bestemt ingen tilh\u00e6nger af, at vi skal male fanden p\u00e5 v\u00e6ggen og g\u00f8re\u00a0mennesker, der i forvejen er i en meget sv\u00e6r situation endnu mere forskr\u00e6mte. Det tjener ikke noget form\u00e5l. Omvendt ved jeg, at det ikke nytter\u00a0at afst\u00e5 fra at g\u00f8re det klart, hvor alvorlig situationen er. Det g\u00e6lder ikke mindst for mennesker\u00a0med forskellige former handicap.<\/p>\n<p>Forude venter, godt presset af ikke mindst Kommunernes Landsforening, krav om at lette det kommunale udgiftstryk p\u00e5 handicapomr\u00e5det. Dette pres har st\u00e5et p\u00e5 temmeligt\u00a0m\u00e5lrettet siden kommunalreformen blev gennemf\u00f8rt. Kommunerne skulle dengang tage stilling til, hvilke opgaver de \u00f8nskede at tage p\u00e5 &#8220;deres skuldre&#8221;. Dengang var der ingen rysten p\u00e5 h\u00e6nderne &#8211; og n\u00e6sten ingen gr\u00e6nser for kommunal kunnen. Det varede dog kun indtil selve fordelingen af opgaverne var p\u00e5 plads.<\/p>\n<div id=\"attachment_6407\" style=\"width: 380px\" class=\"wp-caption alignleft\"><a href=\"https:\/\/jan-jakobsen.dk\/https:\/\/jan-jakobsen.dk\/wp-content\/uploads\/2016\/10\/240397_10150213832694481_2987518_o.jpg\"><img loading=\"lazy\" decoding=\"async\" aria-describedby=\"caption-attachment-6407\" class=\"wp-image-6407\" src=\"https:\/\/jan-jakobsen.dk\/https:\/\/jan-jakobsen.dk\/wp-content\/uploads\/2016\/10\/240397_10150213832694481_2987518_o-285x300.jpg\" alt=\"240397_10150213832694481_2987518_o\" width=\"370\" height=\"390\" srcset=\"https:\/\/jan-jakobsen.dk\/http:\/\/jan-jakobsen.dk\/wp-content\/uploads\/2016\/10\/240397_10150213832694481_2987518_o-285x300.jpg 285w, https:\/\/jan-jakobsen.dk\/http:\/\/jan-jakobsen.dk\/wp-content\/uploads\/2016\/10\/240397_10150213832694481_2987518_o-620x654.jpg 620w, https:\/\/jan-jakobsen.dk\/http:\/\/jan-jakobsen.dk\/wp-content\/uploads\/2016\/10\/240397_10150213832694481_2987518_o.jpg 683w\" sizes=\"auto, (max-width: 370px) 100vw, 370px\" \/><\/a><p id=\"caption-attachment-6407\" class=\"wp-caption-text\">1. juni 2011 &#8211; over 700 mennesker var samlet p\u00e5 Hotel Nyborg Strand med \u00e9t m\u00e5l: &#8220;Stop hetzen mod mennesker med handicap og socialt udsatte&#8221;. Her er taleren tidligere socialminister Palle Simonsen.<\/p><\/div>\n<p>Siden har det v\u00e6ret en konstant kamp, hvor de gammelkendte temaer, som KL n\u00e6rmest pr. refleks spytter ud i pressen, kommer p\u00e5 banen ved enhver given lejlighed. En del af kommunernes\u00a0og KLs krav om mindre\u00a0udgiftstryk p\u00e5 handicapomr\u00e5det er, at nu ogs\u00e5 Serviceloven skal reformeres, som det s\u00e5 k\u00e6kt hedder. Bag reform ligger massive besparelser p\u00e5 de offentlige ydelser.<\/p>\n<p>Et kort view ud i verden viser, at det ikke kun i Danmark, der er v\u00e6sentlige krav om begr\u00e6nsning af offentlige ydelser. Det ligger f.eks. ogs\u00e5 i England, hvor sociale ydelser og muligheder inden for\u00a0handicapomr\u00e5det er faldet drastisk. Blot \u00e9t enkelt eksempel p\u00e5 at EUs budgetlove med overnationale krav om besparelser p\u00e5 de offentlige udgifter ogs\u00e5 sl\u00e5r igennem.<\/p>\n<p>Det er muligt at vi var mange, der deltog tirsdagens demonstration. Vi\u00a0er bare n\u00f8dt\u00a0til at erkende, at vi var alt for f\u00e5 til at det g\u00f8r nogen form for indtryk p\u00e5 magthaverne. Et argument for, at de bliver h\u00e6ngende ved magten&#8230; de tager det som et tegn p\u00e5, at vi er glade for deres &#8220;indsats&#8221; og m\u00e5ske som en stiltiende accept af tingenes tilstand. Noget man ikke kan fort\u00e6nke dem i, hvis det ikke lige var for den konstante murren og utilfredshed, der er bl.a. p\u00e5 de sociale medier.<\/p>\n<p>Her fort\u00e6lles nemlig en helt anden virkelighed om dyb frustration og frygt for fremtiden, som findes ikke mindst blandt mennesker\u00a0med handicap. En fort\u00e6lling, der mangler at blive omsat fra individuel frustration til organiseret handling. Den trussel, vi sammen med mange andre kunne udg\u00f8re mod b\u00e5de den siddende Venstre-regering og den tidligere socialdemokratisk ledede regering.<\/p>\n<p>Demonstrationer g\u00f8r det ikke alene. Det kr\u00e6ver meget mere. Men det faktum, at vi viser, at vi er i stand til at handle sammen med andre, er et vigtigt signal henimod et opg\u00f8r med den desorganisering og det indtryk af mangel p\u00e5 engagement, som fremst\u00e5r lige nu. Havde vi med handicap v\u00e6ret st\u00e6rkt repr\u00e6senterede og synlige 4. oktober, ville regeringen ikke v\u00e6re i tvivl om, at vi ikke er enige i deres m\u00e5de at administrere vores liv og muligheder p\u00e5.<\/p>\n<p><a href=\"https:\/\/jan-jakobsen.dk\/https:\/\/jan-jakobsen.dk\/wp-content\/uploads\/2016\/10\/IMG_3523.jpg\"><img loading=\"lazy\" decoding=\"async\" class=\"alignleft size-large wp-image-6411\" src=\"https:\/\/jan-jakobsen.dk\/https:\/\/jan-jakobsen.dk\/wp-content\/uploads\/2016\/10\/IMG_3523-620x362.jpg\" alt=\"img_3523\" width=\"620\" height=\"362\" srcset=\"https:\/\/jan-jakobsen.dk\/http:\/\/jan-jakobsen.dk\/wp-content\/uploads\/2016\/10\/IMG_3523-620x362.jpg 620w, https:\/\/jan-jakobsen.dk\/http:\/\/jan-jakobsen.dk\/wp-content\/uploads\/2016\/10\/IMG_3523-300x175.jpg 300w\" sizes=\"auto, (max-width: 620px) 100vw, 620px\" \/><\/a>Jeg ved godt, at nogen synes, at demonstrationer og manifestationer\u00a0h\u00f8rer &#8220;fortiden til&#8221;. S\u00e5 m\u00e5 I bare anvise andre og bedre veje, der virker. Det er klart, at mangel p\u00e5 initiativer virker som accept. Det er derfor n\u00f8dvendigt at reagere p\u00e5 trykket og at vi viser selvst\u00e6ndige initiativer, der ikke er til at tage fejl af. Vi selv bliver styrket. Andre bliver opm\u00e6rksomme p\u00e5 os som solidariske medspillere, der er mere end optaget af os selv. Vi er i bev\u00e6gelse og med til at bev\u00e6ge. Vi avler modtrykket.<\/p>\n","protected":false},"excerpt":{"rendered":"<p>Tirsdag 4. oktober var jeg\u00a0p\u00e5 Christiansborg Slotsplads til demonstrationen &#8220;Ja til velf\u00e6rd &#8211; Nej til fattigdom&#8221;. Anledningen var\u00a0Folketingets \u00e5bning. I virkelighedens verden et meget konkret\u00a0symbol p\u00e5, at nu starter folketingets flertal endnu en s\u00e6son af overgreb mod os. De tidligere &hellip; <a href=\"https:\/\/jan-jakobsen.dk\/?p=6399\">L\u00e6s resten <span class=\"meta-nav\">&rarr;<\/span><\/a><\/p>\n","protected":false},"author":3,"featured_media":6307,"comment_status":"open","ping_status":"open","sticky":false,"template":"","format":"standard","meta":{"footnotes":""},"categories":[4,1],"tags":[595,599,594,596,597,172,598],"class_list":["post-6399","post","type-post","status-publish","format-standard","has-post-thumbnail","hentry","category-blog","category-uncategorized","tag-ja-til-velfaerd-nej-til-fattigdom","tag-budgetlove","tag-christiansborg-slotsplads","tag-folketingets-aabning","tag-kommunernes-landsforening","tag-reform","tag-serviceloven"],"_links":{"self":[{"href":"https:\/\/jan-jakobsen.dk\/index.php?rest_route=\/wp\/v2\/posts\/6399","targetHints":{"allow":["GET"]}}],"collection":[{"href":"https:\/\/jan-jakobsen.dk\/index.php?rest_route=\/wp\/v2\/posts"}],"about":[{"href":"https:\/\/jan-jakobsen.dk\/index.php?rest_route=\/wp\/v2\/types\/post"}],"author":[{"embeddable":true,"href":"https:\/\/jan-jakobsen.dk\/index.php?rest_route=\/wp\/v2\/users\/3"}],"replies":[{"embeddable":true,"href":"https:\/\/jan-jakobsen.dk\/index.php?rest_route=%2Fwp%2Fv2%2Fcomments&post=6399"}],"version-history":[{"count":9,"href":"https:\/\/jan-jakobsen.dk\/index.php?rest_route=\/wp\/v2\/posts\/6399\/revisions"}],"predecessor-version":[{"id":6415,"href":"https:\/\/jan-jakobsen.dk\/index.php?rest_route=\/wp\/v2\/posts\/6399\/revisions\/6415"}],"wp:featuredmedia":[{"embeddable":true,"href":"https:\/\/jan-jakobsen.dk\/index.php?rest_route=\/wp\/v2\/media\/6307"}],"wp:attachment":[{"href":"https:\/\/jan-jakobsen.dk\/index.php?rest_route=%2Fwp%2Fv2%2Fmedia&parent=6399"}],"wp:term":[{"taxonomy":"category","embeddable":true,"href":"https:\/\/jan-jakobsen.dk\/index.php?rest_route=%2Fwp%2Fv2%2Fcategories&post=6399"},{"taxonomy":"post_tag","embeddable":true,"href":"https:\/\/jan-jakobsen.dk\/index.php?rest_route=%2Fwp%2Fv2%2Ftags&post=6399"}],"curies":[{"name":"wp","href":"https:\/\/api.w.org\/{rel}","templated":true}]}}