{"id":6383,"date":"2016-09-26T15:03:29","date_gmt":"2016-09-26T13:03:29","guid":{"rendered":"http:\/\/jan-jakobsen.dk\/?p=6383"},"modified":"2016-10-10T07:19:46","modified_gmt":"2016-10-10T05:19:46","slug":"karen-ellemann-og-socialreformen","status":"publish","type":"post","link":"https:\/\/jan-jakobsen.dk\/?p=6383","title":{"rendered":"Karen Ellemann og reform af Serviceloven"},"content":{"rendered":"<p dir=\"auto\">Mandag 26. september kunne man l\u00e6se et uddrag af en artikel fra \u201cMandag Morgen\u201d. Selv om hele artiklen ikke er tilg\u00e6ngelig for os uden abonnement, er det nok til at fort\u00e6lle, at det drejer sig om Karen Ellemanns fors\u00f8g p\u00e5 at reformere voksenbestemmelserne i Serviceloven:<\/p>\n<p><em>&#8220;&#8230;Stor socialreform p\u00e5 vej mod forlis<br \/>\nSocial- og indenrigsminister Karen Ellemann har ambiti\u00f8se planer, men intet flertal for sin bebudede reform af serviceloven. Holder hun fast i ambitionerne, ender reformen i papirkurven. S\u00e6nker hun ambitionerne, l\u00f8ser hun ikke den opgave, kommunerne gennem mange \u00e5r har \u00f8nsket&#8230;&#8221;<\/em> (citat: Mandag Morgen, 26. september 2016).<\/p>\n<p><!--more--><\/p>\n<p>Hvis Karen Ellemann i lighed med Manu Sareen fejler p\u00e5 denne opgave, skyldes det netop den utidige sammenblanding af lovarbejde og det ekstreme pres kommunerne og deres organisation KL l\u00e6gger p\u00e5 regeringen for at g\u00f8re omr\u00e5det &#8220;styrbart&#8221;, som man kalder det.<\/p>\n<p>M\u00e5ske skulle Karen Ellemann holde sig til det, hun selv officielt siger er form\u00e5let med reformen. If\u00f8lge Karen Ellemann selv skal reformen g\u00f8re reglerne enklere, s\u00e5 de bliver lettere for sagsbehandlerne at administrere efter og nemmere for borgerne at gennemskue.<br \/>\nReformen skal ogs\u00e5 sikre en indsats, der modsvarer borgernes behov. Der er derfor krav til kommunerne om en grundig udredning af den enkelte borgers situation samt en handleplan for hj\u00e6lp, m\u00e5l og opf\u00f8lgning.<\/p>\n<p>Endelig skal reformen give kommunerne bedre muligheder for at vurdere, hvilke indsatser der skal til for at opfylde borgerens behov for hj\u00e6lp ud fra et samlet katalog over muligheder.<\/p>\n<p>Kun det sidste m\u00e5l kan blot tolkes lidt hen i retning af KLs &#8220;ambitioner&#8221;. Heller ikke her ligger, at ministeren skal g\u00e5 efter at lyde KLs dagsorden, som er \u00f8konomisk betinget og intet har med de erkl\u00e6rede m\u00e5l for reformen at g\u00f8re.<\/p>\n<p>Netop her kn\u00e6kker filmen og det er allersidste udkald for ministeren, hvis hun \u00f8nsker at f\u00e5 forhandlingerne tilbage p\u00e5 sporet&#8230; det kan dog allerede v\u00e6re for sent, hvis ministeren holder fast i at l\u00e6ne sig op ad KLs erkl\u00e6rede m\u00e5l om besparelser og de begr\u00e6nsninger i borgernes retssikkerhed, det f\u00e5r som konsekvens.<\/p>\n<p>Jeg finder det beklageligt, for det bliver en konflikt, der eskalerer for hvert fejlagtige fors\u00f8g. Der ligger for mig at se v\u00e6sentlige besparelser alene i afbureaukratisering og regelforenkling, som ministeren b\u00f8r g\u00e5 efter &#8211; ganske i overensstemmelse med hendes egne m\u00e5l. Det vil styrke borgernes retssikkerhed i stedet for at sv\u00e6kke den, som Karen Elleman g\u00f8r ved at f\u00f8lge KLs dagsorden.<\/p>\n<p>For hver gang et udspil bliver taget af bordet, bliver KL endnu mere agressive i deres beskyldninger mod mennesker med handicap, fordi de ikke kommer igennem med deres dagsorden.<\/p>\n<p>Det g\u00f8r mig oprigtigt bekymret, at to ministre i tr\u00e6k i den grad er ude af stand til at holde sig til en fornuftig dagsorden i fors\u00f8gene p\u00e5 at f\u00e5 Serviceloven up-to-date.<\/p>\n<p>Jeg tror vi alle er interesseret i en reform. Bare ikke, at det bliver KL, der skal svinge taktstokken og diktere indholdet. Social- og indenrigsminister Karen Ellemann har ofte sagt, at hun \u00f8nsker at genskabe tilliden mellem borger og kommune. Mener ministeren dette i fulde alvor, s\u00e5 b\u00f8r hun ikke binde sig s\u00e5 t\u00e6t til KL, men holde sig p\u00e5 dydens smalle vej.<\/p>\n<p>Den enighed, der er om at der er brug for regelforenkling og gennemskuelighed for borgere og sagsbehandlere, m\u00e5 ikke misbruges i den kommunale \u00f8konomit\u00e6nkning. S\u00e5 l\u00e6nge det sker, m\u00e5 vi st\u00e5 sammen om at afvise forslaget. Ellers vil vi opleve, at kommunerne ser endnu mere p\u00e5 regneark end man allerede g\u00f8r. Det bliver sv\u00e6rt at opretholde retssikkerheden og d\u00e9t velf\u00e6rdssamfund, som hverken er umoderne eller uaktuelt og som et flertal stadig \u00f8nsker at bevare.<\/p>\n<p>Sparekrav l\u00f8ses ikke gennem love, n\u00e5r de s\u00e5 f\u00e5r til hensigt at begr\u00e6nse mulighederne for mennesker med handicap. Jeg sidder selv i en kommunalbestyrelse og forst\u00e5r godt, at kommunerne er klemt \u00f8konomisk. Men det problem l\u00f8ser vi ikke ved at begr\u00e6nse retssikkerheden for borgerne og ved ensidigt fokus p\u00e5 \u00f8konomi. \u00d8konomien l\u00f8ses mere reelt ved, at kommunerne itales\u00e6tter deres situation og holder fast i, at de ogs\u00e5 skal sikre borgerne den st\u00f8tte, der ligger i loven, og ikke presse dem yderligere \u00f8konomisk og menneskeligt.<\/p>\n<p>Serviceloven regulerer mulighederne for vores selvst\u00e6ndige liv med et handicap. Vi har selv et ansvar for at anskueligg\u00f8re konsekvenserne, s\u00e5 de bliver forst\u00e5elige. Vi m\u00e5 holde fast i, at vil vi fortsat v\u00e6re akt\u00f8rer i eget liv, m\u00e5 vi g\u00f8re op med den\u00a0slet skjulte \u00f8konomit\u00e6nkning og begr\u00e6nsning af retssikkerheden, som socialministeren tilsyneladende ogs\u00e5 \u00f8nsker med sin reform.<\/p>\n<p dir=\"ltr\">#muskelsvindfonden #handicapdk #dkpol #kompoldk<\/p>\n","protected":false},"excerpt":{"rendered":"<p>Mandag 26. september kunne man l\u00e6se et uddrag af en artikel fra \u201cMandag Morgen\u201d. Selv om hele artiklen ikke er tilg\u00e6ngelig for os uden abonnement, er det nok til at fort\u00e6lle, at det drejer sig om Karen Ellemanns fors\u00f8g p\u00e5 &hellip; <a href=\"https:\/\/jan-jakobsen.dk\/?p=6383\">L\u00e6s resten <span class=\"meta-nav\">&rarr;<\/span><\/a><\/p>\n","protected":false},"author":3,"featured_media":6307,"comment_status":"open","ping_status":"open","sticky":false,"template":"","format":"standard","meta":{"footnotes":""},"categories":[4,1],"tags":[575,587,588,412],"class_list":["post-6383","post","type-post","status-publish","format-standard","has-post-thumbnail","hentry","category-blog","category-uncategorized","tag-dkpol","tag-handicapdk","tag-kompoldk","tag-muskelsvindfonden"],"_links":{"self":[{"href":"https:\/\/jan-jakobsen.dk\/index.php?rest_route=\/wp\/v2\/posts\/6383","targetHints":{"allow":["GET"]}}],"collection":[{"href":"https:\/\/jan-jakobsen.dk\/index.php?rest_route=\/wp\/v2\/posts"}],"about":[{"href":"https:\/\/jan-jakobsen.dk\/index.php?rest_route=\/wp\/v2\/types\/post"}],"author":[{"embeddable":true,"href":"https:\/\/jan-jakobsen.dk\/index.php?rest_route=\/wp\/v2\/users\/3"}],"replies":[{"embeddable":true,"href":"https:\/\/jan-jakobsen.dk\/index.php?rest_route=%2Fwp%2Fv2%2Fcomments&post=6383"}],"version-history":[{"count":8,"href":"https:\/\/jan-jakobsen.dk\/index.php?rest_route=\/wp\/v2\/posts\/6383\/revisions"}],"predecessor-version":[{"id":6391,"href":"https:\/\/jan-jakobsen.dk\/index.php?rest_route=\/wp\/v2\/posts\/6383\/revisions\/6391"}],"wp:featuredmedia":[{"embeddable":true,"href":"https:\/\/jan-jakobsen.dk\/index.php?rest_route=\/wp\/v2\/media\/6307"}],"wp:attachment":[{"href":"https:\/\/jan-jakobsen.dk\/index.php?rest_route=%2Fwp%2Fv2%2Fmedia&parent=6383"}],"wp:term":[{"taxonomy":"category","embeddable":true,"href":"https:\/\/jan-jakobsen.dk\/index.php?rest_route=%2Fwp%2Fv2%2Fcategories&post=6383"},{"taxonomy":"post_tag","embeddable":true,"href":"https:\/\/jan-jakobsen.dk\/index.php?rest_route=%2Fwp%2Fv2%2Ftags&post=6383"}],"curies":[{"name":"wp","href":"https:\/\/api.w.org\/{rel}","templated":true}]}}