{"id":6367,"date":"2016-09-16T10:32:30","date_gmt":"2016-09-16T08:32:30","guid":{"rendered":"http:\/\/jan-jakobsen.dk\/?p=6367"},"modified":"2016-10-10T07:23:46","modified_gmt":"2016-10-10T05:23:46","slug":"lad-magten-smuldre","status":"publish","type":"post","link":"https:\/\/jan-jakobsen.dk\/?p=6367","title":{"rendered":"Det her handler om solidaritet"},"content":{"rendered":"<p><em>Min tale ved Velf\u00e6rdsalliancens demonstration i Ringsted 15. september 2016 :<\/em><br \/>\n<a href=\"https:\/\/jan-jakobsen.dk\/https:\/\/jan-jakobsen.dk\/wp-content\/uploads\/2016\/09\/Jan_15_sept2016.png\"><img loading=\"lazy\" decoding=\"async\" class=\"alignleft wp-image-6368\" src=\"https:\/\/jan-jakobsen.dk\/https:\/\/jan-jakobsen.dk\/wp-content\/uploads\/2016\/09\/Jan_15_sept2016-241x300.png\" alt=\"jan_15_sept2016\" width=\"350\" height=\"436\" srcset=\"https:\/\/jan-jakobsen.dk\/http:\/\/jan-jakobsen.dk\/wp-content\/uploads\/2016\/09\/Jan_15_sept2016-241x300.png 241w, https:\/\/jan-jakobsen.dk\/http:\/\/jan-jakobsen.dk\/wp-content\/uploads\/2016\/09\/Jan_15_sept2016.png 507w\" sizes=\"auto, (max-width: 350px) 100vw, 350px\" \/><\/a>Jeg kommer fra Danske Handicaporganisationer. Jeg kommer ikke kun for at fort\u00e6lle, hvor slemt handicappede har det i Danmark i dag, selv om vi alle f\u00e5r det v\u00e6rre, hvis vi ikke &#8211; sammen &#8211; g\u00f8r noget.<\/p>\n<p>Det her handler om solidaritet. Om et f\u00e6llesskab, hvor vi st\u00e5r sammen og bekymrer os for hinanden.<br \/>\nDet handler om, hvad vi kan g\u00f8re i f\u00e6llesskab. For vi har meget til f\u00e6lles: vi bliver alle presset. Af s\u00e5kaldte \u201creformer\u201d, helhedsplaner og finanslov.<\/p>\n<p>Af kontanthj\u00e6lpsreform, kontanthj\u00e6lpsloft, f\u00f8rtidspensionsreform, fleksjobreform.<br \/>\nDet hagler ned over os med \u00e6ndringer, der g\u00f8r livet sv\u00e6rt for store grupper af befolkningen.<!--more--><\/p>\n<p>Vi bliver ogs\u00e5 presser af kommunale budgetter som dem, der forhandles p\u00e5 r\u00e5dhuset nu. Af KL, der vil s\u00e6tte helt almindelige borgeres retssikkerhed over styr for at kommunerne selv skal bestemme. Bestemme, hvordan vores muligheder skal v\u00e6re.<\/p>\n<p>Vi m\u00e5 erkende, at hvis du, du eller du bliver syg, s\u00e5 f\u00e5r I ikke bare en f\u00f8rtidspension. I skal gennem et langt og ydmygende forl\u00f8b, hvor I sandsynligvis ender p\u00e5 kontanthj\u00e6lp. Og hvor der nu kommer loft over.<\/p>\n<p>Der er nemlig lang vej til en f\u00f8rtidspension &#8211; hvis det overhovedet er en mulighed. Ellers skal du udredes, vejes og vurderes &#8211; og vente p\u00e5 et fleksjob eller andre muligheder &#8211; som heller ikke &#8211; som slet ikke &#8211; h\u00e6nger p\u00e5 tr\u00e6erne. Mange lander i den k\u00f8, der er uden arbejde &#8211; fordi vores arbejdsmarked ikke er rummeligt nok! Det er andre interesser &#8211; end at vi alle bidrager til f\u00e6llesskabet, s\u00e5 godt vi nu kan &#8211; der t\u00e6ller.<\/p>\n<p>Det er et f\u00e6lles problem. Det er vores f\u00e6lles opgave. Jo flere vi er, jo h\u00f8jere vi kan r\u00e5be, fort\u00e6lle, argumentere og vise, at vi st\u00e5r sammen, jo sv\u00e6rere f\u00e5r de ved at gennemtrumfe deres vilje.<\/p>\n<p>Der er ikke noget, der g\u00f8r politikere mere medg\u00f8rlige, end n\u00e5r deres magt smuldrer. Og det g\u00f8r den, n\u00e5r de piller ved fundamentet i det danske velf\u00e6rdssamfund. Og det g\u00e5r hurtigt\u2026 s\u00e5 vi skal v\u00e6re p\u00e5 vagt. Vise styrke &#8211; sammenhold &#8211; og handle i f\u00e6llesskab.<\/p>\n<p>D\u00e9t har vi f\u00e6lles: v\u00e6rne om rettigheder og muligheder for alle. At stoppe den st\u00f8rre ulighed, de s\u00e5 gerne vil.<br \/>\nDet handler solidaritet om.<br \/>\nDet handler f\u00e6llesskab om.<br \/>\nDet handler velf\u00e6rd om. Tak.<\/p>\n","protected":false},"excerpt":{"rendered":"<p>Min tale ved Velf\u00e6rdsalliancens demonstration i Ringsted 15. september 2016 : Jeg kommer fra Danske Handicaporganisationer. Jeg kommer ikke kun for at fort\u00e6lle, hvor slemt handicappede har det i Danmark i dag, selv om vi alle f\u00e5r det v\u00e6rre, hvis &hellip; <a href=\"https:\/\/jan-jakobsen.dk\/?p=6367\">L\u00e6s resten <span class=\"meta-nav\">&rarr;<\/span><\/a><\/p>\n","protected":false},"author":3,"featured_media":6307,"comment_status":"open","ping_status":"open","sticky":false,"template":"","format":"standard","meta":{"footnotes":""},"categories":[4,3,1],"tags":[153,577,20,194,580,576,579,578,331,413,430],"class_list":["post-6367","post","type-post","status-publish","format-standard","has-post-thumbnail","hentry","category-blog","category-handicapdebat","category-uncategorized","tag-danske-handicaporganisationer","tag-finanslov","tag-fleksjobreform","tag-faellesskab","tag-foertidspensionsreform","tag-helhedsplaner","tag-kontanthjaelpsloft","tag-kontanthjaelpsreform","tag-reformer","tag-solidaritet","tag-velfaerd"],"_links":{"self":[{"href":"https:\/\/jan-jakobsen.dk\/index.php?rest_route=\/wp\/v2\/posts\/6367","targetHints":{"allow":["GET"]}}],"collection":[{"href":"https:\/\/jan-jakobsen.dk\/index.php?rest_route=\/wp\/v2\/posts"}],"about":[{"href":"https:\/\/jan-jakobsen.dk\/index.php?rest_route=\/wp\/v2\/types\/post"}],"author":[{"embeddable":true,"href":"https:\/\/jan-jakobsen.dk\/index.php?rest_route=\/wp\/v2\/users\/3"}],"replies":[{"embeddable":true,"href":"https:\/\/jan-jakobsen.dk\/index.php?rest_route=%2Fwp%2Fv2%2Fcomments&post=6367"}],"version-history":[{"count":3,"href":"https:\/\/jan-jakobsen.dk\/index.php?rest_route=\/wp\/v2\/posts\/6367\/revisions"}],"predecessor-version":[{"id":6371,"href":"https:\/\/jan-jakobsen.dk\/index.php?rest_route=\/wp\/v2\/posts\/6367\/revisions\/6371"}],"wp:featuredmedia":[{"embeddable":true,"href":"https:\/\/jan-jakobsen.dk\/index.php?rest_route=\/wp\/v2\/media\/6307"}],"wp:attachment":[{"href":"https:\/\/jan-jakobsen.dk\/index.php?rest_route=%2Fwp%2Fv2%2Fmedia&parent=6367"}],"wp:term":[{"taxonomy":"category","embeddable":true,"href":"https:\/\/jan-jakobsen.dk\/index.php?rest_route=%2Fwp%2Fv2%2Fcategories&post=6367"},{"taxonomy":"post_tag","embeddable":true,"href":"https:\/\/jan-jakobsen.dk\/index.php?rest_route=%2Fwp%2Fv2%2Ftags&post=6367"}],"curies":[{"name":"wp","href":"https:\/\/api.w.org\/{rel}","templated":true}]}}