{"id":6359,"date":"2016-09-07T08:00:33","date_gmt":"2016-09-07T06:00:33","guid":{"rendered":"http:\/\/jan-jakobsen.dk\/?p=6359"},"modified":"2016-09-06T22:48:33","modified_gmt":"2016-09-06T20:48:33","slug":"kom-dog-ind-i-kampen-der-venter-store-kampe-forude","status":"publish","type":"post","link":"https:\/\/jan-jakobsen.dk\/?p=6359","title":{"rendered":"Kom dog ind i kampen &#8211; der venter store kampe forude"},"content":{"rendered":"<p>Jeg har bem\u00e6rket, at bloggere og skribenter nu n\u00e6rmest konkurrerer om de mest sorte og pessimistiske beskrivelser af situationen i Danmark for mennesker med handicap.<\/p>\n<p>Jeg er ikke uenig i situationens alvor. Der er al mulig grund til bekymring. Men det \u00e6ndrer intet, at man malende underholder med skr\u00e6kscenarier, der giver alt andet end mod til at k\u00e6mpe.<\/p>\n<p>For der venter store kampe forude.<\/p>\n<div class=\"text_exposed_show\">\n<p>Vi vinder kun ved at g\u00e5 sammen med andre, der ogs\u00e5 bliver marginaliseret. Kun ved at f\u00e5 befolkningen til at forst\u00e5, at vi alle er en ressource i dette samfund. At g\u00f8re klart, at der er andre v\u00e6rdier end skattelettelser. At fort\u00e6lle vore historier og vise, at princippet om kompensation er b\u00e6redygtigt. At vise, at ogs\u00e5 vi har forst\u00e5else for helheden. At vise, at vi ogs\u00e5 har overskud til solidaritet og k\u00e6mpe for de blandt os, der ikke har ressourcer nok til at k\u00e6mpe selv. At tale positivt for mangfoldigheden. At vise, at vi vil f\u00e6llesskabet og hinanden.<\/p>\n<p>Den kamp vinder vi ikke med selvynk og sortsyn. Kun, hvis vi overbeviser den almindelige dansker om, at vi sammen kan skabe mangfoldigheden. Kom dog ind i kampen!<\/p>\n<\/div>\n","protected":false},"excerpt":{"rendered":"<p>Jeg har bem\u00e6rket, at bloggere og skribenter nu n\u00e6rmest konkurrerer om de mest sorte og pessimistiske beskrivelser af situationen i Danmark for mennesker med handicap. Jeg er ikke uenig i situationens alvor. Der er al mulig grund til bekymring. Men &hellip; <a href=\"https:\/\/jan-jakobsen.dk\/?p=6359\">L\u00e6s resten <span class=\"meta-nav\">&rarr;<\/span><\/a><\/p>\n","protected":false},"author":3,"featured_media":6307,"comment_status":"open","ping_status":"open","sticky":false,"template":"","format":"standard","meta":{"footnotes":""},"categories":[4,3,1],"tags":[],"class_list":["post-6359","post","type-post","status-publish","format-standard","has-post-thumbnail","hentry","category-blog","category-handicapdebat","category-uncategorized"],"_links":{"self":[{"href":"https:\/\/jan-jakobsen.dk\/index.php?rest_route=\/wp\/v2\/posts\/6359","targetHints":{"allow":["GET"]}}],"collection":[{"href":"https:\/\/jan-jakobsen.dk\/index.php?rest_route=\/wp\/v2\/posts"}],"about":[{"href":"https:\/\/jan-jakobsen.dk\/index.php?rest_route=\/wp\/v2\/types\/post"}],"author":[{"embeddable":true,"href":"https:\/\/jan-jakobsen.dk\/index.php?rest_route=\/wp\/v2\/users\/3"}],"replies":[{"embeddable":true,"href":"https:\/\/jan-jakobsen.dk\/index.php?rest_route=%2Fwp%2Fv2%2Fcomments&post=6359"}],"version-history":[{"count":1,"href":"https:\/\/jan-jakobsen.dk\/index.php?rest_route=\/wp\/v2\/posts\/6359\/revisions"}],"predecessor-version":[{"id":6360,"href":"https:\/\/jan-jakobsen.dk\/index.php?rest_route=\/wp\/v2\/posts\/6359\/revisions\/6360"}],"wp:featuredmedia":[{"embeddable":true,"href":"https:\/\/jan-jakobsen.dk\/index.php?rest_route=\/wp\/v2\/media\/6307"}],"wp:attachment":[{"href":"https:\/\/jan-jakobsen.dk\/index.php?rest_route=%2Fwp%2Fv2%2Fmedia&parent=6359"}],"wp:term":[{"taxonomy":"category","embeddable":true,"href":"https:\/\/jan-jakobsen.dk\/index.php?rest_route=%2Fwp%2Fv2%2Fcategories&post=6359"},{"taxonomy":"post_tag","embeddable":true,"href":"https:\/\/jan-jakobsen.dk\/index.php?rest_route=%2Fwp%2Fv2%2Ftags&post=6359"}],"curies":[{"name":"wp","href":"https:\/\/api.w.org\/{rel}","templated":true}]}}