{"id":6328,"date":"2016-08-31T15:22:39","date_gmt":"2016-08-31T13:22:39","guid":{"rendered":"http:\/\/jan-jakobsen.dk\/?p=6328"},"modified":"2016-08-31T15:44:09","modified_gmt":"2016-08-31T13:44:09","slug":"endnu-en-paa-sinkadusen","status":"publish","type":"post","link":"https:\/\/jan-jakobsen.dk\/?p=6328","title":{"rendered":"Endnu \u00e9n p\u00e5 sinkadusen"},"content":{"rendered":"<p>Endnu \u00e9n p\u00e5 sinkadusen til de, der ikke kan arbejde. Det er mit f\u00f8rste indtryk af regeringens tyve25-plan.<\/p>\n<p>Man skal l\u00e6se det, der ikke st\u00e5r i den nye tyve25-plan, som regeringen har lagt frem. Det er helt n\u00f8dvendigt, hvis man vil bag om det, der ganske lovende kaldes en\u00a0\u201chelhedsplan\u201d.<!--more-->En helhedsplan er for mig at se en plan, der ser p\u00e5 samfundet som helhed &#8211; alts\u00e5 en alsidig plan, der tager h\u00f8jde for alle v\u00e6sentlige aspekter. Det g\u00f8r mig urolig, for en genneml\u00e6sning af planen giver ingen svar p\u00e5, hvordan bl.a. mennesker med handicap t\u00e6nkes ind i den helhed, regeringen forestiller sig.<\/p>\n<p>Planen l\u00e6gger ellers godt ud med floromvunden patos som\u00a0\u201c&#8230;Et velf\u00e6rdssamfund, hvor den enkelte har frihed og muligheder \u2013 og hvor vi passer godt p\u00e5 hinanden\u2026\u201d,\u00a0\u201c ..En helhedsplan, som vil give den helt almindelige h\u00e5rdt arbejdende dansker h\u00f8jere indkomst, lavere skat, bedre velf\u00e6rd, mere tryghed og flere muligheder\u2026\u201d.<\/p>\n<p>Stilen kan naturligvis ikke holdes og snart kommer realiteterne p\u00e5 bordet. De fort\u00e6ller, at der er tale om en helhedsplan \u201c&#8230;som vil g\u00f8re vores samfund st\u00e6rkere, tryggere og mere robust. En helhedsplan, som vil give hele Danmark flere gode jobs, st\u00e6rkere virksomheder, en sundere offentlig \u00f8konomi og styr p\u00e5 flygtningestr\u00f8mmen\u2026\u201d.<\/p>\n<p>Flere gode jobs betyder, med regeringens egne ord,\u00a0\u201c&#8230;Flere skal ud af passiv fors\u00f8rgelse og med i arbejdsf\u00e6llesskabet \u2013 til gavn for den enkelte og for samfundet\u2026\u201d og at\u00a0\u201c\u2026det bedre kan betale sig at arbejde\u2026&#8221;. Ikke \u00e9t ord om, hvilke arbejdsmuligheder, der er for de, der er p\u00e5 kontanthj\u00e6lpslignende ydelser og hvor unders\u00f8gelser uafh\u00e6ngigt af hinanden viser at omkring 75% af de, der er p\u00e5 s\u00e5danne ydelser, har en funktionsneds\u00e6ttelse. Det g\u00f8r, at funktionsneds\u00e6ttelser bliver en ganske v\u00e6sentlig barriere for at komme i arbejde.<\/p>\n<p>For ikke s\u00e5 l\u00e6nge siden var dansk socialr\u00e5dgiverforening ude og advare mod disse konsekvenser.\u00a0Majbrit Berlau, formand for Dansk Socialr\u00e5dgiverforening, sl\u00e5r fast i et debatindl\u00e6g p\u00e5 Altinget\u00a018. august 2016, at\u00a0\u201c ..de seneste \u00e5rs reformer p\u00e5 besk\u00e6ftigelsesomr\u00e5det har sendt tusindvis af psykisk og fysisk syge, nedslidte, handicappede og borgere med store sociale og misbrugsrelaterede problemer ud i kontanthj\u00e6lpssystemet\u2026\u201d og at\u00a0\u201c\u2026en unders\u00f8gelse foretaget af Dansk Socialr\u00e5dgiverforening i for\u00e5ret viser, at helt op mod 90 procent af kontanthj\u00e6lpsmodtagerne har fysiske og\/eller psykiske helbredsproblemer som medvirkende \u00e5rsager til, at de st\u00e5r uden for arbejdsmarkedet\u2026\u201d.<\/p>\n<p>Altsammen noget, der er med til at vise, at der er langt st\u00f8rre kompleksitet i problemerne, end det, der er blevet regeringens mantra og gulerod: &#8220;Det skal kunne betale sig at arbejde\u201d. \u00d8konomisk incitament synes at v\u00e6re eneste svar p\u00e5 fra regeringen p\u00e5 alle problemer. En virkelighedsflugt, der gang p\u00e5 gang er gjort opm\u00e6rksom p\u00e5 fra bl.a. handicapbev\u00e6gelsens side, helt tilbage fra da Mette Frederiksen kn\u00e6satte princippet med f\u00f8rtidspensions- og fleksjob-\u201creformen&#8221;.<\/p>\n<p>Mens regeringen er omhyggelig med at fort\u00e6lle, hvem man lefler for i sin plan, er man lige s\u00e5 uhyggeligt omhyggelig med ikke at n\u00e6vne de, der st\u00e5r udenfor. Mens man vil lette\u00a0\u201c&#8230;skatten for de mindste arbejdsindkomster\u2026\u201d og\u00a0\u201c&#8230;indf\u00f8re et nyt jobfradrag, som er m\u00e5lrettet de lavest l\u00f8nnede\u2026\u201d\u00a0Konsekvensen skulle v\u00e6re, at det\u00a0\u201c&#8230;\u00f8ger gevinsten ved at arbejde med op mod 4.500 kr. om \u00e5ret\u2026\u201d. Fint nok for dem, der passer p\u00e5 n\u00f8jagtigt ind i regeringens forvr\u00e6ngede\u00a0\u201c verdensbillede, og derfor kan komme i arbejde &#8211; nu ogs\u00e5 med bonus. Men hvad med dem, der st\u00e5r udenfor og er f.eks. p\u00e5 f\u00f8rtidspension? Planen \u00f8ger uligheden i det danske samfund.<\/p>\n<p>Samtidig skal vi spare op til egen alderdom. Planen konstaterer, at der \u201c&#8230;er i dag omkring 750.000 voksne danskere, der slet ikke \u2013 eller ikke i tilstr\u00e6kkeligt omfang \u2013 sparer op til deres alderdom. Det kan skyldes, at man i l\u00e6ngere perioder har v\u00e6ret uden for arbejdsmarkedet\u2026\u201d. Ingen analyse af, hvem og hvorfor man st\u00e5r uden for arbejdsmarkedet. For denne gruppe bliver det n\u00e6rmest umuligt at foretage opsparingen. Gruppen indeholder ogs\u00e5 mange med handicap. Endnu en sk\u00e6vvridning.<\/p>\n<p>N\u00e5r pensionsalderen h\u00e6ves\u00a0\u201clidt\u201d er det ikke mindst en trussel mod mennesker med handicap, der er p\u00e5 det almindelige arbejdsmarked. Der tales om fleksjob, som vi ikke m\u00e5 glemme i forvejen har lagt voldsomme begr\u00e6nsninger p\u00e5 indtjeningen. Ogs\u00e5 det skaber st\u00f8rre ulighed.<\/p>\n<p>Til sidst lidt fakta om planen. En s\u00f8gning p\u00e5 fem centrale ord gav dette resultat:<\/p>\n<p><a href=\"https:\/\/jan-jakobsen.dk\/https:\/\/jan-jakobsen.dk\/wp-content\/uploads\/2016\/08\/s\u00f8gning-tyve25.png\"><img loading=\"lazy\" decoding=\"async\" class=\"alignleft size-full wp-image-6329\" src=\"https:\/\/jan-jakobsen.dk\/https:\/\/jan-jakobsen.dk\/wp-content\/uploads\/2016\/08\/s\u00f8gning-tyve25.png\" alt=\"s\u00f8gning tyve25\" width=\"391\" height=\"162\" srcset=\"https:\/\/jan-jakobsen.dk\/http:\/\/jan-jakobsen.dk\/wp-content\/uploads\/2016\/08\/s\u00f8gning-tyve25.png 391w, https:\/\/jan-jakobsen.dk\/http:\/\/jan-jakobsen.dk\/wp-content\/uploads\/2016\/08\/s\u00f8gning-tyve25-300x124.png 300w\" sizes=\"auto, (max-width: 391px) 100vw, 391px\" \/><\/a><\/p>\n<p>Som det kan ses gav ordene handicap, funktionsneds\u00e6ttelse og inklusion 0 resultater tilsammen.<\/p>\n<p>F\u00f8rtidspension gav et resultat i denne sammenh\u00e6ng:\u00a0\u201c&#8230;Personer, der er nedslidte, eller som af andre \u00e5rsager ikke kan forts\u00e6tte med at arbejde frem til efterl\u00f8ns- eller folkepensionsalderen, vil fortsat kunne benytte sig af de eksisterende muligheder for at tr\u00e6kke sig tilbage fra arbejdsmarkedet med (senior)f\u00f8rtidspension eller blive visiteret til fleksjob, hvor der tages s\u00e6rlige sk\u00e5nehensyn. ..\u201d.<\/p>\n<p>Fleksjob gav hele tre matches. Reelt kun to, da 3. gang er i en opsummering. F\u00f8rste gang indg\u00e5r ogs\u00e5 ovenfor. Det n\u00e6ste er, hvor man omtaler indf\u00f8relse af\u00a0\u201c &#8230;en ny seniorfleksjobordning for nedslidte, hvor jobbet kan blive tilpasset den enkelte medarbejders behov, og hvor visitationen til ordningen sker efter enkle procedurer\u2026\u201d.<\/p>\n<p>Jeg er ikke i tvivl om at planen er god. Den skal nok give st\u00e6rkere virksomheder, en sundere offentlig \u00f8konomi og styr p\u00e5 flygtningestr\u00f8mmen. Men der alt alt for meget, den ikke tager h\u00f8jde for.\u00a0Reelt eksisterer handicap og andre potentelt udsatte ikke i den helhedsplan, regeringen har som\u00a0\u201cvision\u201d. Vi er tilsyneladende ikke i stand til at g\u00f8re indtryk p\u00e5 en ellers, efter eget udsagn, ambiti\u00f8s regering. Det er kun os selv, der kan \u00e6ndre p\u00e5 den situation.<\/p>\n<p>Set fra min stol er planen langt fra, hvad jeg kan \u00f8nske af en plan med det ambiti\u00f8se m\u00e5l at sikre \u201c&#8230;h\u00f8jere indkomst, lavere skat, bedre velf\u00e6rd, mere tryghed og flere muligheder..\u201d.<\/p>\n","protected":false},"excerpt":{"rendered":"<p>Endnu \u00e9n p\u00e5 sinkadusen til de, der ikke kan arbejde. Det er mit f\u00f8rste indtryk af regeringens tyve25-plan. Man skal l\u00e6se det, der ikke st\u00e5r i den nye tyve25-plan, som regeringen har lagt frem. Det er helt n\u00f8dvendigt, hvis man &hellip; <a href=\"https:\/\/jan-jakobsen.dk\/?p=6328\">L\u00e6s resten <span class=\"meta-nav\">&rarr;<\/span><\/a><\/p>\n","protected":false},"author":3,"featured_media":0,"comment_status":"open","ping_status":"open","sticky":false,"template":"","format":"standard","meta":{"footnotes":""},"categories":[4,3,1],"tags":[575,574,573,569,572,570,21,571,567,568,565,430,202,566],"class_list":["post-6328","post","type-post","status-publish","format-standard","hentry","category-blog","category-handicapdebat","category-uncategorized","tag-dkpol","tag-sammenmodulighed","tag-tyve25","tag-flygtningestroemmen","tag-foertidspensions-og-fleksjob-reformen","tag-majbrit-berlau","tag-mette-frederiksen","tag-opsparing-alderdom","tag-staerkere-virksomheder","tag-sund-offentlig-oekonomi","tag-tyve25-plan","tag-velfaerd","tag-venstre","tag-venstreregeringen"],"_links":{"self":[{"href":"https:\/\/jan-jakobsen.dk\/index.php?rest_route=\/wp\/v2\/posts\/6328","targetHints":{"allow":["GET"]}}],"collection":[{"href":"https:\/\/jan-jakobsen.dk\/index.php?rest_route=\/wp\/v2\/posts"}],"about":[{"href":"https:\/\/jan-jakobsen.dk\/index.php?rest_route=\/wp\/v2\/types\/post"}],"author":[{"embeddable":true,"href":"https:\/\/jan-jakobsen.dk\/index.php?rest_route=\/wp\/v2\/users\/3"}],"replies":[{"embeddable":true,"href":"https:\/\/jan-jakobsen.dk\/index.php?rest_route=%2Fwp%2Fv2%2Fcomments&post=6328"}],"version-history":[{"count":4,"href":"https:\/\/jan-jakobsen.dk\/index.php?rest_route=\/wp\/v2\/posts\/6328\/revisions"}],"predecessor-version":[{"id":6334,"href":"https:\/\/jan-jakobsen.dk\/index.php?rest_route=\/wp\/v2\/posts\/6328\/revisions\/6334"}],"wp:attachment":[{"href":"https:\/\/jan-jakobsen.dk\/index.php?rest_route=%2Fwp%2Fv2%2Fmedia&parent=6328"}],"wp:term":[{"taxonomy":"category","embeddable":true,"href":"https:\/\/jan-jakobsen.dk\/index.php?rest_route=%2Fwp%2Fv2%2Fcategories&post=6328"},{"taxonomy":"post_tag","embeddable":true,"href":"https:\/\/jan-jakobsen.dk\/index.php?rest_route=%2Fwp%2Fv2%2Ftags&post=6328"}],"curies":[{"name":"wp","href":"https:\/\/api.w.org\/{rel}","templated":true}]}}