{"id":6323,"date":"2016-08-22T15:20:55","date_gmt":"2016-08-22T13:20:55","guid":{"rendered":"http:\/\/jan-jakobsen.dk\/?p=6323"},"modified":"2016-08-31T15:24:42","modified_gmt":"2016-08-31T13:24:42","slug":"handling-ikke-afmagt","status":"publish","type":"post","link":"https:\/\/jan-jakobsen.dk\/?p=6323","title":{"rendered":"Handling &#8211; ikke afmagt!"},"content":{"rendered":"<p>Jeg er enig i den analyse og de synspunkter, som Lisbeth Riisager Henriksen p\u00e5 det seneste har lagt frem dels i artiklen &#8220;<a href=\"http:\/\/www.altinget.dk\/social\/artikel\/forfatter-dehumaniseringen-af-syge-og-arbejdsloese-er-farlig\">Dehumaniseringen af syge og arbejdsl\u00f8se er farlig<\/a>\u201d p\u00e5 Altinget 9. august 2016 og blogindl\u00e6gget &#8220;<a href=\"http:\/\/www.avisen.dk\/blogger-kommunal-sagsbehandling-er-paa-kanten-af-tor_402019.aspx\">Kommunal sagsbehandling er p\u00e5 kanten af tortur<\/a>\u201d p\u00e5 avisen.dk 19. august 2016. Situationen er st\u00e6rkt bekymrende. Netop derfor er det i s\u00e6rdeleshed bekymrende, at indl\u00e6ggene stopper d\u00e9r, hvor hovedv\u00e6gten burde ligge: Hvad g\u00f8r vi ved det? Det er helt n\u00f8dvendige overvejelser, n\u00e5r vi anser noget for farligt.<!--more--><\/p>\n<p>At konklusionen er en l\u00f8ftet humanistisk pegefinger og en appel til at politikerne finder menneskeligheden frem igen, er ikke anvendeligt p\u00e5 baggrund af alvoren. At sammenligne situationen med tortur giver ogs\u00e5 en vis mening, hvis man gerne vil forklare situationens alvor og v\u00e6re med til at vise nye muligheder. Indl\u00e6ggene n\u00e5r dog ikke videre end at tr\u00e6kke noget, der ligner et nazi-kort. I v\u00e6rste fald f\u00f8rer det til endnu mere individuel angst og demobilisering hos det enkelte menneske, der er og f\u00f8ler sig ramt af denne reelle trussel, vi p\u00e5 kanten af udst\u00f8delse oplever.<\/p>\n<p>Jeg ser ikke mennesker med fysiske og\/eller psykiske funktionsneds\u00e6ttelser som udsatte pr. definition. Men gr\u00e6nsen er h\u00e5rfin. Faren er ikke mindst, hvis vi selv kun form\u00e5r at tegne et billede af h\u00e5bl\u00f8shed og afh\u00e6ngighed.\u00a0Min indfaldsvinkel er handicap. P\u00e5 det omr\u00e5de har vi de seneste \u00e5r set en r\u00e6kke overgreb gennem reformer, der i princippet er rettet mod forskellige grupper i befolkningen. De har dog s\u00e5 godt som alle ramt mennesker med handicap og gjort vores liv og dagligdag endnu sv\u00e6rere end f\u00f8r. Det betyder, at vi m\u00e5\u00a0have fokus p\u00e5, hvordan vi kan bidrage i de f\u00e6llesskaber, der som os er imod b\u00e5de vedtagne og kommende reformer. Vi har for mig at se st\u00e6rke ressourceri gruppen af mennesker med handicap. Vi er en aktiv ressource og ikke ofre, der handles med &#8211; hvis vi vel at m\u00e6rke ser os selv som s\u00e5danne.<\/p>\n<p>Lisbeth Riisager Henriksen har helt ret i, at dehumaniseringen best\u00e5r i, at \u201c&#8230;man g\u00f8r den anden til et mindrev\u00e6rdigt v\u00e6sen uden menneskelige kvaliteter. I det \u00f8jeblik bliver det sv\u00e6rere at identificere sig med den anden, og s\u00e5 er der lettere adgang til at slukke for empati og moralske forpligtelser \u2013 og dermed til at udf\u00f8re onde handlinger\u2026\u201d Heraf kommer ogs\u00e5 sammenligningen med tortur. Vi er dog n\u00f8dt til at stille os selv sp\u00f8rgsm\u00e5let: hvorfor onde handlinger? Det er efter min mening forfejlet, hvis man tror, at det er lyst til ondskab, der er drivkraften. Det skyldes derimod modsatrettede samfundsm\u00e6ssige og \u00f8konomiske interesser.<\/p>\n<p>I den nuv\u00e6rende\u00a0 politiske situation styrer \u00f8konomien p\u00e5 alle samfundsniveauer. Det er sker i en grad og med en hastighed, der har overrasket os og gjort os handlingslammede. En situation, vi m\u00e5 g\u00f8re op med i stedet for at lade os passivisere i den nedbrydende angst for, hvad der m\u00e5 komme som f\u00f8lge af dehumaniseringen. Vejen frem er erkendelsen af, at vi er n\u00f8dt til at st\u00e5 sammen mod dehumaniseringen og vende billedet af magt og afmagt. Den kr\u00e6ver, at vi er meget aktive, ikke lader os passivisere i angst og ikke foreg\u00f8gler os, at vi rykker noget v\u00e6sentligt med appeller.<\/p>\n<p>Humanismen havde stor indflydelse p\u00e5 velf\u00e6rdsstaten, men er virkningsl\u00f8s over for den konkurrencestat, der i dag er realiteten. Der er er tale om et internationalt f\u00e6nomen med krav om ekspansions- og indtjeningsmuligheder for kapitalinteresser, der er mere\u00a0str\u00f8mlinede end dem, vi hidtil har kendt til. Det har ogs\u00e5 f\u00f8rt til overnational styring af \u00f8konomien i de enkelte medlemslande i EU. Det mindsker mulighederne for selvst\u00e6ndige socialpolitik og er endnu et element, der kan \u00f8ge magtesl\u00f8shed og inaktivitet hos befolkningen.\u00a0Der er brug for et massivt modspil, hvor vi samler os om at stoppe de st\u00e6rke kr\u00e6fter, vi er oppe imod. Der er brug for mange alliancer, og der er ud over den beskrivelse af situationen, som jeg er enig i, ogs\u00e5 brug for, at vi konstruktivt arbejder med konkrete modspil til, den politik, der g\u00f8r s\u00e5 mange ondt.<\/p>\n<p>Herhjemme er et t\u00e6ttere samarbejde mellem de enkelte handicap- og sygdomsforeninger, for\u00e6ldre- og p\u00e5r\u00f8rendegrupper for de mest s\u00e5rbare grupper,brugerorganisationer som ULF,\u00a0fagbev\u00e6gelsen, tv\u00e6rinitiativer som Velf\u00e6rdsalliancen\u00a0 osv. en n\u00f8dvendighed &#8211; blot for at n\u00e6vne nogle eksempler. Internationalt m\u00e5 vi udbygge samarbejdet med organisationer og l\u00e6re af deres metoder og aktionsformer. Det kan f.eks. v\u00e6re den engelske D.P.A.C. (Disabled People Against Cuts).<\/p>\n<p>Der er masser af skr\u00e6mmebilleder at hente i historien n\u00e5r det g\u00e6lder dehumanisering, fornedrelse og psykisk tortur af mennesker. Der er heldigvis ogs\u00e5 mange eksempler p\u00e5, at det er muligt at skabe ny udvikling. Det g\u00e6lder ogs\u00e5 under konkurrencestaten, selv om den byder p\u00e5 nye h\u00f8jder, n\u00e5r det g\u00e6lder gr\u00e5dighed og usselhed. Midlet er ikke en blind tro p\u00e5, at vi blot skal over dette ubehagelige kapitel i verdenshistorien, men at vise, at vi vil en anden f\u00e6lles vej. Konkurrencestaten falder dog ikke af sig selv. Det kr\u00e6ver handling. Aktiv handling fra vores og mange andres side. Det er d\u00e9n udfordring vi er n\u00f8dt til at tage op i f\u00e6llesskab. Derfor er det vigtigt med vilje til modstand, kamp\u00e5nd og vilje til at overleve. Bliver det f\u00f8rst til pessimisme og modl\u00f8shed, er vi for alvor i fedtefadet.Det tror jeg ikke nogen af os \u00f8nsker.<\/p>\n","protected":false},"excerpt":{"rendered":"<p>Jeg er enig i den analyse og de synspunkter, som Lisbeth Riisager Henriksen p\u00e5 det seneste har lagt frem dels i artiklen &#8220;Dehumaniseringen af syge og arbejdsl\u00f8se er farlig\u201d p\u00e5 Altinget 9. august 2016 og blogindl\u00e6gget &#8220;Kommunal sagsbehandling er p\u00e5 &hellip; <a href=\"https:\/\/jan-jakobsen.dk\/?p=6323\">L\u00e6s resten <span class=\"meta-nav\">&rarr;<\/span><\/a><\/p>\n","protected":false},"author":3,"featured_media":0,"comment_status":"open","ping_status":"open","sticky":false,"template":"","format":"standard","meta":{"footnotes":""},"categories":[4,3,1],"tags":[],"class_list":["post-6323","post","type-post","status-publish","format-standard","hentry","category-blog","category-handicapdebat","category-uncategorized"],"_links":{"self":[{"href":"https:\/\/jan-jakobsen.dk\/index.php?rest_route=\/wp\/v2\/posts\/6323","targetHints":{"allow":["GET"]}}],"collection":[{"href":"https:\/\/jan-jakobsen.dk\/index.php?rest_route=\/wp\/v2\/posts"}],"about":[{"href":"https:\/\/jan-jakobsen.dk\/index.php?rest_route=\/wp\/v2\/types\/post"}],"author":[{"embeddable":true,"href":"https:\/\/jan-jakobsen.dk\/index.php?rest_route=\/wp\/v2\/users\/3"}],"replies":[{"embeddable":true,"href":"https:\/\/jan-jakobsen.dk\/index.php?rest_route=%2Fwp%2Fv2%2Fcomments&post=6323"}],"version-history":[{"count":4,"href":"https:\/\/jan-jakobsen.dk\/index.php?rest_route=\/wp\/v2\/posts\/6323\/revisions"}],"predecessor-version":[{"id":6332,"href":"https:\/\/jan-jakobsen.dk\/index.php?rest_route=\/wp\/v2\/posts\/6323\/revisions\/6332"}],"wp:attachment":[{"href":"https:\/\/jan-jakobsen.dk\/index.php?rest_route=%2Fwp%2Fv2%2Fmedia&parent=6323"}],"wp:term":[{"taxonomy":"category","embeddable":true,"href":"https:\/\/jan-jakobsen.dk\/index.php?rest_route=%2Fwp%2Fv2%2Fcategories&post=6323"},{"taxonomy":"post_tag","embeddable":true,"href":"https:\/\/jan-jakobsen.dk\/index.php?rest_route=%2Fwp%2Fv2%2Ftags&post=6323"}],"curies":[{"name":"wp","href":"https:\/\/api.w.org\/{rel}","templated":true}]}}